{"id":9280,"date":"2021-01-25T13:40:57","date_gmt":"2021-01-25T12:40:57","guid":{"rendered":"https:\/\/nyanpereira.fr\/dessinateur\/?p=9280"},"modified":"2021-04-28T07:47:11","modified_gmt":"2021-04-28T06:47:11","slug":"metier-dessinateur-concepteur-de-film-publicitaire","status":"publish","type":"post","link":"https:\/\/nyanpereira.fr\/dessinateur\/metier-dessinateur-concepteur-de-film-publicitaire\/","title":{"rendered":"M\u00c9TIER Dessinateur de Film Publicitaire"},"content":{"rendered":"<p><strong>\u00catre dessinateur concepteur de film publicitaire consiste \u00e0 concr\u00e9tiser sur papier <\/strong><span style=\"color: #999999;\"><em>(Ou aujourd\u2019hui plut\u00f4t directement sur tablette graphique&#8230;)<\/em> <\/span>Le projet n\u00e9 dans la t\u00eate d&rsquo;un CR \/ <strong>concepteur r\u00e9dacteur ou r\u00e9alisateur<\/strong> via le storyboard, le dessin ou sc\u00e9nographie. Des dessins techniques en Noir &amp; blanc ou en couleur ? <em><span style=\"color: #999999;\">\u00c0 vous de voir !<\/span>\u00a0 <\/em>Int\u00e9grant des intentions de d\u00e9cors, de stylismes ou de cadrages en passant par le mouvement de camera et les intentions de lumi\u00e8res. <span style=\"color: #999999;\"><em>(l\u2019atmosph\u00e8re, l\u2019\u00e9clairage, l\u2019ambiance&#8230;<\/em><\/span>) <strong>En d&rsquo;autres termes, Mon M\u00c9TIER est de concevoir un cahier des charges artistique complet permettant de chiffrer une production publicitaire ou cin\u00e9matographique. Mais surtout d&rsquo;organiser le travail des \u00e9quipes de production lors d&rsquo;un tournage<\/strong>. Comme par exemple un spot TV, une web s\u00e9rie, un clip de musique ou animation 2D &#8211; 3D.<\/p>\n<p><a href=\"https:\/\/nyanpereira.fr\/dessinateur\/gallery\/roughman-dessinnateur-croquis-crayon-papier-paris\/\"><img loading=\"lazy\" class=\"alignleft size-full wp-image-8891\" src=\"https:\/\/nyanpereira.fr\/dessinateur\/wp-content\/uploads\/2014\/03\/planche.storyboard.tournages.film_.publicitaire-min.jpg\" alt=\"planche storyboard tournages film publicitaire\" width=\"945\" height=\"650\" \/><\/a><\/p>\n<h3>En quoi consiste le m\u00e9tier ?<\/h3>\n<p>Un dessinateur de film est associ\u00e9 aux projets les plus vari\u00e9s du cin\u00e9ma et la communication. Il d\u00e9finit le d\u00e9cors et les mouvements d&rsquo;une sc\u00e8ne de film \u00e0 l&rsquo;aide de vignette storyboard, afin qu&rsquo;il puisse \u00eatre filmer avec pr\u00e9cision. Il constitue une maquette num\u00e9rique du film <a href=\"https:\/\/nyanpereira.fr\/dessinateur\/galleries\/storyboard-pub\/\">(story-board)<\/a> et ainsi permet de <strong>pr\u00e9senter tout les plans en d\u00e9tail de chaque sc\u00e8ne qui compose un film<\/strong>. Avec ses diff\u00e9rents d\u00e9cors, ambiance, cadrage, mouvement de cam\u00e9ra.<\/p>\n<p><a href=\"https:\/\/nyanpereira.fr\/dessinateur\/gallery\/roughs-dessin-couleurs-region-paca-nice\/\"><img loading=\"lazy\" class=\"alignleft size-full wp-image-8893\" src=\"https:\/\/nyanpereira.fr\/dessinateur\/wp-content\/uploads\/2014\/03\/planche.storyboard.tournages.film_.publicitaire3-min.jpg\" alt=\"planche storyboard tournages film publicitaire\" width=\"945\" height=\"650\" \/><\/a><\/p>\n<h3>La Nature du travail ?<\/h3>\n<p>Voici une synth\u00e8se des comp\u00e9tences d&rsquo;un dessinateur sp\u00e9cialis\u00e9 dans la Publicit\u00e9 :<\/p>\n<ul>\n<li style=\"list-style-type: none;\">\n<ul>\n<li>Mat\u00e9rialiser une id\u00e9e rapidment d&rsquo;un coup de coup de crayon affut\u00e9<\/li>\n<li>Retranscrire la vision technique d&rsquo;un r\u00e9alisateur \/ Cadrage, mouvement, attitudes, lumi\u00e8re&#8230;<\/li>\n<li>Maitrise du dessin papier et digital \/ tablette graphique<\/li>\n<li>Techniques de communication &amp; Connaissances informatiques \/ PAO \/ CAO &amp; DAO (dessin assist\u00e9 par ordinateur)<\/li>\n<li>Culture Artistique, cin\u00e9matographique &amp; Sens de l&rsquo;esth\u00e9tisme<\/li>\n<li>Avant le BAC \/ BT dessinateur maquettiste &amp; Beau Art<\/li>\n<li>Apr\u00e8s BAC \/ BTS Communication visuelle option graphisme, \u00e9dition &amp; la publicit\u00e9<\/li>\n<\/ul>\n<p><a href=\"https:\/\/nyanpereira.fr\/dessinateur\/gallery\/pop-up-store-magasin-ephemere-design-concept-store\/\"><img loading=\"lazy\" class=\"alignleft size-full wp-image-8892\" src=\"https:\/\/nyanpereira.fr\/dessinateur\/wp-content\/uploads\/2014\/03\/planche.storyboard.tournages.film_.publicitaire2-min.jpg\" alt=\"planche storyboard tournages film publicitaire\" width=\"945\" height=\"650\" \/><\/a><\/li>\n<\/ul>\n","protected":false},"excerpt":{"rendered":"","protected":false},"author":1,"featured_media":8891,"comment_status":"closed","ping_status":"closed","sticky":false,"template":"","format":"standard","meta":[],"categories":[344,62],"tags":[399,367,398],"yoast_head":"<!-- This site is optimized with the Yoast SEO plugin v17.9 - https:\/\/yoast.com\/wordpress\/plugins\/seo\/ -->\n<title>M\u00c9TIER Dessinateur de Film Publicitaire - Service Cr\u00e9atif &amp; Pr\u00e9sentation Artistique<\/title>\n<meta name=\"robots\" content=\"index, follow, max-snippet:-1, max-image-preview:large, max-video-preview:-1\" \/>\n<link rel=\"canonical\" href=\"https:\/\/nyanpereira.fr\/dessinateur\/metier-dessinateur-concepteur-de-film-publicitaire\/\" \/>\n<meta property=\"og:locale\" content=\"fr_FR\" \/>\n<meta property=\"og:type\" content=\"article\" \/>\n<meta property=\"og:title\" content=\"M\u00c9TIER Dessinateur de Film Publicitaire - Service Cr\u00e9atif &amp; Pr\u00e9sentation Artistique\" \/>\n<meta property=\"og:url\" content=\"https:\/\/nyanpereira.fr\/dessinateur\/metier-dessinateur-concepteur-de-film-publicitaire\/\" \/>\n<meta property=\"og:site_name\" content=\"Service Cr\u00e9atif &amp; Pr\u00e9sentation Artistique\" \/>\n<meta property=\"article:published_time\" content=\"2021-01-25T12:40:57+00:00\" \/>\n<meta property=\"article:modified_time\" content=\"2021-04-28T06:47:11+00:00\" \/>\n<meta property=\"og:image\" content=\"https:\/\/nyanpereira.fr\/dessinateur\/wp-content\/uploads\/2014\/03\/planche.storyboard.tournages.film_.publicitaire-min.jpg\" \/>\n\t<meta property=\"og:image:width\" content=\"945\" \/>\n\t<meta property=\"og:image:height\" content=\"650\" \/>\n\t<meta property=\"og:image:type\" content=\"image\/jpeg\" \/>\n<meta name=\"twitter:card\" content=\"summary_large_image\" \/>\n<meta name=\"twitter:label1\" content=\"\u00c9crit par\" \/>\n\t<meta name=\"twitter:data1\" content=\"dessinateur\" \/>\n\t<meta name=\"twitter:label2\" content=\"Dur\u00e9e de lecture estim\u00e9e\" \/>\n\t<meta name=\"twitter:data2\" content=\"2 minutes\" \/>\n<script type=\"application\/ld+json\" class=\"yoast-schema-graph\">{\"@context\":\"https:\/\/schema.org\",\"@graph\":[{\"@type\":\"Organization\",\"@id\":\"https:\/\/nyanpereira.fr\/dessinateur\/#organization\",\"name\":\"storyboarder Freelance\",\"url\":\"https:\/\/nyanpereira.fr\/dessinateur\/\",\"sameAs\":[],\"logo\":{\"@type\":\"ImageObject\",\"@id\":\"https:\/\/nyanpereira.fr\/dessinateur\/#logo\",\"inLanguage\":\"fr-FR\",\"url\":\"\",\"contentUrl\":\"\",\"caption\":\"storyboarder Freelance\"},\"image\":{\"@id\":\"https:\/\/nyanpereira.fr\/dessinateur\/#logo\"}},{\"@type\":\"WebSite\",\"@id\":\"https:\/\/nyanpereira.fr\/dessinateur\/#website\",\"url\":\"https:\/\/nyanpereira.fr\/dessinateur\/\",\"name\":\"Service Cr\\u00e9atif &amp; Pr\\u00e9sentation Artistique\",\"description\":\"Roughs, Storyboard, Antimatic &amp; Photomontage\",\"publisher\":{\"@id\":\"https:\/\/nyanpereira.fr\/dessinateur\/#organization\"},\"potentialAction\":[{\"@type\":\"SearchAction\",\"target\":{\"@type\":\"EntryPoint\",\"urlTemplate\":\"https:\/\/nyanpereira.fr\/dessinateur\/?s={search_term_string}\"},\"query-input\":\"required name=search_term_string\"}],\"inLanguage\":\"fr-FR\"},{\"@type\":\"ImageObject\",\"@id\":\"https:\/\/nyanpereira.fr\/dessinateur\/metier-dessinateur-concepteur-de-film-publicitaire\/#primaryimage\",\"inLanguage\":\"fr-FR\",\"url\":\"https:\/\/nyanpereira.fr\/dessinateur\/wp-content\/uploads\/2014\/03\/planche.storyboard.tournages.film_.publicitaire-min.jpg\",\"contentUrl\":\"https:\/\/nyanpereira.fr\/dessinateur\/wp-content\/uploads\/2014\/03\/planche.storyboard.tournages.film_.publicitaire-min.jpg\",\"width\":945,\"height\":650,\"caption\":\"planche storyboard tournages film publicitaire\"},{\"@type\":\"WebPage\",\"@id\":\"https:\/\/nyanpereira.fr\/dessinateur\/metier-dessinateur-concepteur-de-film-publicitaire\/#webpage\",\"url\":\"https:\/\/nyanpereira.fr\/dessinateur\/metier-dessinateur-concepteur-de-film-publicitaire\/\",\"name\":\"M\\u00c9TIER Dessinateur de Film Publicitaire - Service Cr\\u00e9atif &amp; Pr\\u00e9sentation Artistique\",\"isPartOf\":{\"@id\":\"https:\/\/nyanpereira.fr\/dessinateur\/#website\"},\"primaryImageOfPage\":{\"@id\":\"https:\/\/nyanpereira.fr\/dessinateur\/metier-dessinateur-concepteur-de-film-publicitaire\/#primaryimage\"},\"datePublished\":\"2021-01-25T12:40:57+00:00\",\"dateModified\":\"2021-04-28T06:47:11+00:00\",\"breadcrumb\":{\"@id\":\"https:\/\/nyanpereira.fr\/dessinateur\/metier-dessinateur-concepteur-de-film-publicitaire\/#breadcrumb\"},\"inLanguage\":\"fr-FR\",\"potentialAction\":[{\"@type\":\"ReadAction\",\"target\":[\"https:\/\/nyanpereira.fr\/dessinateur\/metier-dessinateur-concepteur-de-film-publicitaire\/\"]}]},{\"@type\":\"BreadcrumbList\",\"@id\":\"https:\/\/nyanpereira.fr\/dessinateur\/metier-dessinateur-concepteur-de-film-publicitaire\/#breadcrumb\",\"itemListElement\":[{\"@type\":\"ListItem\",\"position\":1,\"name\":\"Accueil\",\"item\":\"https:\/\/nyanpereira.fr\/dessinateur\/\"},{\"@type\":\"ListItem\",\"position\":2,\"name\":\"M\\u00c9TIER Dessinateur de Film Publicitaire\"}]},{\"@type\":\"Article\",\"@id\":\"https:\/\/nyanpereira.fr\/dessinateur\/metier-dessinateur-concepteur-de-film-publicitaire\/#article\",\"isPartOf\":{\"@id\":\"https:\/\/nyanpereira.fr\/dessinateur\/metier-dessinateur-concepteur-de-film-publicitaire\/#webpage\"},\"author\":{\"@id\":\"https:\/\/nyanpereira.fr\/dessinateur\/#\/schema\/person\/d771f144e8b1bdf8b790b02ba31f71d2\"},\"headline\":\"M\\u00c9TIER Dessinateur de Film Publicitaire\",\"datePublished\":\"2021-01-25T12:40:57+00:00\",\"dateModified\":\"2021-04-28T06:47:11+00:00\",\"mainEntityOfPage\":{\"@id\":\"https:\/\/nyanpereira.fr\/dessinateur\/metier-dessinateur-concepteur-de-film-publicitaire\/#webpage\"},\"wordCount\":335,\"publisher\":{\"@id\":\"https:\/\/nyanpereira.fr\/dessinateur\/#organization\"},\"image\":{\"@id\":\"https:\/\/nyanpereira.fr\/dessinateur\/metier-dessinateur-concepteur-de-film-publicitaire\/#primaryimage\"},\"thumbnailUrl\":\"https:\/\/nyanpereira.fr\/dessinateur\/wp-content\/uploads\/2014\/03\/planche.storyboard.tournages.film_.publicitaire-min.jpg\",\"keywords\":[\"Dessinateur Film Publicitaire\",\"Storyboard paris - Pr\\u00e9-tests Publicit\\u00e9\",\"Storyboarder Paris\"],\"articleSection\":[\"Interview &amp; R\\u00e9ference\",\"Story-boarder Pub &amp; Cin\\u00e9ma\"],\"inLanguage\":\"fr-FR\"},{\"@type\":\"Person\",\"@id\":\"https:\/\/nyanpereira.fr\/dessinateur\/#\/schema\/person\/d771f144e8b1bdf8b790b02ba31f71d2\",\"name\":\"dessinateur\",\"image\":{\"@type\":\"ImageObject\",\"@id\":\"https:\/\/nyanpereira.fr\/dessinateur\/#personlogo\",\"inLanguage\":\"fr-FR\",\"url\":\"https:\/\/secure.gravatar.com\/avatar\/acd3615833cd4e0b23d9f45973008c34?s=96&d=mm&r=g\",\"contentUrl\":\"https:\/\/secure.gravatar.com\/avatar\/acd3615833cd4e0b23d9f45973008c34?s=96&d=mm&r=g\",\"caption\":\"dessinateur\"},\"url\":\"https:\/\/nyanpereira.fr\/dessinateur\/author\/dessinateur\/\"}]}<\/script>\n<!-- \/ Yoast SEO plugin. -->","yoast_head_json":{"title":"M\u00c9TIER Dessinateur de Film Publicitaire - Service Cr\u00e9atif &amp; Pr\u00e9sentation Artistique","robots":{"index":"index","follow":"follow","max-snippet":"max-snippet:-1","max-image-preview":"max-image-preview:large","max-video-preview":"max-video-preview:-1"},"canonical":"https:\/\/nyanpereira.fr\/dessinateur\/metier-dessinateur-concepteur-de-film-publicitaire\/","og_locale":"fr_FR","og_type":"article","og_title":"M\u00c9TIER Dessinateur de Film Publicitaire - Service Cr\u00e9atif &amp; Pr\u00e9sentation Artistique","og_url":"https:\/\/nyanpereira.fr\/dessinateur\/metier-dessinateur-concepteur-de-film-publicitaire\/","og_site_name":"Service Cr\u00e9atif &amp; Pr\u00e9sentation Artistique","article_published_time":"2021-01-25T12:40:57+00:00","article_modified_time":"2021-04-28T06:47:11+00:00","og_image":[{"width":945,"height":650,"url":"https:\/\/nyanpereira.fr\/dessinateur\/wp-content\/uploads\/2014\/03\/planche.storyboard.tournages.film_.publicitaire-min.jpg","type":"image\/jpeg"}],"twitter_card":"summary_large_image","twitter_misc":{"\u00c9crit par":"dessinateur","Dur\u00e9e de lecture estim\u00e9e":"2 minutes"},"schema":{"@context":"https:\/\/schema.org","@graph":[{"@type":"Organization","@id":"https:\/\/nyanpereira.fr\/dessinateur\/#organization","name":"storyboarder Freelance","url":"https:\/\/nyanpereira.fr\/dessinateur\/","sameAs":[],"logo":{"@type":"ImageObject","@id":"https:\/\/nyanpereira.fr\/dessinateur\/#logo","inLanguage":"fr-FR","url":"","contentUrl":"","caption":"storyboarder Freelance"},"image":{"@id":"https:\/\/nyanpereira.fr\/dessinateur\/#logo"}},{"@type":"WebSite","@id":"https:\/\/nyanpereira.fr\/dessinateur\/#website","url":"https:\/\/nyanpereira.fr\/dessinateur\/","name":"Service Cr\u00e9atif &amp; Pr\u00e9sentation Artistique","description":"Roughs, Storyboard, Antimatic &amp; Photomontage","publisher":{"@id":"https:\/\/nyanpereira.fr\/dessinateur\/#organization"},"potentialAction":[{"@type":"SearchAction","target":{"@type":"EntryPoint","urlTemplate":"https:\/\/nyanpereira.fr\/dessinateur\/?s={search_term_string}"},"query-input":"required name=search_term_string"}],"inLanguage":"fr-FR"},{"@type":"ImageObject","@id":"https:\/\/nyanpereira.fr\/dessinateur\/metier-dessinateur-concepteur-de-film-publicitaire\/#primaryimage","inLanguage":"fr-FR","url":"https:\/\/nyanpereira.fr\/dessinateur\/wp-content\/uploads\/2014\/03\/planche.storyboard.tournages.film_.publicitaire-min.jpg","contentUrl":"https:\/\/nyanpereira.fr\/dessinateur\/wp-content\/uploads\/2014\/03\/planche.storyboard.tournages.film_.publicitaire-min.jpg","width":945,"height":650,"caption":"planche storyboard tournages film publicitaire"},{"@type":"WebPage","@id":"https:\/\/nyanpereira.fr\/dessinateur\/metier-dessinateur-concepteur-de-film-publicitaire\/#webpage","url":"https:\/\/nyanpereira.fr\/dessinateur\/metier-dessinateur-concepteur-de-film-publicitaire\/","name":"M\u00c9TIER Dessinateur de Film Publicitaire - Service Cr\u00e9atif &amp; Pr\u00e9sentation Artistique","isPartOf":{"@id":"https:\/\/nyanpereira.fr\/dessinateur\/#website"},"primaryImageOfPage":{"@id":"https:\/\/nyanpereira.fr\/dessinateur\/metier-dessinateur-concepteur-de-film-publicitaire\/#primaryimage"},"datePublished":"2021-01-25T12:40:57+00:00","dateModified":"2021-04-28T06:47:11+00:00","breadcrumb":{"@id":"https:\/\/nyanpereira.fr\/dessinateur\/metier-dessinateur-concepteur-de-film-publicitaire\/#breadcrumb"},"inLanguage":"fr-FR","potentialAction":[{"@type":"ReadAction","target":["https:\/\/nyanpereira.fr\/dessinateur\/metier-dessinateur-concepteur-de-film-publicitaire\/"]}]},{"@type":"BreadcrumbList","@id":"https:\/\/nyanpereira.fr\/dessinateur\/metier-dessinateur-concepteur-de-film-publicitaire\/#breadcrumb","itemListElement":[{"@type":"ListItem","position":1,"name":"Accueil","item":"https:\/\/nyanpereira.fr\/dessinateur\/"},{"@type":"ListItem","position":2,"name":"M\u00c9TIER Dessinateur de Film Publicitaire"}]},{"@type":"Article","@id":"https:\/\/nyanpereira.fr\/dessinateur\/metier-dessinateur-concepteur-de-film-publicitaire\/#article","isPartOf":{"@id":"https:\/\/nyanpereira.fr\/dessinateur\/metier-dessinateur-concepteur-de-film-publicitaire\/#webpage"},"author":{"@id":"https:\/\/nyanpereira.fr\/dessinateur\/#\/schema\/person\/d771f144e8b1bdf8b790b02ba31f71d2"},"headline":"M\u00c9TIER Dessinateur de Film Publicitaire","datePublished":"2021-01-25T12:40:57+00:00","dateModified":"2021-04-28T06:47:11+00:00","mainEntityOfPage":{"@id":"https:\/\/nyanpereira.fr\/dessinateur\/metier-dessinateur-concepteur-de-film-publicitaire\/#webpage"},"wordCount":335,"publisher":{"@id":"https:\/\/nyanpereira.fr\/dessinateur\/#organization"},"image":{"@id":"https:\/\/nyanpereira.fr\/dessinateur\/metier-dessinateur-concepteur-de-film-publicitaire\/#primaryimage"},"thumbnailUrl":"https:\/\/nyanpereira.fr\/dessinateur\/wp-content\/uploads\/2014\/03\/planche.storyboard.tournages.film_.publicitaire-min.jpg","keywords":["Dessinateur Film Publicitaire","Storyboard paris - Pr\u00e9-tests Publicit\u00e9","Storyboarder Paris"],"articleSection":["Interview &amp; R\u00e9ference","Story-boarder Pub &amp; Cin\u00e9ma"],"inLanguage":"fr-FR"},{"@type":"Person","@id":"https:\/\/nyanpereira.fr\/dessinateur\/#\/schema\/person\/d771f144e8b1bdf8b790b02ba31f71d2","name":"dessinateur","image":{"@type":"ImageObject","@id":"https:\/\/nyanpereira.fr\/dessinateur\/#personlogo","inLanguage":"fr-FR","url":"https:\/\/secure.gravatar.com\/avatar\/acd3615833cd4e0b23d9f45973008c34?s=96&d=mm&r=g","contentUrl":"https:\/\/secure.gravatar.com\/avatar\/acd3615833cd4e0b23d9f45973008c34?s=96&d=mm&r=g","caption":"dessinateur"},"url":"https:\/\/nyanpereira.fr\/dessinateur\/author\/dessinateur\/"}]}},"_links":{"self":[{"href":"https:\/\/nyanpereira.fr\/dessinateur\/wp-json\/wp\/v2\/posts\/9280"}],"collection":[{"href":"https:\/\/nyanpereira.fr\/dessinateur\/wp-json\/wp\/v2\/posts"}],"about":[{"href":"https:\/\/nyanpereira.fr\/dessinateur\/wp-json\/wp\/v2\/types\/post"}],"author":[{"embeddable":true,"href":"https:\/\/nyanpereira.fr\/dessinateur\/wp-json\/wp\/v2\/users\/1"}],"replies":[{"embeddable":true,"href":"https:\/\/nyanpereira.fr\/dessinateur\/wp-json\/wp\/v2\/comments?post=9280"}],"version-history":[{"count":10,"href":"https:\/\/nyanpereira.fr\/dessinateur\/wp-json\/wp\/v2\/posts\/9280\/revisions"}],"predecessor-version":[{"id":9555,"href":"https:\/\/nyanpereira.fr\/dessinateur\/wp-json\/wp\/v2\/posts\/9280\/revisions\/9555"}],"wp:featuredmedia":[{"embeddable":true,"href":"https:\/\/nyanpereira.fr\/dessinateur\/wp-json\/wp\/v2\/media\/8891"}],"wp:attachment":[{"href":"https:\/\/nyanpereira.fr\/dessinateur\/wp-json\/wp\/v2\/media?parent=9280"}],"wp:term":[{"taxonomy":"category","embeddable":true,"href":"https:\/\/nyanpereira.fr\/dessinateur\/wp-json\/wp\/v2\/categories?post=9280"},{"taxonomy":"post_tag","embeddable":true,"href":"https:\/\/nyanpereira.fr\/dessinateur\/wp-json\/wp\/v2\/tags?post=9280"}],"curies":[{"name":"wp","href":"https:\/\/api.w.org\/{rel}","templated":true}]}}