{"id":9017,"date":"2020-06-08T14:53:10","date_gmt":"2020-06-08T13:53:10","guid":{"rendered":"https:\/\/nyanpereira.fr\/dessinateur\/?p=9017"},"modified":"2021-04-28T07:49:31","modified_gmt":"2021-04-28T06:49:31","slug":"theatralisation-marketing-sephora-rough-evenementiel","status":"publish","type":"post","link":"https:\/\/nyanpereira.fr\/dessinateur\/theatralisation-marketing-sephora-rough-evenementiel\/","title":{"rendered":"SEPHORA \/\/  Th\u00e9\u00e2tralisation marketing"},"content":{"rendered":"<p><img loading=\"lazy\" class=\"aligncenter wp-image-9011 size-full\" src=\"https:\/\/nyanpereira.fr\/dessinateur\/wp-content\/uploads\/2020\/01\/07.Roughs.evenementiels.scenographie.Theatralisation.marketing.ads_.words2-min.jpg\" alt=\"Th\u00e9\u00e2tralisation marketing - Sephora\" width=\"650\" height=\"945\" \/><\/p>\n<h2><strong>Sephora &#8211; Th\u00e9\u00e2tralisation marketing <\/strong><\/h2>\n<p>Voici plusieurs exemples de <strong>roughs \u00e9v\u00e9nementiels<\/strong><strong> r\u00e9alis\u00e9s dans le cadre de r\u00e9flexions sc\u00e9nographiques en phase d\u2019appel d\u2019offres pour Sephora &amp; Le Jardin des Tuileries \u00e0 Paris (Carre\u0301 des Sangliers).<\/strong> \u00c0 la recherche d\u2019une ope\u0301ration de partenariat, Sephora cherche un lieu de\u0301die\u0301 a\u0300 la Fashion Week ou\u0300 parler beaute\u0301, mode, re\u0301cupe\u0301rer des informations en LIVE, voir et revoir les de\u0301file\u0301s, suivre les influenceuses de\u0301die\u0301es. un esprit Night Garden Party \u2013 black &amp; White \u2013 so chic avec touches de couleurs flashy.<\/p>\n<p>Un <strong>rough \u00e9v\u00e9nementiel ou Th\u00e9\u00e2tralisation marketing <\/strong>qui pr\u00e9sent la mise en sc\u00e8ne d&rsquo;une <strong><i class=\"\"><span class=\"\">concept marketing<\/span><\/i><\/strong> pour le secteur de la mode, du soins, maquillage et parfums. <em> Capacit\u00e9 d\u2019accueil de 60 \u00e0 80 personnes pour une surface de 55M2. (Exemples d&rsquo;animation marketing )<br \/>\n<\/em><\/p>\n<p><a href=\"https:\/\/nyanpereira.fr\/dessinateur\/storyborder-freelance-paris-nice\/scenographe-marketing-theatralisations\/\"><img loading=\"lazy\" class=\"size-full wp-image-7994 aligncenter\" src=\"https:\/\/nyanpereira.fr\/dessinateur\/wp-content\/uploads\/2020\/04\/Devis.tarif_.scenographie.pop-up.store_.scenographe.freelance.1.jpg\" alt=\"Devis.tarif.scenographie.pop-up.store.scenographe.freelance.1\" width=\"1000\" height=\"319\" \/><\/a><\/p>\n<div id=\"attachment_9010\" style=\"width: 660px\" class=\"wp-caption aligncenter\"><img aria-describedby=\"caption-attachment-9010\" loading=\"lazy\" class=\"wp-image-9010 size-full\" src=\"https:\/\/nyanpereira.fr\/dessinateur\/wp-content\/uploads\/2020\/01\/07.Roughs.evenementiels.scenographie.Theatralisation.marketing.ads_.words-min.jpg\" alt=\"SEPHORA Roughs \u00c9v\u00e8nementiels SHISHEDO magasin \u00e9ph\u00e9m\u00e8re\" width=\"650\" height=\"945\" \/><p id=\"caption-attachment-9010\" class=\"wp-caption-text\">Th\u00e9\u00e2tralisation marketing &#8211; Sephora<\/p><\/div>\n<p><span style=\"color: #999999;\">Le Salon vue sur Paris avec arches n\u00e9on, \u00e9crans live de\u0301file\u0301s, mobilier cocon chic , drappe\u0301s qui coupe les espaces &amp;\u00a0 salle de bain ge\u0301ante \u27a2 De\u0301couverte produits \u27a2 Test \u27a2 Male up<\/span><em><span style=\"color: #999999;\">)<\/span> <\/em><\/p>\n<h6>De\u0301crocher une offre de partenariat !<\/h6>\n<p>Nos roughs sont souvent utilis\u00e9es dans le cadre d&rsquo;une prospection pour tester un <strong>stand d&rsquo;exposition<\/strong> en situation. Ils vise g\u00e9n\u00e9ralement \u00e0 optimiser l\u2019espace allou\u00e9 \u00e0 la marque et d\u2019assur\u00e9e du parcours client avant la cr\u00e9ation stand d&rsquo;exposition. Nous concevons des points de vente permanents ou \u00e9ph\u00e9m\u00e8res. Ainsi que des parcours sce\u0301nographique lors l\u2019exposition. <strong>Des roughs qui pour nous, sont le fil conducteur entre conception et production.<\/strong><\/p>\n<h6>Besoin d&rsquo;un devis ou de tarifs pour la conception d&rsquo;une sc\u00e9nographie \u00e9v\u00e9nementielle type stands ou Pop-up store ?<\/h6>\n<p>De la start-up aux grandes marques, nous partageons vos objectifs business. A vos c\u00f4t\u00e9s, nous composons des sc\u00e9nographies innovantes adapt\u00e9es pour le secteur secteur du spiritueux.<\/p>\n<a class=\"button small \" onclick=\"window.open('https:\/\/nyanpereira.fr\/dessinateur\/gallery\/pop-up-store-magasin-ephemere-design-concept-store\/', '_self')\">autres r\u00e9f\u00e9r\u00e9nces &amp; pop-up stores <\/a>\n<div id=\"attachment_9012\" style=\"width: 660px\" class=\"wp-caption aligncenter\"><img aria-describedby=\"caption-attachment-9012\" loading=\"lazy\" class=\"wp-image-9012 size-full\" src=\"https:\/\/nyanpereira.fr\/dessinateur\/wp-content\/uploads\/2020\/01\/07.Roughs.evenementiels.scenographie.Theatralisation.marketing.ads_.words3-min.jpg\" alt=\"YSL marketing Roughs \u00c9v\u00e8nementiels \u00e9ph\u00e9m\u00e8re\" width=\"650\" height=\"945\" \/><p id=\"caption-attachment-9012\" class=\"wp-caption-text\">Th\u00e9\u00e2tralisation Gare st Lazare &#8211; YSL marketing<\/p><\/div>\n<p><img loading=\"lazy\" class=\"wp-image-9013 size-full aligncenter\" src=\"https:\/\/nyanpereira.fr\/dessinateur\/wp-content\/uploads\/2020\/01\/07.Roughs.evenementiels.scenographie.Theatralisation.marketing.ads_.words4-min.jpg\" alt=\"YSL marketing Roughs \u00c9v\u00e8nementiels \u00e9ph\u00e9m\u00e8re\" width=\"650\" height=\"945\" \/><\/p>\n<h6>Pourquoi th\u00e9\u00e2traliser son point de vente de A \u00e0 Z\u2009?<\/h6>\n<p>La th\u00e9\u00e2tralisation marketing permet de d\u00e9velopper le concept et de d\u00e9velopper tout le travail qui va suivre. Elle illustre l&rsquo;ambiance et le design d&rsquo;une identit\u00e9 de marque qui d\u00e9coule campagne de communication bien cibl\u00e9 ! Notre r\u00f4le de sc\u00e9nographe est de d\u00e9velopper vos intentions cr\u00e9atives afin de les rendre r\u00e9alisables dans un lieux et espace donn\u00e9. <strong>A chaque espace ses contraintes<\/strong> !<\/p>\n<p><strong>Nous partons du principe qu&rsquo;une th\u00e9\u00e2tralisation marketing est un gain de temps consid\u00e9rable pour l&rsquo;organisation budg\u00e9taire et artistique d&rsquo;un stands d\u2019exposition.<\/strong> C&rsquo;est une technique indispensable qui d\u00e9finie visuellement les diff\u00e9rents \u00e9l\u00e9ments de mani\u00e8re subtile et \u00e9tudi\u00e9e, afin d\u2019amener les visiteurs \u00e0 l\u2019endroit o\u00f9 vous souhaitez qu\u2019il soit.<\/p>\n<p>Ces sc\u00e9nographies peuvent servir de <strong>feuille de route visuelle<\/strong>, dont il est possible de s\u2019\u00e9chapper afin d\u2019explorer de nouvelle d\u2019inspiration ! <em>Inspiration qui ne manques pas de surgir au cours <\/em><em>ddu devloppement des intentions&#8230;<\/em><\/p>\n","protected":false},"excerpt":{"rendered":"","protected":false},"author":1,"featured_media":9011,"comment_status":"closed","ping_status":"closed","sticky":false,"template":"","format":"standard","meta":[],"categories":[412,374,59],"tags":[394,224,402,395,401,408,391,386,390],"yoast_head":"<!-- This site is optimized with the Yoast SEO plugin v17.9 - https:\/\/yoast.com\/wordpress\/plugins\/seo\/ -->\n<title>SEPHORA \/\/ Th\u00e9\u00e2tralisation marketing - ROUGHS \u00c9v\u00e9nementiels \/ PARIS<\/title>\n<meta name=\"description\" content=\"Th\u00e9\u00e2tralisation marketing &amp; Roughs \u00e9v\u00e9nementiels r\u00e9alis\u00e9s dans le cadre de r\u00e9flexions sc\u00e9nographiques en phase d\u2019appel d\u2019offres pour Sephora \u00e0 PARIS \/ ADS\" \/>\n<meta name=\"robots\" content=\"index, follow, max-snippet:-1, max-image-preview:large, max-video-preview:-1\" \/>\n<link rel=\"canonical\" href=\"https:\/\/nyanpereira.fr\/dessinateur\/theatralisation-marketing-sephora-rough-evenementiel\/\" \/>\n<meta property=\"og:locale\" content=\"fr_FR\" \/>\n<meta property=\"og:type\" content=\"article\" \/>\n<meta property=\"og:title\" content=\"SEPHORA \/\/ Th\u00e9\u00e2tralisation marketing - ROUGHS \u00c9v\u00e9nementiels \/ PARIS\" \/>\n<meta property=\"og:description\" content=\"Th\u00e9\u00e2tralisation marketing &amp; Roughs \u00e9v\u00e9nementiels r\u00e9alis\u00e9s dans le cadre de r\u00e9flexions sc\u00e9nographiques en phase d\u2019appel d\u2019offres pour Sephora \u00e0 PARIS \/ ADS\" \/>\n<meta property=\"og:url\" content=\"https:\/\/nyanpereira.fr\/dessinateur\/theatralisation-marketing-sephora-rough-evenementiel\/\" \/>\n<meta property=\"og:site_name\" content=\"Service Cr\u00e9atif &amp; Pr\u00e9sentation Artistique\" \/>\n<meta property=\"article:published_time\" content=\"2020-06-08T13:53:10+00:00\" \/>\n<meta property=\"article:modified_time\" content=\"2021-04-28T06:49:31+00:00\" \/>\n<meta property=\"og:image\" content=\"https:\/\/nyanpereira.fr\/dessinateur\/wp-content\/uploads\/2020\/01\/07.Roughs.evenementiels.scenographie.Theatralisation.marketing.ads_.words2-min.jpg\" \/>\n\t<meta property=\"og:image:width\" content=\"650\" \/>\n\t<meta property=\"og:image:height\" content=\"945\" \/>\n\t<meta property=\"og:image:type\" content=\"image\/jpeg\" \/>\n<meta name=\"twitter:card\" content=\"summary_large_image\" \/>\n<meta name=\"twitter:label1\" content=\"\u00c9crit par\" \/>\n\t<meta name=\"twitter:data1\" content=\"dessinateur\" \/>\n\t<meta name=\"twitter:label2\" content=\"Dur\u00e9e de lecture estim\u00e9e\" \/>\n\t<meta name=\"twitter:data2\" content=\"3 minutes\" \/>\n<script type=\"application\/ld+json\" class=\"yoast-schema-graph\">{\"@context\":\"https:\/\/schema.org\",\"@graph\":[{\"@type\":\"Organization\",\"@id\":\"https:\/\/nyanpereira.fr\/dessinateur\/#organization\",\"name\":\"storyboarder Freelance\",\"url\":\"https:\/\/nyanpereira.fr\/dessinateur\/\",\"sameAs\":[],\"logo\":{\"@type\":\"ImageObject\",\"@id\":\"https:\/\/nyanpereira.fr\/dessinateur\/#logo\",\"inLanguage\":\"fr-FR\",\"url\":\"\",\"contentUrl\":\"\",\"caption\":\"storyboarder Freelance\"},\"image\":{\"@id\":\"https:\/\/nyanpereira.fr\/dessinateur\/#logo\"}},{\"@type\":\"WebSite\",\"@id\":\"https:\/\/nyanpereira.fr\/dessinateur\/#website\",\"url\":\"https:\/\/nyanpereira.fr\/dessinateur\/\",\"name\":\"Service Cr\\u00e9atif &amp; Pr\\u00e9sentation Artistique\",\"description\":\"Roughs, Storyboard, Antimatic &amp; Photomontage\",\"publisher\":{\"@id\":\"https:\/\/nyanpereira.fr\/dessinateur\/#organization\"},\"potentialAction\":[{\"@type\":\"SearchAction\",\"target\":{\"@type\":\"EntryPoint\",\"urlTemplate\":\"https:\/\/nyanpereira.fr\/dessinateur\/?s={search_term_string}\"},\"query-input\":\"required name=search_term_string\"}],\"inLanguage\":\"fr-FR\"},{\"@type\":\"ImageObject\",\"@id\":\"https:\/\/nyanpereira.fr\/dessinateur\/theatralisation-marketing-sephora-rough-evenementiel\/#primaryimage\",\"inLanguage\":\"fr-FR\",\"url\":\"https:\/\/nyanpereira.fr\/dessinateur\/wp-content\/uploads\/2020\/01\/07.Roughs.evenementiels.scenographie.Theatralisation.marketing.ads_.words2-min.jpg\",\"contentUrl\":\"https:\/\/nyanpereira.fr\/dessinateur\/wp-content\/uploads\/2020\/01\/07.Roughs.evenementiels.scenographie.Theatralisation.marketing.ads_.words2-min.jpg\",\"width\":650,\"height\":945,\"caption\":\"SEPHORA Roughs \\u00c9v\\u00e8nementiels SHISHEDO magasin \\u00e9ph\\u00e9m\\u00e8re\"},{\"@type\":\"WebPage\",\"@id\":\"https:\/\/nyanpereira.fr\/dessinateur\/theatralisation-marketing-sephora-rough-evenementiel\/#webpage\",\"url\":\"https:\/\/nyanpereira.fr\/dessinateur\/theatralisation-marketing-sephora-rough-evenementiel\/\",\"name\":\"SEPHORA \/\/ Th\\u00e9\\u00e2tralisation marketing - ROUGHS \\u00c9v\\u00e9nementiels \/ PARIS\",\"isPartOf\":{\"@id\":\"https:\/\/nyanpereira.fr\/dessinateur\/#website\"},\"primaryImageOfPage\":{\"@id\":\"https:\/\/nyanpereira.fr\/dessinateur\/theatralisation-marketing-sephora-rough-evenementiel\/#primaryimage\"},\"datePublished\":\"2020-06-08T13:53:10+00:00\",\"dateModified\":\"2021-04-28T06:49:31+00:00\",\"description\":\"Th\\u00e9\\u00e2tralisation marketing & Roughs \\u00e9v\\u00e9nementiels r\\u00e9alis\\u00e9s dans le cadre de r\\u00e9flexions sc\\u00e9nographiques en phase d\\u2019appel d\\u2019offres pour Sephora \\u00e0 PARIS \/ ADS\",\"breadcrumb\":{\"@id\":\"https:\/\/nyanpereira.fr\/dessinateur\/theatralisation-marketing-sephora-rough-evenementiel\/#breadcrumb\"},\"inLanguage\":\"fr-FR\",\"potentialAction\":[{\"@type\":\"ReadAction\",\"target\":[\"https:\/\/nyanpereira.fr\/dessinateur\/theatralisation-marketing-sephora-rough-evenementiel\/\"]}]},{\"@type\":\"BreadcrumbList\",\"@id\":\"https:\/\/nyanpereira.fr\/dessinateur\/theatralisation-marketing-sephora-rough-evenementiel\/#breadcrumb\",\"itemListElement\":[{\"@type\":\"ListItem\",\"position\":1,\"name\":\"Accueil\",\"item\":\"https:\/\/nyanpereira.fr\/dessinateur\/\"},{\"@type\":\"ListItem\",\"position\":2,\"name\":\"SEPHORA \/\/ Th\\u00e9\\u00e2tralisation marketing\"}]},{\"@type\":\"Article\",\"@id\":\"https:\/\/nyanpereira.fr\/dessinateur\/theatralisation-marketing-sephora-rough-evenementiel\/#article\",\"isPartOf\":{\"@id\":\"https:\/\/nyanpereira.fr\/dessinateur\/theatralisation-marketing-sephora-rough-evenementiel\/#webpage\"},\"author\":{\"@id\":\"https:\/\/nyanpereira.fr\/dessinateur\/#\/schema\/person\/d771f144e8b1bdf8b790b02ba31f71d2\"},\"headline\":\"SEPHORA \/\/ Th\\u00e9\\u00e2tralisation marketing\",\"datePublished\":\"2020-06-08T13:53:10+00:00\",\"dateModified\":\"2021-04-28T06:49:31+00:00\",\"mainEntityOfPage\":{\"@id\":\"https:\/\/nyanpereira.fr\/dessinateur\/theatralisation-marketing-sephora-rough-evenementiel\/#webpage\"},\"wordCount\":534,\"publisher\":{\"@id\":\"https:\/\/nyanpereira.fr\/dessinateur\/#organization\"},\"image\":{\"@id\":\"https:\/\/nyanpereira.fr\/dessinateur\/theatralisation-marketing-sephora-rough-evenementiel\/#primaryimage\"},\"thumbnailUrl\":\"https:\/\/nyanpereira.fr\/dessinateur\/wp-content\/uploads\/2020\/01\/07.Roughs.evenementiels.scenographie.Theatralisation.marketing.ads_.words2-min.jpg\",\"keywords\":[\"Concept store \\u00e9ph\\u00e9m\\u00e8re\",\"Conception Sc\\u00e9nographe freelance\",\"Espace de vente attrayant\",\"Magasin \\u00e9ph\\u00e9m\\u00e8re\",\"Presentation Dispositif marketing\",\"Recherches graphique &amp; sc\\u00e9nographique\",\"sc\\u00e9nographe freelance marketing \/ Nice C\\u00f4te d'AZUR\",\"Sc\\u00e9nographe freelance marketing \/ Paris \\u00eele-de-france\",\"Sc\\u00e9nographies pop-up Store\"],\"articleSection\":[\"Marketing out-store\",\"Pop-up Stores cr\\u00e9atifs\",\"Sc\\u00e9nographique &amp; Th\\u00e9atralisation\"],\"inLanguage\":\"fr-FR\"},{\"@type\":\"Person\",\"@id\":\"https:\/\/nyanpereira.fr\/dessinateur\/#\/schema\/person\/d771f144e8b1bdf8b790b02ba31f71d2\",\"name\":\"dessinateur\",\"image\":{\"@type\":\"ImageObject\",\"@id\":\"https:\/\/nyanpereira.fr\/dessinateur\/#personlogo\",\"inLanguage\":\"fr-FR\",\"url\":\"https:\/\/secure.gravatar.com\/avatar\/acd3615833cd4e0b23d9f45973008c34?s=96&d=mm&r=g\",\"contentUrl\":\"https:\/\/secure.gravatar.com\/avatar\/acd3615833cd4e0b23d9f45973008c34?s=96&d=mm&r=g\",\"caption\":\"dessinateur\"},\"url\":\"https:\/\/nyanpereira.fr\/dessinateur\/author\/dessinateur\/\"}]}<\/script>\n<!-- \/ Yoast SEO plugin. -->","yoast_head_json":{"title":"SEPHORA \/\/ Th\u00e9\u00e2tralisation marketing - ROUGHS \u00c9v\u00e9nementiels \/ PARIS","description":"Th\u00e9\u00e2tralisation marketing & Roughs \u00e9v\u00e9nementiels r\u00e9alis\u00e9s dans le cadre de r\u00e9flexions sc\u00e9nographiques en phase d\u2019appel d\u2019offres pour Sephora \u00e0 PARIS \/ ADS","robots":{"index":"index","follow":"follow","max-snippet":"max-snippet:-1","max-image-preview":"max-image-preview:large","max-video-preview":"max-video-preview:-1"},"canonical":"https:\/\/nyanpereira.fr\/dessinateur\/theatralisation-marketing-sephora-rough-evenementiel\/","og_locale":"fr_FR","og_type":"article","og_title":"SEPHORA \/\/ Th\u00e9\u00e2tralisation marketing - ROUGHS \u00c9v\u00e9nementiels \/ PARIS","og_description":"Th\u00e9\u00e2tralisation marketing & Roughs \u00e9v\u00e9nementiels r\u00e9alis\u00e9s dans le cadre de r\u00e9flexions sc\u00e9nographiques en phase d\u2019appel d\u2019offres pour Sephora \u00e0 PARIS \/ ADS","og_url":"https:\/\/nyanpereira.fr\/dessinateur\/theatralisation-marketing-sephora-rough-evenementiel\/","og_site_name":"Service Cr\u00e9atif &amp; Pr\u00e9sentation Artistique","article_published_time":"2020-06-08T13:53:10+00:00","article_modified_time":"2021-04-28T06:49:31+00:00","og_image":[{"width":650,"height":945,"url":"https:\/\/nyanpereira.fr\/dessinateur\/wp-content\/uploads\/2020\/01\/07.Roughs.evenementiels.scenographie.Theatralisation.marketing.ads_.words2-min.jpg","type":"image\/jpeg"}],"twitter_card":"summary_large_image","twitter_misc":{"\u00c9crit par":"dessinateur","Dur\u00e9e de lecture estim\u00e9e":"3 minutes"},"schema":{"@context":"https:\/\/schema.org","@graph":[{"@type":"Organization","@id":"https:\/\/nyanpereira.fr\/dessinateur\/#organization","name":"storyboarder Freelance","url":"https:\/\/nyanpereira.fr\/dessinateur\/","sameAs":[],"logo":{"@type":"ImageObject","@id":"https:\/\/nyanpereira.fr\/dessinateur\/#logo","inLanguage":"fr-FR","url":"","contentUrl":"","caption":"storyboarder Freelance"},"image":{"@id":"https:\/\/nyanpereira.fr\/dessinateur\/#logo"}},{"@type":"WebSite","@id":"https:\/\/nyanpereira.fr\/dessinateur\/#website","url":"https:\/\/nyanpereira.fr\/dessinateur\/","name":"Service Cr\u00e9atif &amp; Pr\u00e9sentation Artistique","description":"Roughs, Storyboard, Antimatic &amp; Photomontage","publisher":{"@id":"https:\/\/nyanpereira.fr\/dessinateur\/#organization"},"potentialAction":[{"@type":"SearchAction","target":{"@type":"EntryPoint","urlTemplate":"https:\/\/nyanpereira.fr\/dessinateur\/?s={search_term_string}"},"query-input":"required name=search_term_string"}],"inLanguage":"fr-FR"},{"@type":"ImageObject","@id":"https:\/\/nyanpereira.fr\/dessinateur\/theatralisation-marketing-sephora-rough-evenementiel\/#primaryimage","inLanguage":"fr-FR","url":"https:\/\/nyanpereira.fr\/dessinateur\/wp-content\/uploads\/2020\/01\/07.Roughs.evenementiels.scenographie.Theatralisation.marketing.ads_.words2-min.jpg","contentUrl":"https:\/\/nyanpereira.fr\/dessinateur\/wp-content\/uploads\/2020\/01\/07.Roughs.evenementiels.scenographie.Theatralisation.marketing.ads_.words2-min.jpg","width":650,"height":945,"caption":"SEPHORA Roughs \u00c9v\u00e8nementiels SHISHEDO magasin \u00e9ph\u00e9m\u00e8re"},{"@type":"WebPage","@id":"https:\/\/nyanpereira.fr\/dessinateur\/theatralisation-marketing-sephora-rough-evenementiel\/#webpage","url":"https:\/\/nyanpereira.fr\/dessinateur\/theatralisation-marketing-sephora-rough-evenementiel\/","name":"SEPHORA \/\/ Th\u00e9\u00e2tralisation marketing - ROUGHS \u00c9v\u00e9nementiels \/ PARIS","isPartOf":{"@id":"https:\/\/nyanpereira.fr\/dessinateur\/#website"},"primaryImageOfPage":{"@id":"https:\/\/nyanpereira.fr\/dessinateur\/theatralisation-marketing-sephora-rough-evenementiel\/#primaryimage"},"datePublished":"2020-06-08T13:53:10+00:00","dateModified":"2021-04-28T06:49:31+00:00","description":"Th\u00e9\u00e2tralisation marketing & Roughs \u00e9v\u00e9nementiels r\u00e9alis\u00e9s dans le cadre de r\u00e9flexions sc\u00e9nographiques en phase d\u2019appel d\u2019offres pour Sephora \u00e0 PARIS \/ ADS","breadcrumb":{"@id":"https:\/\/nyanpereira.fr\/dessinateur\/theatralisation-marketing-sephora-rough-evenementiel\/#breadcrumb"},"inLanguage":"fr-FR","potentialAction":[{"@type":"ReadAction","target":["https:\/\/nyanpereira.fr\/dessinateur\/theatralisation-marketing-sephora-rough-evenementiel\/"]}]},{"@type":"BreadcrumbList","@id":"https:\/\/nyanpereira.fr\/dessinateur\/theatralisation-marketing-sephora-rough-evenementiel\/#breadcrumb","itemListElement":[{"@type":"ListItem","position":1,"name":"Accueil","item":"https:\/\/nyanpereira.fr\/dessinateur\/"},{"@type":"ListItem","position":2,"name":"SEPHORA \/\/ Th\u00e9\u00e2tralisation marketing"}]},{"@type":"Article","@id":"https:\/\/nyanpereira.fr\/dessinateur\/theatralisation-marketing-sephora-rough-evenementiel\/#article","isPartOf":{"@id":"https:\/\/nyanpereira.fr\/dessinateur\/theatralisation-marketing-sephora-rough-evenementiel\/#webpage"},"author":{"@id":"https:\/\/nyanpereira.fr\/dessinateur\/#\/schema\/person\/d771f144e8b1bdf8b790b02ba31f71d2"},"headline":"SEPHORA \/\/ Th\u00e9\u00e2tralisation marketing","datePublished":"2020-06-08T13:53:10+00:00","dateModified":"2021-04-28T06:49:31+00:00","mainEntityOfPage":{"@id":"https:\/\/nyanpereira.fr\/dessinateur\/theatralisation-marketing-sephora-rough-evenementiel\/#webpage"},"wordCount":534,"publisher":{"@id":"https:\/\/nyanpereira.fr\/dessinateur\/#organization"},"image":{"@id":"https:\/\/nyanpereira.fr\/dessinateur\/theatralisation-marketing-sephora-rough-evenementiel\/#primaryimage"},"thumbnailUrl":"https:\/\/nyanpereira.fr\/dessinateur\/wp-content\/uploads\/2020\/01\/07.Roughs.evenementiels.scenographie.Theatralisation.marketing.ads_.words2-min.jpg","keywords":["Concept store \u00e9ph\u00e9m\u00e8re","Conception Sc\u00e9nographe freelance","Espace de vente attrayant","Magasin \u00e9ph\u00e9m\u00e8re","Presentation Dispositif marketing","Recherches graphique &amp; sc\u00e9nographique","sc\u00e9nographe freelance marketing \/ Nice C\u00f4te d'AZUR","Sc\u00e9nographe freelance marketing \/ Paris \u00eele-de-france","Sc\u00e9nographies pop-up Store"],"articleSection":["Marketing out-store","Pop-up Stores cr\u00e9atifs","Sc\u00e9nographique &amp; Th\u00e9atralisation"],"inLanguage":"fr-FR"},{"@type":"Person","@id":"https:\/\/nyanpereira.fr\/dessinateur\/#\/schema\/person\/d771f144e8b1bdf8b790b02ba31f71d2","name":"dessinateur","image":{"@type":"ImageObject","@id":"https:\/\/nyanpereira.fr\/dessinateur\/#personlogo","inLanguage":"fr-FR","url":"https:\/\/secure.gravatar.com\/avatar\/acd3615833cd4e0b23d9f45973008c34?s=96&d=mm&r=g","contentUrl":"https:\/\/secure.gravatar.com\/avatar\/acd3615833cd4e0b23d9f45973008c34?s=96&d=mm&r=g","caption":"dessinateur"},"url":"https:\/\/nyanpereira.fr\/dessinateur\/author\/dessinateur\/"}]}},"_links":{"self":[{"href":"https:\/\/nyanpereira.fr\/dessinateur\/wp-json\/wp\/v2\/posts\/9017"}],"collection":[{"href":"https:\/\/nyanpereira.fr\/dessinateur\/wp-json\/wp\/v2\/posts"}],"about":[{"href":"https:\/\/nyanpereira.fr\/dessinateur\/wp-json\/wp\/v2\/types\/post"}],"author":[{"embeddable":true,"href":"https:\/\/nyanpereira.fr\/dessinateur\/wp-json\/wp\/v2\/users\/1"}],"replies":[{"embeddable":true,"href":"https:\/\/nyanpereira.fr\/dessinateur\/wp-json\/wp\/v2\/comments?post=9017"}],"version-history":[{"count":11,"href":"https:\/\/nyanpereira.fr\/dessinateur\/wp-json\/wp\/v2\/posts\/9017\/revisions"}],"predecessor-version":[{"id":9558,"href":"https:\/\/nyanpereira.fr\/dessinateur\/wp-json\/wp\/v2\/posts\/9017\/revisions\/9558"}],"wp:featuredmedia":[{"embeddable":true,"href":"https:\/\/nyanpereira.fr\/dessinateur\/wp-json\/wp\/v2\/media\/9011"}],"wp:attachment":[{"href":"https:\/\/nyanpereira.fr\/dessinateur\/wp-json\/wp\/v2\/media?parent=9017"}],"wp:term":[{"taxonomy":"category","embeddable":true,"href":"https:\/\/nyanpereira.fr\/dessinateur\/wp-json\/wp\/v2\/categories?post=9017"},{"taxonomy":"post_tag","embeddable":true,"href":"https:\/\/nyanpereira.fr\/dessinateur\/wp-json\/wp\/v2\/tags?post=9017"}],"curies":[{"name":"wp","href":"https:\/\/api.w.org\/{rel}","templated":true}]}}