{"id":8675,"date":"2020-05-13T15:28:08","date_gmt":"2020-05-13T14:28:08","guid":{"rendered":"https:\/\/nyanpereira.fr\/dessinateur\/?p=8675"},"modified":"2021-04-28T07:20:43","modified_gmt":"2021-04-28T06:20:43","slug":"roughs-evenementiels-galeries-lafayette-rough-shiseido-scenographie-conception-stand-expostion","status":"publish","type":"post","link":"https:\/\/nyanpereira.fr\/dessinateur\/roughs-evenementiels-galeries-lafayette-rough-shiseido-scenographie-conception-stand-expostion\/","title":{"rendered":"Shiseido \/ Roughs \u00c9v\u00e9nementiels \/ Galeries Lafayette \u00e0 Paris."},"content":{"rendered":"<h2><img loading=\"lazy\" class=\"size-full wp-image-7692 aligncenter\" src=\"https:\/\/nyanpereira.fr\/dessinateur\/wp-content\/uploads\/2020\/02\/04.scenographe.professionel.thetralisation.marketing.evenement.paris_.nice4-min.jpg\" alt=\"Roughs \u00c9v\u00e8nementiels SHISHEDO magasin \u00e9ph\u00e9m\u00e8re galerie la fayette\" width=\"650\" height=\"945\" \/><\/h2>\n<h2><strong>Roughs \u00e9v\u00e9nementiels &#8211; Shiseido<br \/>\n<\/strong><\/h2>\n<p>Voici plusieurs exemples de <strong>roughs \u00e9v\u00e9nementiels<\/strong><strong> r\u00e9alis\u00e9s dans le cadre de r\u00e9flexions sc\u00e9nographiques en phase d\u2019appel d\u2019offres pour Shiseido &amp; les <a href=\"https:\/\/www.galerieslafayette.com\/\" target=\"_blank\" rel=\"noopener noreferrer\">Galeries Lafayette \u00e0 Paris<\/a>.<\/strong>\u00a0 Ils pr\u00e9sentent la mise en sc\u00e8ne d&rsquo;un <strong><i class=\"\"><span class=\"\">pop-up store en magasin<\/span><\/i><\/strong> pour le secteur du le secteur du soins, maquillage et parfums. <em> Capacit\u00e9 d\u2019accueil de 10 \u00e0 40 personnes pour une surface de 35M2. <span style=\"color: #999999;\">(Exemples de conception de Stand d&rsquo;exposition, cloison, \u00e9clairage et agencement)<\/span> <\/em><\/p>\n<h6>De\u0301crocher une offre de partenariat avec\u00a0 les Galeries Lafayette !<\/h6>\n<p>Nos roughs sont souvent utilis\u00e9es dans le cadre d&rsquo;une prospection pour tester un <strong>stand d&rsquo;exposition<\/strong> en situation. Ils vise g\u00e9n\u00e9ralement \u00e0 optimiser l\u2019espace allou\u00e9 \u00e0 la marque et d\u2019assur\u00e9e du parcours client avant la cr\u00e9ation stand d&rsquo;exposition. Nous concevons des points de vente permanents ou \u00e9ph\u00e9m\u00e8res. Ainsi que des parcours sce\u0301nographique lors l\u2019exposition. <strong>Des roughs qui pour nous, sont le fil conducteur entre conception et production.<\/strong><\/p>\n<h6>Besoin d&rsquo;un devis ou de tarifs pour la conception d&rsquo;une sc\u00e9nographie \u00e9v\u00e9nementielle type stands ou Pop-up store ?<\/h6>\n<p>De la start-up aux grandes marques, nous partageons vos objectifs business. A vos c\u00f4t\u00e9s, nous composons des sc\u00e9nographies innovantes adapt\u00e9es pour le secteur secteur du spiritueux.<\/p>\n<p>&nbsp;<\/p>\n<p><a class=\"button small \">autres r\u00e9f\u00e9r\u00e9nces &amp; pop-up stores <\/a><\/a><\/p>\n<p>&nbsp;<\/p>\n<p><img loading=\"lazy\" class=\"size-full wp-image-7664 aligncenter\" src=\"https:\/\/nyanpereira.fr\/dessinateur\/wp-content\/uploads\/2020\/02\/02.scenographe.professionel.thetralisation.marketing.evenement.paris_.nice-min.jpg\" alt=\"Roughs \u00c9v\u00e8nementiels SHISHEDO magasin \u00e9ph\u00e9m\u00e8re galerie la fayette\" width=\"650\" height=\"945\" \/> <img loading=\"lazy\" class=\"size-full wp-image-7665 aligncenter\" src=\"https:\/\/nyanpereira.fr\/dessinateur\/wp-content\/uploads\/2020\/02\/02.scenographe.professionel.thetralisation.marketing.evenement.paris_.nice2-min.jpg\" alt=\"Roughs \u00c9v\u00e8nementiels SHISHEDO magasin \u00e9ph\u00e9m\u00e8re galerie la fayette\" width=\"650\" height=\"945\" \/><\/p>\n<h6>Comment rendre un espace banal en un espace design\u2009?<\/h6>\n<p>Comment attirer d\u2019embl\u00e9e l\u2019attention des visiteurs ? La sc\u00e9nographe d&rsquo;\u00e9v\u00e9nements aide \u00e0 concevoir le d\u00e9cor et est \u00e0 la base de tout le travail qui va suivre. C&rsquo;est elle qui illustre l&rsquo;id\u00e9e du concept, celle qui d\u00e9coule d&rsquo;une image de marque ou d&rsquo;une campagne de communication ! notre r\u00f4le de sc\u00e9nographe est d&rsquo;interpr\u00e9ter vos id\u00e9es et de les rendre r\u00e9alisables dans un lieux et espace donn\u00e9. <strong>A chaque espace ses contraintes<\/strong> ! <em>(espace, nombre d&rsquo;invit\u00e9s, s\u00e9curit\u00e9, temps de montage, etc.)<\/em>. Cela dit, elle participent \u00e0 l&rsquo;\u00e9laboration et au dessin du d\u00e9cor.<\/p>\n<p><strong>Premi\u00e8rement, nous partons du principe qu&rsquo;une sc\u00e9nographie est un gain de temps consid\u00e9rable pour l&rsquo;organisation budg\u00e9taire et artistique d&rsquo;un stands d\u2019exposition.<\/strong> C&rsquo;est une technique indispensable qui d\u00e9finie visuellement les diff\u00e9rents \u00e9l\u00e9ments de mani\u00e8re subtile et \u00e9tudi\u00e9e, afin d\u2019amener les visiteurs \u00e0 l\u2019endroit o\u00f9 vous souhaitez qu\u2019il soit.<\/p>\n<p>Deuxi\u00e8mement, une sc\u00e9nographie peut servir de <strong>feuille de route visuelle<\/strong>, dont la direction artistique peut s\u2019\u00e9chapper afin d\u2019explorer de nouvelle source d\u2019inspiration ! <em>Inspiration qui ne manques pas de surgir au cours <\/em><em>de la conception des crayonn\u00e9es&#8230;<\/em><\/p>\n<p><em>\u00a0<\/em><\/p>\n","protected":false},"excerpt":{"rendered":"","protected":false},"author":1,"featured_media":7664,"comment_status":"closed","ping_status":"closed","sticky":false,"template":"","format":"standard","meta":[],"categories":[411,374,59],"tags":[402,401,408,391,386,387,388,390],"yoast_head":"<!-- This site is optimized with the Yoast SEO plugin v17.9 - https:\/\/yoast.com\/wordpress\/plugins\/seo\/ -->\n<title>Shiseido \/ Roughs \u00c9v\u00e9nementiels pour les Galeries Lafayette de Paris.<\/title>\n<meta name=\"description\" content=\"Voici plusieurs exemples de roughs \u00e9v\u00e9nementiels r\u00e9alis\u00e9s dans le cadre d&#039;une r\u00e9flexions sc\u00e9nographiques pour Shiseido &amp; Les Galeries Lafayette de PARIS\" \/>\n<meta name=\"robots\" content=\"index, follow, max-snippet:-1, max-image-preview:large, max-video-preview:-1\" \/>\n<link rel=\"canonical\" href=\"https:\/\/nyanpereira.fr\/dessinateur\/roughs-evenementiels-galeries-lafayette-rough-shiseido-scenographie-conception-stand-expostion\/\" \/>\n<meta property=\"og:locale\" content=\"fr_FR\" \/>\n<meta property=\"og:type\" content=\"article\" \/>\n<meta property=\"og:title\" content=\"Shiseido \/ Roughs \u00c9v\u00e9nementiels pour les Galeries Lafayette de Paris.\" \/>\n<meta property=\"og:description\" content=\"Voici plusieurs exemples de roughs \u00e9v\u00e9nementiels r\u00e9alis\u00e9s dans le cadre d&#039;une r\u00e9flexions sc\u00e9nographiques pour Shiseido &amp; Les Galeries Lafayette de PARIS\" \/>\n<meta property=\"og:url\" content=\"https:\/\/nyanpereira.fr\/dessinateur\/roughs-evenementiels-galeries-lafayette-rough-shiseido-scenographie-conception-stand-expostion\/\" \/>\n<meta property=\"og:site_name\" content=\"Service Cr\u00e9atif &amp; Pr\u00e9sentation Artistique\" \/>\n<meta property=\"article:published_time\" content=\"2020-05-13T14:28:08+00:00\" \/>\n<meta property=\"article:modified_time\" content=\"2021-04-28T06:20:43+00:00\" \/>\n<meta property=\"og:image\" content=\"https:\/\/nyanpereira.fr\/dessinateur\/wp-content\/uploads\/2020\/02\/02.scenographe.professionel.thetralisation.marketing.evenement.paris_.nice-min.jpg\" \/>\n\t<meta property=\"og:image:width\" content=\"650\" \/>\n\t<meta property=\"og:image:height\" content=\"945\" \/>\n\t<meta property=\"og:image:type\" content=\"image\/jpeg\" \/>\n<meta name=\"twitter:card\" content=\"summary_large_image\" \/>\n<meta name=\"twitter:label1\" content=\"\u00c9crit par\" \/>\n\t<meta name=\"twitter:data1\" content=\"dessinateur\" \/>\n\t<meta name=\"twitter:label2\" content=\"Dur\u00e9e de lecture estim\u00e9e\" \/>\n\t<meta name=\"twitter:data2\" content=\"2 minutes\" \/>\n<script type=\"application\/ld+json\" class=\"yoast-schema-graph\">{\"@context\":\"https:\/\/schema.org\",\"@graph\":[{\"@type\":\"Organization\",\"@id\":\"https:\/\/nyanpereira.fr\/dessinateur\/#organization\",\"name\":\"storyboarder Freelance\",\"url\":\"https:\/\/nyanpereira.fr\/dessinateur\/\",\"sameAs\":[],\"logo\":{\"@type\":\"ImageObject\",\"@id\":\"https:\/\/nyanpereira.fr\/dessinateur\/#logo\",\"inLanguage\":\"fr-FR\",\"url\":\"\",\"contentUrl\":\"\",\"caption\":\"storyboarder Freelance\"},\"image\":{\"@id\":\"https:\/\/nyanpereira.fr\/dessinateur\/#logo\"}},{\"@type\":\"WebSite\",\"@id\":\"https:\/\/nyanpereira.fr\/dessinateur\/#website\",\"url\":\"https:\/\/nyanpereira.fr\/dessinateur\/\",\"name\":\"Service Cr\\u00e9atif &amp; Pr\\u00e9sentation Artistique\",\"description\":\"Roughs, Storyboard, Antimatic &amp; Photomontage\",\"publisher\":{\"@id\":\"https:\/\/nyanpereira.fr\/dessinateur\/#organization\"},\"potentialAction\":[{\"@type\":\"SearchAction\",\"target\":{\"@type\":\"EntryPoint\",\"urlTemplate\":\"https:\/\/nyanpereira.fr\/dessinateur\/?s={search_term_string}\"},\"query-input\":\"required name=search_term_string\"}],\"inLanguage\":\"fr-FR\"},{\"@type\":\"ImageObject\",\"@id\":\"https:\/\/nyanpereira.fr\/dessinateur\/roughs-evenementiels-galeries-lafayette-rough-shiseido-scenographie-conception-stand-expostion\/#primaryimage\",\"inLanguage\":\"fr-FR\",\"url\":\"https:\/\/nyanpereira.fr\/dessinateur\/wp-content\/uploads\/2020\/02\/02.scenographe.professionel.thetralisation.marketing.evenement.paris_.nice-min.jpg\",\"contentUrl\":\"https:\/\/nyanpereira.fr\/dessinateur\/wp-content\/uploads\/2020\/02\/02.scenographe.professionel.thetralisation.marketing.evenement.paris_.nice-min.jpg\",\"width\":650,\"height\":945,\"caption\":\"Roughs \\u00c9v\\u00e8nementiels SHISHEDO magasin \\u00e9ph\\u00e9m\\u00e8re galerie la fayette\"},{\"@type\":\"WebPage\",\"@id\":\"https:\/\/nyanpereira.fr\/dessinateur\/roughs-evenementiels-galeries-lafayette-rough-shiseido-scenographie-conception-stand-expostion\/#webpage\",\"url\":\"https:\/\/nyanpereira.fr\/dessinateur\/roughs-evenementiels-galeries-lafayette-rough-shiseido-scenographie-conception-stand-expostion\/\",\"name\":\"Shiseido \/ Roughs \\u00c9v\\u00e9nementiels pour les Galeries Lafayette de Paris.\",\"isPartOf\":{\"@id\":\"https:\/\/nyanpereira.fr\/dessinateur\/#website\"},\"primaryImageOfPage\":{\"@id\":\"https:\/\/nyanpereira.fr\/dessinateur\/roughs-evenementiels-galeries-lafayette-rough-shiseido-scenographie-conception-stand-expostion\/#primaryimage\"},\"datePublished\":\"2020-05-13T14:28:08+00:00\",\"dateModified\":\"2021-04-28T06:20:43+00:00\",\"description\":\"Voici plusieurs exemples de roughs \\u00e9v\\u00e9nementiels r\\u00e9alis\\u00e9s dans le cadre d'une r\\u00e9flexions sc\\u00e9nographiques pour Shiseido & Les Galeries Lafayette de PARIS\",\"breadcrumb\":{\"@id\":\"https:\/\/nyanpereira.fr\/dessinateur\/roughs-evenementiels-galeries-lafayette-rough-shiseido-scenographie-conception-stand-expostion\/#breadcrumb\"},\"inLanguage\":\"fr-FR\",\"potentialAction\":[{\"@type\":\"ReadAction\",\"target\":[\"https:\/\/nyanpereira.fr\/dessinateur\/roughs-evenementiels-galeries-lafayette-rough-shiseido-scenographie-conception-stand-expostion\/\"]}]},{\"@type\":\"BreadcrumbList\",\"@id\":\"https:\/\/nyanpereira.fr\/dessinateur\/roughs-evenementiels-galeries-lafayette-rough-shiseido-scenographie-conception-stand-expostion\/#breadcrumb\",\"itemListElement\":[{\"@type\":\"ListItem\",\"position\":1,\"name\":\"Accueil\",\"item\":\"https:\/\/nyanpereira.fr\/dessinateur\/\"},{\"@type\":\"ListItem\",\"position\":2,\"name\":\"Shiseido \/ Roughs \\u00c9v\\u00e9nementiels \/ Galeries Lafayette \\u00e0 Paris.\"}]},{\"@type\":\"Article\",\"@id\":\"https:\/\/nyanpereira.fr\/dessinateur\/roughs-evenementiels-galeries-lafayette-rough-shiseido-scenographie-conception-stand-expostion\/#article\",\"isPartOf\":{\"@id\":\"https:\/\/nyanpereira.fr\/dessinateur\/roughs-evenementiels-galeries-lafayette-rough-shiseido-scenographie-conception-stand-expostion\/#webpage\"},\"author\":{\"@id\":\"https:\/\/nyanpereira.fr\/dessinateur\/#\/schema\/person\/d771f144e8b1bdf8b790b02ba31f71d2\"},\"headline\":\"Shiseido \/ Roughs \\u00c9v\\u00e9nementiels \/ Galeries Lafayette \\u00e0 Paris.\",\"datePublished\":\"2020-05-13T14:28:08+00:00\",\"dateModified\":\"2021-04-28T06:20:43+00:00\",\"mainEntityOfPage\":{\"@id\":\"https:\/\/nyanpereira.fr\/dessinateur\/roughs-evenementiels-galeries-lafayette-rough-shiseido-scenographie-conception-stand-expostion\/#webpage\"},\"wordCount\":460,\"publisher\":{\"@id\":\"https:\/\/nyanpereira.fr\/dessinateur\/#organization\"},\"image\":{\"@id\":\"https:\/\/nyanpereira.fr\/dessinateur\/roughs-evenementiels-galeries-lafayette-rough-shiseido-scenographie-conception-stand-expostion\/#primaryimage\"},\"thumbnailUrl\":\"https:\/\/nyanpereira.fr\/dessinateur\/wp-content\/uploads\/2020\/02\/02.scenographe.professionel.thetralisation.marketing.evenement.paris_.nice-min.jpg\",\"keywords\":[\"Espace de vente attrayant\",\"Presentation Dispositif marketing\",\"Recherches graphique &amp; sc\\u00e9nographique\",\"sc\\u00e9nographe freelance marketing \/ Nice C\\u00f4te d'AZUR\",\"Sc\\u00e9nographe freelance marketing \/ Paris \\u00eele-de-france\",\"sc\\u00e9nographes d'espaces commerciale (evenementiel)\",\"Sc\\u00e9nographie salon professionnel\",\"Sc\\u00e9nographies pop-up Store\"],\"articleSection\":[\"Marketing in-store\",\"Pop-up Stores cr\\u00e9atifs\",\"Sc\\u00e9nographique &amp; Th\\u00e9atralisation\"],\"inLanguage\":\"fr-FR\"},{\"@type\":\"Person\",\"@id\":\"https:\/\/nyanpereira.fr\/dessinateur\/#\/schema\/person\/d771f144e8b1bdf8b790b02ba31f71d2\",\"name\":\"dessinateur\",\"image\":{\"@type\":\"ImageObject\",\"@id\":\"https:\/\/nyanpereira.fr\/dessinateur\/#personlogo\",\"inLanguage\":\"fr-FR\",\"url\":\"https:\/\/secure.gravatar.com\/avatar\/acd3615833cd4e0b23d9f45973008c34?s=96&d=mm&r=g\",\"contentUrl\":\"https:\/\/secure.gravatar.com\/avatar\/acd3615833cd4e0b23d9f45973008c34?s=96&d=mm&r=g\",\"caption\":\"dessinateur\"},\"url\":\"https:\/\/nyanpereira.fr\/dessinateur\/author\/dessinateur\/\"}]}<\/script>\n<!-- \/ Yoast SEO plugin. -->","yoast_head_json":{"title":"Shiseido \/ Roughs \u00c9v\u00e9nementiels pour les Galeries Lafayette de Paris.","description":"Voici plusieurs exemples de roughs \u00e9v\u00e9nementiels r\u00e9alis\u00e9s dans le cadre d'une r\u00e9flexions sc\u00e9nographiques pour Shiseido & Les Galeries Lafayette de PARIS","robots":{"index":"index","follow":"follow","max-snippet":"max-snippet:-1","max-image-preview":"max-image-preview:large","max-video-preview":"max-video-preview:-1"},"canonical":"https:\/\/nyanpereira.fr\/dessinateur\/roughs-evenementiels-galeries-lafayette-rough-shiseido-scenographie-conception-stand-expostion\/","og_locale":"fr_FR","og_type":"article","og_title":"Shiseido \/ Roughs \u00c9v\u00e9nementiels pour les Galeries Lafayette de Paris.","og_description":"Voici plusieurs exemples de roughs \u00e9v\u00e9nementiels r\u00e9alis\u00e9s dans le cadre d'une r\u00e9flexions sc\u00e9nographiques pour Shiseido & Les Galeries Lafayette de PARIS","og_url":"https:\/\/nyanpereira.fr\/dessinateur\/roughs-evenementiels-galeries-lafayette-rough-shiseido-scenographie-conception-stand-expostion\/","og_site_name":"Service Cr\u00e9atif &amp; Pr\u00e9sentation Artistique","article_published_time":"2020-05-13T14:28:08+00:00","article_modified_time":"2021-04-28T06:20:43+00:00","og_image":[{"width":650,"height":945,"url":"https:\/\/nyanpereira.fr\/dessinateur\/wp-content\/uploads\/2020\/02\/02.scenographe.professionel.thetralisation.marketing.evenement.paris_.nice-min.jpg","type":"image\/jpeg"}],"twitter_card":"summary_large_image","twitter_misc":{"\u00c9crit par":"dessinateur","Dur\u00e9e de lecture estim\u00e9e":"2 minutes"},"schema":{"@context":"https:\/\/schema.org","@graph":[{"@type":"Organization","@id":"https:\/\/nyanpereira.fr\/dessinateur\/#organization","name":"storyboarder Freelance","url":"https:\/\/nyanpereira.fr\/dessinateur\/","sameAs":[],"logo":{"@type":"ImageObject","@id":"https:\/\/nyanpereira.fr\/dessinateur\/#logo","inLanguage":"fr-FR","url":"","contentUrl":"","caption":"storyboarder Freelance"},"image":{"@id":"https:\/\/nyanpereira.fr\/dessinateur\/#logo"}},{"@type":"WebSite","@id":"https:\/\/nyanpereira.fr\/dessinateur\/#website","url":"https:\/\/nyanpereira.fr\/dessinateur\/","name":"Service Cr\u00e9atif &amp; Pr\u00e9sentation Artistique","description":"Roughs, Storyboard, Antimatic &amp; Photomontage","publisher":{"@id":"https:\/\/nyanpereira.fr\/dessinateur\/#organization"},"potentialAction":[{"@type":"SearchAction","target":{"@type":"EntryPoint","urlTemplate":"https:\/\/nyanpereira.fr\/dessinateur\/?s={search_term_string}"},"query-input":"required name=search_term_string"}],"inLanguage":"fr-FR"},{"@type":"ImageObject","@id":"https:\/\/nyanpereira.fr\/dessinateur\/roughs-evenementiels-galeries-lafayette-rough-shiseido-scenographie-conception-stand-expostion\/#primaryimage","inLanguage":"fr-FR","url":"https:\/\/nyanpereira.fr\/dessinateur\/wp-content\/uploads\/2020\/02\/02.scenographe.professionel.thetralisation.marketing.evenement.paris_.nice-min.jpg","contentUrl":"https:\/\/nyanpereira.fr\/dessinateur\/wp-content\/uploads\/2020\/02\/02.scenographe.professionel.thetralisation.marketing.evenement.paris_.nice-min.jpg","width":650,"height":945,"caption":"Roughs \u00c9v\u00e8nementiels SHISHEDO magasin \u00e9ph\u00e9m\u00e8re galerie la fayette"},{"@type":"WebPage","@id":"https:\/\/nyanpereira.fr\/dessinateur\/roughs-evenementiels-galeries-lafayette-rough-shiseido-scenographie-conception-stand-expostion\/#webpage","url":"https:\/\/nyanpereira.fr\/dessinateur\/roughs-evenementiels-galeries-lafayette-rough-shiseido-scenographie-conception-stand-expostion\/","name":"Shiseido \/ Roughs \u00c9v\u00e9nementiels pour les Galeries Lafayette de Paris.","isPartOf":{"@id":"https:\/\/nyanpereira.fr\/dessinateur\/#website"},"primaryImageOfPage":{"@id":"https:\/\/nyanpereira.fr\/dessinateur\/roughs-evenementiels-galeries-lafayette-rough-shiseido-scenographie-conception-stand-expostion\/#primaryimage"},"datePublished":"2020-05-13T14:28:08+00:00","dateModified":"2021-04-28T06:20:43+00:00","description":"Voici plusieurs exemples de roughs \u00e9v\u00e9nementiels r\u00e9alis\u00e9s dans le cadre d'une r\u00e9flexions sc\u00e9nographiques pour Shiseido & Les Galeries Lafayette de PARIS","breadcrumb":{"@id":"https:\/\/nyanpereira.fr\/dessinateur\/roughs-evenementiels-galeries-lafayette-rough-shiseido-scenographie-conception-stand-expostion\/#breadcrumb"},"inLanguage":"fr-FR","potentialAction":[{"@type":"ReadAction","target":["https:\/\/nyanpereira.fr\/dessinateur\/roughs-evenementiels-galeries-lafayette-rough-shiseido-scenographie-conception-stand-expostion\/"]}]},{"@type":"BreadcrumbList","@id":"https:\/\/nyanpereira.fr\/dessinateur\/roughs-evenementiels-galeries-lafayette-rough-shiseido-scenographie-conception-stand-expostion\/#breadcrumb","itemListElement":[{"@type":"ListItem","position":1,"name":"Accueil","item":"https:\/\/nyanpereira.fr\/dessinateur\/"},{"@type":"ListItem","position":2,"name":"Shiseido \/ Roughs \u00c9v\u00e9nementiels \/ Galeries Lafayette \u00e0 Paris."}]},{"@type":"Article","@id":"https:\/\/nyanpereira.fr\/dessinateur\/roughs-evenementiels-galeries-lafayette-rough-shiseido-scenographie-conception-stand-expostion\/#article","isPartOf":{"@id":"https:\/\/nyanpereira.fr\/dessinateur\/roughs-evenementiels-galeries-lafayette-rough-shiseido-scenographie-conception-stand-expostion\/#webpage"},"author":{"@id":"https:\/\/nyanpereira.fr\/dessinateur\/#\/schema\/person\/d771f144e8b1bdf8b790b02ba31f71d2"},"headline":"Shiseido \/ Roughs \u00c9v\u00e9nementiels \/ Galeries Lafayette \u00e0 Paris.","datePublished":"2020-05-13T14:28:08+00:00","dateModified":"2021-04-28T06:20:43+00:00","mainEntityOfPage":{"@id":"https:\/\/nyanpereira.fr\/dessinateur\/roughs-evenementiels-galeries-lafayette-rough-shiseido-scenographie-conception-stand-expostion\/#webpage"},"wordCount":460,"publisher":{"@id":"https:\/\/nyanpereira.fr\/dessinateur\/#organization"},"image":{"@id":"https:\/\/nyanpereira.fr\/dessinateur\/roughs-evenementiels-galeries-lafayette-rough-shiseido-scenographie-conception-stand-expostion\/#primaryimage"},"thumbnailUrl":"https:\/\/nyanpereira.fr\/dessinateur\/wp-content\/uploads\/2020\/02\/02.scenographe.professionel.thetralisation.marketing.evenement.paris_.nice-min.jpg","keywords":["Espace de vente attrayant","Presentation Dispositif marketing","Recherches graphique &amp; sc\u00e9nographique","sc\u00e9nographe freelance marketing \/ Nice C\u00f4te d'AZUR","Sc\u00e9nographe freelance marketing \/ Paris \u00eele-de-france","sc\u00e9nographes d'espaces commerciale (evenementiel)","Sc\u00e9nographie salon professionnel","Sc\u00e9nographies pop-up Store"],"articleSection":["Marketing in-store","Pop-up Stores cr\u00e9atifs","Sc\u00e9nographique &amp; Th\u00e9atralisation"],"inLanguage":"fr-FR"},{"@type":"Person","@id":"https:\/\/nyanpereira.fr\/dessinateur\/#\/schema\/person\/d771f144e8b1bdf8b790b02ba31f71d2","name":"dessinateur","image":{"@type":"ImageObject","@id":"https:\/\/nyanpereira.fr\/dessinateur\/#personlogo","inLanguage":"fr-FR","url":"https:\/\/secure.gravatar.com\/avatar\/acd3615833cd4e0b23d9f45973008c34?s=96&d=mm&r=g","contentUrl":"https:\/\/secure.gravatar.com\/avatar\/acd3615833cd4e0b23d9f45973008c34?s=96&d=mm&r=g","caption":"dessinateur"},"url":"https:\/\/nyanpereira.fr\/dessinateur\/author\/dessinateur\/"}]}},"_links":{"self":[{"href":"https:\/\/nyanpereira.fr\/dessinateur\/wp-json\/wp\/v2\/posts\/8675"}],"collection":[{"href":"https:\/\/nyanpereira.fr\/dessinateur\/wp-json\/wp\/v2\/posts"}],"about":[{"href":"https:\/\/nyanpereira.fr\/dessinateur\/wp-json\/wp\/v2\/types\/post"}],"author":[{"embeddable":true,"href":"https:\/\/nyanpereira.fr\/dessinateur\/wp-json\/wp\/v2\/users\/1"}],"replies":[{"embeddable":true,"href":"https:\/\/nyanpereira.fr\/dessinateur\/wp-json\/wp\/v2\/comments?post=8675"}],"version-history":[{"count":4,"href":"https:\/\/nyanpereira.fr\/dessinateur\/wp-json\/wp\/v2\/posts\/8675\/revisions"}],"predecessor-version":[{"id":8682,"href":"https:\/\/nyanpereira.fr\/dessinateur\/wp-json\/wp\/v2\/posts\/8675\/revisions\/8682"}],"wp:featuredmedia":[{"embeddable":true,"href":"https:\/\/nyanpereira.fr\/dessinateur\/wp-json\/wp\/v2\/media\/7664"}],"wp:attachment":[{"href":"https:\/\/nyanpereira.fr\/dessinateur\/wp-json\/wp\/v2\/media?parent=8675"}],"wp:term":[{"taxonomy":"category","embeddable":true,"href":"https:\/\/nyanpereira.fr\/dessinateur\/wp-json\/wp\/v2\/categories?post=8675"},{"taxonomy":"post_tag","embeddable":true,"href":"https:\/\/nyanpereira.fr\/dessinateur\/wp-json\/wp\/v2\/tags?post=8675"}],"curies":[{"name":"wp","href":"https:\/\/api.w.org\/{rel}","templated":true}]}}