{"id":8629,"date":"2019-05-12T09:27:46","date_gmt":"2019-05-12T08:27:46","guid":{"rendered":"https:\/\/nyanpereira.fr\/dessinateur\/?p=8629"},"modified":"2021-04-30T15:06:09","modified_gmt":"2021-04-30T14:06:09","slug":"production-animatics-pub-alsa-storybord-campagne-spot-tv","status":"publish","type":"post","link":"https:\/\/nyanpereira.fr\/dessinateur\/production-animatics-pub-alsa-storybord-campagne-spot-tv\/","title":{"rendered":"PUB ALSA \/ Animatic production"},"content":{"rendered":"<h2>Pr\u00e9-test publicitaire Alsa : Campagnes m\u00e9dia<\/h2>\n<p>C&rsquo;est parce que certaines marques ont besoin de prendre des d\u00e9cisions strat\u00e9giques. Pour v\u00e9rifier l&rsquo;efficacit\u00e9 d&rsquo;une campagne de communication ou identifier les consommateurs non-convaincus. Que nous d\u00e9veloppons des animatics aussi appel\u00e9es des pr\u00e9s-test publicitaires. Un outil de pr\u00e9sentation qui d&rsquo;aide nos clients dans leurs prises de d\u00e9cisions. Mais surtout qui leurs fournit des \u00e9l\u00e9ments d&rsquo;analyse visant \u00e0 am\u00e9liorer les messages publicitaires.<\/p>\n<p><strong>En d&rsquo;autres termes, cette techniques de pr\u00e9sentation permet de tester les diff\u00e9rentes versions d\u2019un message sur un \u00e9chantillon de la cible.<\/strong> Men\u00e9 avant la mise en \u0153uvre d\u2019une campagne de communication, l&rsquo;animatic vise g\u00e9n\u00e9ralement \u00e0 s\u2019assurer de l\u2019efficacit\u00e9 du message publicitaire. <strong>Un presentation anim\u00e9e qui s&rsquo;adapte \u00e0 tout type de d\u00e9marche publicitaire : tout secteur d&rsquo;activit\u00e9, tout m\u00e9dia et tout objectif de communication. <\/strong><\/p>\n<h3>Exemple Pr\u00e9-test publicitaire \/ ANIMATIC<\/h3>\n<p><strong>D\u00e9couvrez un exemple d&rsquo;Animatic travaill\u00e9e pour le Pr\u00e9-test publicitaire d&rsquo;un lancement de produit Alsa.<\/strong> Il s\u2019agit d&rsquo;un spot <strong>PUB\u2022TV<\/strong> qui pr\u00e9sente mes fruits au Four Minute d&rsquo;ALSA. Une animation 2D qui vous propose notamment de <span class=\"style-scope yt-formatted-string\" dir=\"auto\">d\u00e9guster en famille des fruits encore plus savoureux gr\u00e2ce \u00e0 une cuisson en papillote et une sauce incroyablement onctueuse ! <\/span><\/p>\n<p>&nbsp;<\/p>\n<p><div class=\"video-container\"><iframe src=\"https:\/\/player.vimeo.com\/video\/84380828?title=0&amp;byline=0&amp;portrait=0\" width=\"\" height=\"\" frameborder=\"0\" webkitallowfullscreen mozallowfullscreen allowfullscreen><\/iframe><\/div><br \/>\n<div class=\"video-container\"><iframe title=\"YouTube video player\" width=\"\" height=\"\" src=\"https:\/\/www.youtube.com\/embed\/l5A7a8ao0T0?theme=dark&rel=0&wmode=transparent\" frameborder=\"0\" allowfullscreen><\/iframe><\/div><\/p>\n<p><strong>La cr\u00e9ation et la production d\u2019Animatique pour le secteur de la publicit\u00e9 est pour ceux qui ne laisse aucune de place au hasard !<\/strong> Quand le motion-design croise un storyboarder sp\u00e9cialis\u00e9s dans la publicit\u00e9. Cela donne naissance \u00e0 l&rsquo;animatic.<\/p>\n<ul>\n<li>Con\u00e7us pour s\u2019adresser \u00e0 un publique donn\u00e9 dans un bute <span class=\"msg__line\"><span class=\"js-spelling-suggestion-link\"><b>pr\u00e9cis<\/b><\/span><\/span>. <em>Susciter la curiosit\u00e9, ingr\u00e9dient essentiel pour g\u00e9n\u00e9rer de l\u2019attachement !<\/em><\/li>\n<li>Grande libert\u00e9 cr\u00e9ative pour imaginer des sc\u00e8nes attractives, dans des lieux de vie moderne ou dans des d\u00e9cors m\u00e9di\u00e9vaux.<\/li>\n<li>L\u2019animation permet d&rsquo;\u00e9laborer des transitions fluides entre chaque s\u00e9quence avant de se lancer en production.<\/li>\n<\/ul>\n<p><strong>En d\u2019autre terme, c\u2019est une technique de pr\u00e9sentation avanc\u00e9e d\u2019un spot de pub, d\u2019un film ou d\u2019une animation. Elle permet de d\u00e9finir les temps, les mouvements mais aussi les voix-off et la musique de chacune des s\u00e9quences avant de lancer une production.<\/strong><\/p>\n<p>&nbsp;<\/p>\n<p style=\"text-align: center;\"><a class=\"button small \" onclick=\"window.open('https:\/\/nyanpereira.fr\/dessinateur\/storyborder-freelance-paris-nice\/creation-production-animatics-secteur-publicite-communication\/', '_self')\">Plus d&rsquo;animatics &amp; pr\u00e9 test pub<\/a><\/p>\n<p style=\"text-align: center;\"><span style=\"color: #999999;\"><em><strong>Roughman :<\/strong> <a style=\"color: #999999;\" href=\"http:\/\/www.virginie.fr\/rough\/florence-brossard\/\" target=\"_blank\" rel=\"noopener noreferrer\">Florence Brossard<\/a><\/em><\/span><br \/>\n<span style=\"color: #999999;\"><em><strong>Animatic Alsa :<\/strong> Yann PEREIRA<\/em><\/span><\/p>\n<p>&nbsp;<\/p>\n<p style=\"text-align: center;\"><a href=\"https:\/\/www.alsa.fr\/\" target=\"_blank\" rel=\"noopener noreferrer\"><img loading=\"lazy\" class=\"size-full wp-image-8631 aligncenter\" src=\"https:\/\/nyanpereira.fr\/dessinateur\/wp-content\/uploads\/2020\/05\/Logo.Alsa_.jpg\" alt=\"\" width=\"400\" height=\"185\" \/><\/a><\/p>\n","protected":false},"excerpt":{"rendered":"","protected":false},"author":1,"featured_media":7168,"comment_status":"closed","ping_status":"closed","sticky":false,"template":"","format":"standard","meta":[],"categories":[74],"tags":[385,115,172,93,369,104,367,398,299],"yoast_head":"<!-- This site is optimized with the Yoast SEO plugin v17.9 - https:\/\/yoast.com\/wordpress\/plugins\/seo\/ -->\n<title>PUB ALSA \/ Animatic production \/\/ DEVIS ANIMATIC &amp; PR\u00c9 TEST PUB<\/title>\n<meta name=\"description\" content=\"PUB ALSA \/ animatic storyboard, Storyboarding pub &amp; Animation 2D - Pr\u00e9-test publicitaire Alsa - tarif animateur 2D\" \/>\n<meta name=\"robots\" content=\"index, follow, max-snippet:-1, max-image-preview:large, max-video-preview:-1\" \/>\n<link rel=\"canonical\" href=\"https:\/\/nyanpereira.fr\/dessinateur\/production-animatics-pub-alsa-storybord-campagne-spot-tv\/\" \/>\n<meta property=\"og:locale\" content=\"fr_FR\" \/>\n<meta property=\"og:type\" content=\"article\" \/>\n<meta property=\"og:title\" content=\"PUB ALSA \/ Animatic production \/\/ DEVIS ANIMATIC &amp; PR\u00c9 TEST PUB\" \/>\n<meta property=\"og:description\" content=\"PUB ALSA \/ animatic storyboard, Storyboarding pub &amp; Animation 2D - Pr\u00e9-test publicitaire Alsa - tarif animateur 2D\" \/>\n<meta property=\"og:url\" content=\"https:\/\/nyanpereira.fr\/dessinateur\/production-animatics-pub-alsa-storybord-campagne-spot-tv\/\" \/>\n<meta property=\"og:site_name\" content=\"Service Cr\u00e9atif &amp; Pr\u00e9sentation Artistique\" \/>\n<meta property=\"article:published_time\" content=\"2019-05-12T08:27:46+00:00\" \/>\n<meta property=\"article:modified_time\" content=\"2021-04-30T14:06:09+00:00\" \/>\n<meta property=\"og:image\" content=\"https:\/\/nyanpereira.fr\/dessinateur\/wp-content\/uploads\/2020\/01\/Animatic.alsa_.publicite.video_.Dessin.animateur.2d.Paca_.france.jpg.jpg\" \/>\n\t<meta property=\"og:image:width\" content=\"400\" \/>\n\t<meta property=\"og:image:height\" content=\"222\" \/>\n\t<meta property=\"og:image:type\" content=\"image\/jpeg\" \/>\n<meta name=\"twitter:card\" content=\"summary_large_image\" \/>\n<meta name=\"twitter:label1\" content=\"\u00c9crit par\" \/>\n\t<meta name=\"twitter:data1\" content=\"dessinateur\" \/>\n\t<meta name=\"twitter:label2\" content=\"Dur\u00e9e de lecture estim\u00e9e\" \/>\n\t<meta name=\"twitter:data2\" content=\"2 minutes\" \/>\n<script type=\"application\/ld+json\" class=\"yoast-schema-graph\">{\"@context\":\"https:\/\/schema.org\",\"@graph\":[{\"@type\":\"Organization\",\"@id\":\"https:\/\/nyanpereira.fr\/dessinateur\/#organization\",\"name\":\"storyboarder Freelance\",\"url\":\"https:\/\/nyanpereira.fr\/dessinateur\/\",\"sameAs\":[],\"logo\":{\"@type\":\"ImageObject\",\"@id\":\"https:\/\/nyanpereira.fr\/dessinateur\/#logo\",\"inLanguage\":\"fr-FR\",\"url\":\"\",\"contentUrl\":\"\",\"caption\":\"storyboarder Freelance\"},\"image\":{\"@id\":\"https:\/\/nyanpereira.fr\/dessinateur\/#logo\"}},{\"@type\":\"WebSite\",\"@id\":\"https:\/\/nyanpereira.fr\/dessinateur\/#website\",\"url\":\"https:\/\/nyanpereira.fr\/dessinateur\/\",\"name\":\"Service Cr\\u00e9atif &amp; Pr\\u00e9sentation Artistique\",\"description\":\"Roughs, Storyboard, Antimatic &amp; Photomontage\",\"publisher\":{\"@id\":\"https:\/\/nyanpereira.fr\/dessinateur\/#organization\"},\"potentialAction\":[{\"@type\":\"SearchAction\",\"target\":{\"@type\":\"EntryPoint\",\"urlTemplate\":\"https:\/\/nyanpereira.fr\/dessinateur\/?s={search_term_string}\"},\"query-input\":\"required name=search_term_string\"}],\"inLanguage\":\"fr-FR\"},{\"@type\":\"ImageObject\",\"@id\":\"https:\/\/nyanpereira.fr\/dessinateur\/production-animatics-pub-alsa-storybord-campagne-spot-tv\/#primaryimage\",\"inLanguage\":\"fr-FR\",\"url\":\"https:\/\/nyanpereira.fr\/dessinateur\/wp-content\/uploads\/2020\/01\/Animatic.alsa_.publicite.video_.Dessin.animateur.2d.Paca_.france.jpg.jpg\",\"contentUrl\":\"https:\/\/nyanpereira.fr\/dessinateur\/wp-content\/uploads\/2020\/01\/Animatic.alsa_.publicite.video_.Dessin.animateur.2d.Paca_.france.jpg.jpg\",\"width\":400,\"height\":222,\"caption\":\"Animatic.alsa.publicite.video.Dessin.animateur.2d.Paca.france.jpg\"},{\"@type\":\"WebPage\",\"@id\":\"https:\/\/nyanpereira.fr\/dessinateur\/production-animatics-pub-alsa-storybord-campagne-spot-tv\/#webpage\",\"url\":\"https:\/\/nyanpereira.fr\/dessinateur\/production-animatics-pub-alsa-storybord-campagne-spot-tv\/\",\"name\":\"PUB ALSA \/ Animatic production \/\/ DEVIS ANIMATIC & PR\\u00c9 TEST PUB\",\"isPartOf\":{\"@id\":\"https:\/\/nyanpereira.fr\/dessinateur\/#website\"},\"primaryImageOfPage\":{\"@id\":\"https:\/\/nyanpereira.fr\/dessinateur\/production-animatics-pub-alsa-storybord-campagne-spot-tv\/#primaryimage\"},\"datePublished\":\"2019-05-12T08:27:46+00:00\",\"dateModified\":\"2021-04-30T14:06:09+00:00\",\"description\":\"PUB ALSA \/ animatic storyboard, Storyboarding pub & Animation 2D - Pr\\u00e9-test publicitaire Alsa - tarif animateur 2D\",\"breadcrumb\":{\"@id\":\"https:\/\/nyanpereira.fr\/dessinateur\/production-animatics-pub-alsa-storybord-campagne-spot-tv\/#breadcrumb\"},\"inLanguage\":\"fr-FR\",\"potentialAction\":[{\"@type\":\"ReadAction\",\"target\":[\"https:\/\/nyanpereira.fr\/dessinateur\/production-animatics-pub-alsa-storybord-campagne-spot-tv\/\"]}]},{\"@type\":\"BreadcrumbList\",\"@id\":\"https:\/\/nyanpereira.fr\/dessinateur\/production-animatics-pub-alsa-storybord-campagne-spot-tv\/#breadcrumb\",\"itemListElement\":[{\"@type\":\"ListItem\",\"position\":1,\"name\":\"Accueil\",\"item\":\"https:\/\/nyanpereira.fr\/dessinateur\/\"},{\"@type\":\"ListItem\",\"position\":2,\"name\":\"PUB ALSA \/ Animatic production\"}]},{\"@type\":\"Article\",\"@id\":\"https:\/\/nyanpereira.fr\/dessinateur\/production-animatics-pub-alsa-storybord-campagne-spot-tv\/#article\",\"isPartOf\":{\"@id\":\"https:\/\/nyanpereira.fr\/dessinateur\/production-animatics-pub-alsa-storybord-campagne-spot-tv\/#webpage\"},\"author\":{\"@id\":\"https:\/\/nyanpereira.fr\/dessinateur\/#\/schema\/person\/d771f144e8b1bdf8b790b02ba31f71d2\"},\"headline\":\"PUB ALSA \/ Animatic production\",\"datePublished\":\"2019-05-12T08:27:46+00:00\",\"dateModified\":\"2021-04-30T14:06:09+00:00\",\"mainEntityOfPage\":{\"@id\":\"https:\/\/nyanpereira.fr\/dessinateur\/production-animatics-pub-alsa-storybord-campagne-spot-tv\/#webpage\"},\"wordCount\":427,\"publisher\":{\"@id\":\"https:\/\/nyanpereira.fr\/dessinateur\/#organization\"},\"image\":{\"@id\":\"https:\/\/nyanpereira.fr\/dessinateur\/production-animatics-pub-alsa-storybord-campagne-spot-tv\/#primaryimage\"},\"thumbnailUrl\":\"https:\/\/nyanpereira.fr\/dessinateur\/wp-content\/uploads\/2020\/01\/Animatic.alsa_.publicite.video_.Dessin.animateur.2d.Paca_.france.jpg.jpg\",\"keywords\":[\"Animateur 2D Freelance Paris \/ \\u00eele de France\",\"Animatic - Dessins anim\\u00e9s\",\"Dessinateur Sc\\u00e9nario \\u2022 SPOTTV\",\"Motion designer PACA freelance\",\"Roughman - Storyboarder &amp; Animatic PACA\",\"Roughman Storyboarder &amp; Animatic PARIS(75)\",\"Storyboard paris - Pr\\u00e9-tests Publicit\\u00e9\",\"Storyboarder Paris\",\"storybording\"],\"articleSection\":[\"Animatics &amp; Vid\\u00e9oMotion\"],\"inLanguage\":\"fr-FR\"},{\"@type\":\"Person\",\"@id\":\"https:\/\/nyanpereira.fr\/dessinateur\/#\/schema\/person\/d771f144e8b1bdf8b790b02ba31f71d2\",\"name\":\"dessinateur\",\"image\":{\"@type\":\"ImageObject\",\"@id\":\"https:\/\/nyanpereira.fr\/dessinateur\/#personlogo\",\"inLanguage\":\"fr-FR\",\"url\":\"https:\/\/secure.gravatar.com\/avatar\/acd3615833cd4e0b23d9f45973008c34?s=96&d=mm&r=g\",\"contentUrl\":\"https:\/\/secure.gravatar.com\/avatar\/acd3615833cd4e0b23d9f45973008c34?s=96&d=mm&r=g\",\"caption\":\"dessinateur\"},\"url\":\"https:\/\/nyanpereira.fr\/dessinateur\/author\/dessinateur\/\"}]}<\/script>\n<!-- \/ Yoast SEO plugin. -->","yoast_head_json":{"title":"PUB ALSA \/ Animatic production \/\/ DEVIS ANIMATIC & PR\u00c9 TEST PUB","description":"PUB ALSA \/ animatic storyboard, Storyboarding pub & Animation 2D - Pr\u00e9-test publicitaire Alsa - tarif animateur 2D","robots":{"index":"index","follow":"follow","max-snippet":"max-snippet:-1","max-image-preview":"max-image-preview:large","max-video-preview":"max-video-preview:-1"},"canonical":"https:\/\/nyanpereira.fr\/dessinateur\/production-animatics-pub-alsa-storybord-campagne-spot-tv\/","og_locale":"fr_FR","og_type":"article","og_title":"PUB ALSA \/ Animatic production \/\/ DEVIS ANIMATIC & PR\u00c9 TEST PUB","og_description":"PUB ALSA \/ animatic storyboard, Storyboarding pub & Animation 2D - Pr\u00e9-test publicitaire Alsa - tarif animateur 2D","og_url":"https:\/\/nyanpereira.fr\/dessinateur\/production-animatics-pub-alsa-storybord-campagne-spot-tv\/","og_site_name":"Service Cr\u00e9atif &amp; Pr\u00e9sentation Artistique","article_published_time":"2019-05-12T08:27:46+00:00","article_modified_time":"2021-04-30T14:06:09+00:00","og_image":[{"width":400,"height":222,"url":"https:\/\/nyanpereira.fr\/dessinateur\/wp-content\/uploads\/2020\/01\/Animatic.alsa_.publicite.video_.Dessin.animateur.2d.Paca_.france.jpg.jpg","type":"image\/jpeg"}],"twitter_card":"summary_large_image","twitter_misc":{"\u00c9crit par":"dessinateur","Dur\u00e9e de lecture estim\u00e9e":"2 minutes"},"schema":{"@context":"https:\/\/schema.org","@graph":[{"@type":"Organization","@id":"https:\/\/nyanpereira.fr\/dessinateur\/#organization","name":"storyboarder Freelance","url":"https:\/\/nyanpereira.fr\/dessinateur\/","sameAs":[],"logo":{"@type":"ImageObject","@id":"https:\/\/nyanpereira.fr\/dessinateur\/#logo","inLanguage":"fr-FR","url":"","contentUrl":"","caption":"storyboarder Freelance"},"image":{"@id":"https:\/\/nyanpereira.fr\/dessinateur\/#logo"}},{"@type":"WebSite","@id":"https:\/\/nyanpereira.fr\/dessinateur\/#website","url":"https:\/\/nyanpereira.fr\/dessinateur\/","name":"Service Cr\u00e9atif &amp; Pr\u00e9sentation Artistique","description":"Roughs, Storyboard, Antimatic &amp; Photomontage","publisher":{"@id":"https:\/\/nyanpereira.fr\/dessinateur\/#organization"},"potentialAction":[{"@type":"SearchAction","target":{"@type":"EntryPoint","urlTemplate":"https:\/\/nyanpereira.fr\/dessinateur\/?s={search_term_string}"},"query-input":"required name=search_term_string"}],"inLanguage":"fr-FR"},{"@type":"ImageObject","@id":"https:\/\/nyanpereira.fr\/dessinateur\/production-animatics-pub-alsa-storybord-campagne-spot-tv\/#primaryimage","inLanguage":"fr-FR","url":"https:\/\/nyanpereira.fr\/dessinateur\/wp-content\/uploads\/2020\/01\/Animatic.alsa_.publicite.video_.Dessin.animateur.2d.Paca_.france.jpg.jpg","contentUrl":"https:\/\/nyanpereira.fr\/dessinateur\/wp-content\/uploads\/2020\/01\/Animatic.alsa_.publicite.video_.Dessin.animateur.2d.Paca_.france.jpg.jpg","width":400,"height":222,"caption":"Animatic.alsa.publicite.video.Dessin.animateur.2d.Paca.france.jpg"},{"@type":"WebPage","@id":"https:\/\/nyanpereira.fr\/dessinateur\/production-animatics-pub-alsa-storybord-campagne-spot-tv\/#webpage","url":"https:\/\/nyanpereira.fr\/dessinateur\/production-animatics-pub-alsa-storybord-campagne-spot-tv\/","name":"PUB ALSA \/ Animatic production \/\/ DEVIS ANIMATIC & PR\u00c9 TEST PUB","isPartOf":{"@id":"https:\/\/nyanpereira.fr\/dessinateur\/#website"},"primaryImageOfPage":{"@id":"https:\/\/nyanpereira.fr\/dessinateur\/production-animatics-pub-alsa-storybord-campagne-spot-tv\/#primaryimage"},"datePublished":"2019-05-12T08:27:46+00:00","dateModified":"2021-04-30T14:06:09+00:00","description":"PUB ALSA \/ animatic storyboard, Storyboarding pub & Animation 2D - Pr\u00e9-test publicitaire Alsa - tarif animateur 2D","breadcrumb":{"@id":"https:\/\/nyanpereira.fr\/dessinateur\/production-animatics-pub-alsa-storybord-campagne-spot-tv\/#breadcrumb"},"inLanguage":"fr-FR","potentialAction":[{"@type":"ReadAction","target":["https:\/\/nyanpereira.fr\/dessinateur\/production-animatics-pub-alsa-storybord-campagne-spot-tv\/"]}]},{"@type":"BreadcrumbList","@id":"https:\/\/nyanpereira.fr\/dessinateur\/production-animatics-pub-alsa-storybord-campagne-spot-tv\/#breadcrumb","itemListElement":[{"@type":"ListItem","position":1,"name":"Accueil","item":"https:\/\/nyanpereira.fr\/dessinateur\/"},{"@type":"ListItem","position":2,"name":"PUB ALSA \/ Animatic production"}]},{"@type":"Article","@id":"https:\/\/nyanpereira.fr\/dessinateur\/production-animatics-pub-alsa-storybord-campagne-spot-tv\/#article","isPartOf":{"@id":"https:\/\/nyanpereira.fr\/dessinateur\/production-animatics-pub-alsa-storybord-campagne-spot-tv\/#webpage"},"author":{"@id":"https:\/\/nyanpereira.fr\/dessinateur\/#\/schema\/person\/d771f144e8b1bdf8b790b02ba31f71d2"},"headline":"PUB ALSA \/ Animatic production","datePublished":"2019-05-12T08:27:46+00:00","dateModified":"2021-04-30T14:06:09+00:00","mainEntityOfPage":{"@id":"https:\/\/nyanpereira.fr\/dessinateur\/production-animatics-pub-alsa-storybord-campagne-spot-tv\/#webpage"},"wordCount":427,"publisher":{"@id":"https:\/\/nyanpereira.fr\/dessinateur\/#organization"},"image":{"@id":"https:\/\/nyanpereira.fr\/dessinateur\/production-animatics-pub-alsa-storybord-campagne-spot-tv\/#primaryimage"},"thumbnailUrl":"https:\/\/nyanpereira.fr\/dessinateur\/wp-content\/uploads\/2020\/01\/Animatic.alsa_.publicite.video_.Dessin.animateur.2d.Paca_.france.jpg.jpg","keywords":["Animateur 2D Freelance Paris \/ \u00eele de France","Animatic - Dessins anim\u00e9s","Dessinateur Sc\u00e9nario \u2022 SPOTTV","Motion designer PACA freelance","Roughman - Storyboarder &amp; Animatic PACA","Roughman Storyboarder &amp; Animatic PARIS(75)","Storyboard paris - Pr\u00e9-tests Publicit\u00e9","Storyboarder Paris","storybording"],"articleSection":["Animatics &amp; Vid\u00e9oMotion"],"inLanguage":"fr-FR"},{"@type":"Person","@id":"https:\/\/nyanpereira.fr\/dessinateur\/#\/schema\/person\/d771f144e8b1bdf8b790b02ba31f71d2","name":"dessinateur","image":{"@type":"ImageObject","@id":"https:\/\/nyanpereira.fr\/dessinateur\/#personlogo","inLanguage":"fr-FR","url":"https:\/\/secure.gravatar.com\/avatar\/acd3615833cd4e0b23d9f45973008c34?s=96&d=mm&r=g","contentUrl":"https:\/\/secure.gravatar.com\/avatar\/acd3615833cd4e0b23d9f45973008c34?s=96&d=mm&r=g","caption":"dessinateur"},"url":"https:\/\/nyanpereira.fr\/dessinateur\/author\/dessinateur\/"}]}},"_links":{"self":[{"href":"https:\/\/nyanpereira.fr\/dessinateur\/wp-json\/wp\/v2\/posts\/8629"}],"collection":[{"href":"https:\/\/nyanpereira.fr\/dessinateur\/wp-json\/wp\/v2\/posts"}],"about":[{"href":"https:\/\/nyanpereira.fr\/dessinateur\/wp-json\/wp\/v2\/types\/post"}],"author":[{"embeddable":true,"href":"https:\/\/nyanpereira.fr\/dessinateur\/wp-json\/wp\/v2\/users\/1"}],"replies":[{"embeddable":true,"href":"https:\/\/nyanpereira.fr\/dessinateur\/wp-json\/wp\/v2\/comments?post=8629"}],"version-history":[{"count":6,"href":"https:\/\/nyanpereira.fr\/dessinateur\/wp-json\/wp\/v2\/posts\/8629\/revisions"}],"predecessor-version":[{"id":9622,"href":"https:\/\/nyanpereira.fr\/dessinateur\/wp-json\/wp\/v2\/posts\/8629\/revisions\/9622"}],"wp:featuredmedia":[{"embeddable":true,"href":"https:\/\/nyanpereira.fr\/dessinateur\/wp-json\/wp\/v2\/media\/7168"}],"wp:attachment":[{"href":"https:\/\/nyanpereira.fr\/dessinateur\/wp-json\/wp\/v2\/media?parent=8629"}],"wp:term":[{"taxonomy":"category","embeddable":true,"href":"https:\/\/nyanpereira.fr\/dessinateur\/wp-json\/wp\/v2\/categories?post=8629"},{"taxonomy":"post_tag","embeddable":true,"href":"https:\/\/nyanpereira.fr\/dessinateur\/wp-json\/wp\/v2\/tags?post=8629"}],"curies":[{"name":"wp","href":"https:\/\/api.w.org\/{rel}","templated":true}]}}