{"id":5248,"date":"2019-03-10T11:21:52","date_gmt":"2019-03-10T10:21:52","guid":{"rendered":"http:\/\/nyanpereira.fr\/dessinateur\/?p=5248"},"modified":"2020-01-31T17:26:02","modified_gmt":"2020-01-31T16:26:02","slug":"printemps-vitrines-peintes","status":"publish","type":"post","link":"https:\/\/nyanpereira.fr\/dessinateur\/printemps-vitrines-peintes\/","title":{"rendered":"Vitrines  Printemps \/ HYPER-U"},"content":{"rendered":"<h4><span style=\"color: #ff9900;\"><span style=\"color: #99cc00;\"><img loading=\"lazy\" class=\"alignleft size-full wp-image-4653\" src=\"http:\/\/nyanpereira.fr\/dessinateur\/wp-content\/uploads\/2014\/03\/2.vitrine.peinte.decoration.printemps.hyperu.png\" alt=\"\" width=\"1024\" height=\"722\" \/>Attirez tous les regards le temps d&rsquo;une saison.<\/span><br \/><\/span><\/h4>\r\n<p><!--more--><\/p>\r\n<p><strong>Retrouvez, nos ambiances printani\u00e8re aux couleurs de saison :<\/strong> Les couleurs reviennent, les fleurs sortent, les arbres bourgeonnent, les abeilles, oiseaux &#8230; Du 20 mars aux 21 juin, suivez-nous et red\u00e9couvrez le Printemps.<a href=\"http:\/\/nyanpereira.fr\/dessinateur\/gallery\/restauration-cirque-decoration-vitrine-peinte-main\/\">D\u00e9corations enti\u00e8rement peintes \u00e0 la mains<\/a>.<\/p>\r\n<p><a href=\"http:\/\/nyanpereira.fr\/dessinateur\/vitrine-peinture-suivez-nous\/\">Un catalogues et des vid\u00e9os sont \u00e0 votre disposition<\/a>, ils illustrent nos comp\u00e9tences et vous sugg\u00e8rent des id\u00e9esdes.<\/p>\r\n<p><span style=\"color: #808080;\"><em>D\u00e9coration originale ou tradition d&rsquo;antan, la peinture sur vitre est l\u2019anc\u00eatre du sticker<\/em><\/span><br \/><span style=\"color: #808080;\"><em> Toujours d&rsquo;<a href=\"http:\/\/nyanpereira.fr\/dessinateur\/journal-actualites-news-dessinateur-roughman-motion-designer-freelance\/\">actualit\u00e9<\/a> elles animent les vitrines et des commerces le temps de la production et <strong>attirent tous les regards le temps d&rsquo;une saison.<\/strong><\/em><\/span><\/p>\r\n<p>[button url=\u00a0\u00bbhttp:\/\/nyanpereira.fr\/dessinateur\/gallery\/printemps-ete-vitrine-peinte-decoration-peinture-original\/\u00a0\u00bb window=\u00a0\u00bbtrue\u00a0\u00bb style=\u00a0\u00bbgreen\u00a0\u00bb size=\u00a0\u00bbsmall\u00a0\u00bb] Galerie [\/button] [button url=\u00a0\u00bbhttp:\/\/nyanpereira.fr\/dessinateur\/suivez-nous-vitrine-decoration-peinture\/\u00a0\u00bb window=\u00a0\u00bbtrue\u00a0\u00bb style=\u00a0\u00bbgreen\u00a0\u00bb size=\u00a0\u00bbsmall\u00a0\u00bb] Vid\u00e9o [\/button]<\/p>\r\n<p><strong> No\u00ebl arrive vite, pensez \u00e0 <a href=\"http:\/\/nyanpereira.fr\/dessinateur\/contact-dessinateur-roughman-storyborder-illustrateur-freelance\/\">R\u00e9server<\/a> votre <a href=\"http:\/\/nyanpereira.fr\/dessinateur\/decoration-noel-vitrine-centre-commercial-peinture\/\"> vitrine peinte !<\/a>\u00a0<\/strong><\/p>\r\n<p><img loading=\"lazy\" class=\"alignleft size-full wp-image-4655\" src=\"http:\/\/nyanpereira.fr\/dessinateur\/wp-content\/uploads\/2014\/03\/4.vitrine.peinte.decoration.printemps.hyperu.png\" alt=\"\" width=\"1024\" height=\"722\" \/><\/p>\r\n<p><img loading=\"lazy\" class=\"alignleft size-full wp-image-4654\" src=\"http:\/\/nyanpereira.fr\/dessinateur\/wp-content\/uploads\/2014\/03\/3.vitrine.peinte.decoration.printemps.hyperu.png\" alt=\"\" width=\"1024\" height=\"722\" \/><\/p>\r\n<p>&nbsp;<\/p>\r\n<p><a href=\"http:\/\/nyanpereira.fr\/dessinateur\/gallery\/printemps-ete-vitrine-peinte-decoration-peinture-original\/\"><img loading=\"lazy\" class=\"alignleft wp-image-5238 size-full\" src=\"http:\/\/nyanpereira.fr\/dessinateur\/wp-content\/uploads\/2018\/03\/006-vitrine.animation.Printemps.deco_.peinture.original.live_.painting.png\" alt=\"\" width=\"1024\" height=\"722\" \/><\/a><\/p>\r\n<p><a href=\"http:\/\/nyanpereira.fr\/dessinateur\/gallery\/printemps-ete-vitrine-peinte-decoration-peinture-original\/\"><img loading=\"lazy\" class=\"alignleft size-full wp-image-5233\" src=\"http:\/\/nyanpereira.fr\/dessinateur\/wp-content\/uploads\/2018\/03\/001-vitrine.animation.Printemps.deco_.peinture.original.live_.painting.png\" alt=\"\" width=\"1024\" height=\"722\" \/><\/a><\/p>\r\n<p><a href=\"http:\/\/nyanpereira.fr\/dessinateur\/gallery\/printemps-ete-vitrine-peinte-decoration-peinture-original\/\"><img loading=\"lazy\" class=\"alignleft wp-image-5239 size-full\" src=\"http:\/\/nyanpereira.fr\/dessinateur\/wp-content\/uploads\/2018\/03\/007-vitrine.animation.Printemps.deco_.peinture.original.live_.painting.png\" alt=\"\" width=\"1024\" height=\"722\" \/><\/a><\/p>\r\n<p>&nbsp;<\/p>\r\n<p><a href=\"http:\/\/nyanpereira.fr\/dessinateur\/gallery\/printemps-ete-vitrine-peinte-decoration-peinture-original\/\"><img loading=\"lazy\" class=\"alignleft wp-image-5240 size-full\" src=\"http:\/\/nyanpereira.fr\/dessinateur\/wp-content\/uploads\/2018\/03\/008-vitrine.animation.Printemps.deco_.peinture.original.live_.painting.png\" alt=\"\" width=\"1024\" height=\"722\" \/><\/a><\/p>\r\n<p><a href=\"http:\/\/nyanpereira.fr\/dessinateur\/gallery\/printemps-ete-vitrine-peinte-decoration-peinture-original\/\"><img loading=\"lazy\" class=\"alignleft wp-image-5247 size-large\" src=\"http:\/\/nyanpereira.fr\/dessinateur\/wp-content\/uploads\/2018\/03\/015-vitrine.animation.Printemps.deco_.peinture.original.live_.painting-1024x722.png\" alt=\"\" width=\"730\" height=\"515\" \/><\/a><\/p>\r\n<p><a href=\"http:\/\/nyanpereira.fr\/dessinateur\/gallery\/printemps-ete-vitrine-peinte-decoration-peinture-original\/\"><img loading=\"lazy\" class=\"alignleft wp-image-5244 size-large\" src=\"http:\/\/nyanpereira.fr\/dessinateur\/wp-content\/uploads\/2018\/03\/012-vitrine.animation.Printemps.deco_.peinture.original.live_.painting-1024x722.png\" alt=\"\" width=\"730\" height=\"515\" \/><\/a><\/p>\r\n\r\n<p>&nbsp;<\/p>\r\n","protected":false},"excerpt":{"rendered":"","protected":false},"author":1,"featured_media":4654,"comment_status":"closed","ping_status":"closed","sticky":false,"template":"","format":"image","meta":[],"categories":[80],"tags":[278,277,302,282,337,336,254,279,280],"yoast_head":"<!-- This site is optimized with the Yoast SEO plugin v17.9 - https:\/\/yoast.com\/wordpress\/plugins\/seo\/ -->\n<title>Vitrines Printemps \/ HYPER-U - Service Cr\u00e9atif &amp; Pr\u00e9sentation Artistique<\/title>\n<meta name=\"robots\" content=\"index, follow, max-snippet:-1, max-image-preview:large, max-video-preview:-1\" \/>\n<link rel=\"canonical\" href=\"https:\/\/nyanpereira.fr\/dessinateur\/printemps-vitrines-peintes\/\" \/>\n<meta property=\"og:locale\" content=\"fr_FR\" \/>\n<meta property=\"og:type\" content=\"article\" \/>\n<meta property=\"og:title\" content=\"Vitrines Printemps \/ HYPER-U - Service Cr\u00e9atif &amp; Pr\u00e9sentation Artistique\" \/>\n<meta property=\"og:url\" content=\"https:\/\/nyanpereira.fr\/dessinateur\/printemps-vitrines-peintes\/\" \/>\n<meta property=\"og:site_name\" content=\"Service Cr\u00e9atif &amp; Pr\u00e9sentation Artistique\" \/>\n<meta property=\"article:published_time\" content=\"2019-03-10T10:21:52+00:00\" \/>\n<meta property=\"article:modified_time\" content=\"2020-01-31T16:26:02+00:00\" \/>\n<meta property=\"og:image\" content=\"https:\/\/nyanpereira.fr\/dessinateur\/wp-content\/uploads\/2014\/03\/3.vitrine.peinte.decoration.printemps.hyperu.png\" \/>\n\t<meta property=\"og:image:width\" content=\"1024\" \/>\n\t<meta property=\"og:image:height\" content=\"722\" \/>\n\t<meta property=\"og:image:type\" content=\"image\/png\" \/>\n<meta name=\"twitter:card\" content=\"summary_large_image\" \/>\n<meta name=\"twitter:label1\" content=\"\u00c9crit par\" \/>\n\t<meta name=\"twitter:data1\" content=\"dessinateur\" \/>\n\t<meta name=\"twitter:label2\" content=\"Dur\u00e9e de lecture estim\u00e9e\" \/>\n\t<meta name=\"twitter:data2\" content=\"1 minute\" \/>\n<script type=\"application\/ld+json\" class=\"yoast-schema-graph\">{\"@context\":\"https:\/\/schema.org\",\"@graph\":[{\"@type\":\"Organization\",\"@id\":\"https:\/\/nyanpereira.fr\/dessinateur\/#organization\",\"name\":\"storyboarder Freelance\",\"url\":\"https:\/\/nyanpereira.fr\/dessinateur\/\",\"sameAs\":[],\"logo\":{\"@type\":\"ImageObject\",\"@id\":\"https:\/\/nyanpereira.fr\/dessinateur\/#logo\",\"inLanguage\":\"fr-FR\",\"url\":\"\",\"contentUrl\":\"\",\"caption\":\"storyboarder Freelance\"},\"image\":{\"@id\":\"https:\/\/nyanpereira.fr\/dessinateur\/#logo\"}},{\"@type\":\"WebSite\",\"@id\":\"https:\/\/nyanpereira.fr\/dessinateur\/#website\",\"url\":\"https:\/\/nyanpereira.fr\/dessinateur\/\",\"name\":\"Service Cr\\u00e9atif &amp; Pr\\u00e9sentation Artistique\",\"description\":\"Roughs, Storyboard, Antimatic &amp; Photomontage\",\"publisher\":{\"@id\":\"https:\/\/nyanpereira.fr\/dessinateur\/#organization\"},\"potentialAction\":[{\"@type\":\"SearchAction\",\"target\":{\"@type\":\"EntryPoint\",\"urlTemplate\":\"https:\/\/nyanpereira.fr\/dessinateur\/?s={search_term_string}\"},\"query-input\":\"required name=search_term_string\"}],\"inLanguage\":\"fr-FR\"},{\"@type\":\"ImageObject\",\"@id\":\"https:\/\/nyanpereira.fr\/dessinateur\/printemps-vitrines-peintes\/#primaryimage\",\"inLanguage\":\"fr-FR\",\"url\":\"https:\/\/nyanpereira.fr\/dessinateur\/wp-content\/uploads\/2014\/03\/3.vitrine.peinte.decoration.printemps.hyperu.png\",\"contentUrl\":\"https:\/\/nyanpereira.fr\/dessinateur\/wp-content\/uploads\/2014\/03\/3.vitrine.peinte.decoration.printemps.hyperu.png\",\"width\":1024,\"height\":722},{\"@type\":\"WebPage\",\"@id\":\"https:\/\/nyanpereira.fr\/dessinateur\/printemps-vitrines-peintes\/#webpage\",\"url\":\"https:\/\/nyanpereira.fr\/dessinateur\/printemps-vitrines-peintes\/\",\"name\":\"Vitrines Printemps \/ HYPER-U - Service Cr\\u00e9atif &amp; Pr\\u00e9sentation Artistique\",\"isPartOf\":{\"@id\":\"https:\/\/nyanpereira.fr\/dessinateur\/#website\"},\"primaryImageOfPage\":{\"@id\":\"https:\/\/nyanpereira.fr\/dessinateur\/printemps-vitrines-peintes\/#primaryimage\"},\"datePublished\":\"2019-03-10T10:21:52+00:00\",\"dateModified\":\"2020-01-31T16:26:02+00:00\",\"breadcrumb\":{\"@id\":\"https:\/\/nyanpereira.fr\/dessinateur\/printemps-vitrines-peintes\/#breadcrumb\"},\"inLanguage\":\"fr-FR\",\"potentialAction\":[{\"@type\":\"ReadAction\",\"target\":[\"https:\/\/nyanpereira.fr\/dessinateur\/printemps-vitrines-peintes\/\"]}]},{\"@type\":\"BreadcrumbList\",\"@id\":\"https:\/\/nyanpereira.fr\/dessinateur\/printemps-vitrines-peintes\/#breadcrumb\",\"itemListElement\":[{\"@type\":\"ListItem\",\"position\":1,\"name\":\"Accueil\",\"item\":\"https:\/\/nyanpereira.fr\/dessinateur\/\"},{\"@type\":\"ListItem\",\"position\":2,\"name\":\"Vitrines Printemps \/ HYPER-U\"}]},{\"@type\":\"Article\",\"@id\":\"https:\/\/nyanpereira.fr\/dessinateur\/printemps-vitrines-peintes\/#article\",\"isPartOf\":{\"@id\":\"https:\/\/nyanpereira.fr\/dessinateur\/printemps-vitrines-peintes\/#webpage\"},\"author\":{\"@id\":\"https:\/\/nyanpereira.fr\/dessinateur\/#\/schema\/person\/d771f144e8b1bdf8b790b02ba31f71d2\"},\"headline\":\"Vitrines Printemps \/ HYPER-U\",\"datePublished\":\"2019-03-10T10:21:52+00:00\",\"dateModified\":\"2020-01-31T16:26:02+00:00\",\"mainEntityOfPage\":{\"@id\":\"https:\/\/nyanpereira.fr\/dessinateur\/printemps-vitrines-peintes\/#webpage\"},\"wordCount\":154,\"publisher\":{\"@id\":\"https:\/\/nyanpereira.fr\/dessinateur\/#organization\"},\"image\":{\"@id\":\"https:\/\/nyanpereira.fr\/dessinateur\/printemps-vitrines-peintes\/#primaryimage\"},\"thumbnailUrl\":\"https:\/\/nyanpereira.fr\/dessinateur\/wp-content\/uploads\/2014\/03\/3.vitrine.peinte.decoration.printemps.hyperu.png\",\"keywords\":[\"#decorationestival\",\"#decorationhiver\",\"#livepainting\",\"#vitrineartistique\",\"affichage vitrine\",\"Animation vitrine \/ Municipalit\\u00e9\",\"D\\u00e9coration vitrine\",\"Peinture sur vitrines\",\"vitrine peinte \\u00e0 la main\"],\"articleSection\":[\"Peinture sur Vitrine Magasin\"],\"inLanguage\":\"fr-FR\"},{\"@type\":\"Person\",\"@id\":\"https:\/\/nyanpereira.fr\/dessinateur\/#\/schema\/person\/d771f144e8b1bdf8b790b02ba31f71d2\",\"name\":\"dessinateur\",\"image\":{\"@type\":\"ImageObject\",\"@id\":\"https:\/\/nyanpereira.fr\/dessinateur\/#personlogo\",\"inLanguage\":\"fr-FR\",\"url\":\"https:\/\/secure.gravatar.com\/avatar\/acd3615833cd4e0b23d9f45973008c34?s=96&d=mm&r=g\",\"contentUrl\":\"https:\/\/secure.gravatar.com\/avatar\/acd3615833cd4e0b23d9f45973008c34?s=96&d=mm&r=g\",\"caption\":\"dessinateur\"},\"url\":\"https:\/\/nyanpereira.fr\/dessinateur\/author\/dessinateur\/\"}]}<\/script>\n<!-- \/ Yoast SEO plugin. -->","yoast_head_json":{"title":"Vitrines Printemps \/ HYPER-U - Service Cr\u00e9atif &amp; Pr\u00e9sentation Artistique","robots":{"index":"index","follow":"follow","max-snippet":"max-snippet:-1","max-image-preview":"max-image-preview:large","max-video-preview":"max-video-preview:-1"},"canonical":"https:\/\/nyanpereira.fr\/dessinateur\/printemps-vitrines-peintes\/","og_locale":"fr_FR","og_type":"article","og_title":"Vitrines Printemps \/ HYPER-U - Service Cr\u00e9atif &amp; Pr\u00e9sentation Artistique","og_url":"https:\/\/nyanpereira.fr\/dessinateur\/printemps-vitrines-peintes\/","og_site_name":"Service Cr\u00e9atif &amp; Pr\u00e9sentation Artistique","article_published_time":"2019-03-10T10:21:52+00:00","article_modified_time":"2020-01-31T16:26:02+00:00","og_image":[{"width":1024,"height":722,"url":"https:\/\/nyanpereira.fr\/dessinateur\/wp-content\/uploads\/2014\/03\/3.vitrine.peinte.decoration.printemps.hyperu.png","type":"image\/png"}],"twitter_card":"summary_large_image","twitter_misc":{"\u00c9crit par":"dessinateur","Dur\u00e9e de lecture estim\u00e9e":"1 minute"},"schema":{"@context":"https:\/\/schema.org","@graph":[{"@type":"Organization","@id":"https:\/\/nyanpereira.fr\/dessinateur\/#organization","name":"storyboarder Freelance","url":"https:\/\/nyanpereira.fr\/dessinateur\/","sameAs":[],"logo":{"@type":"ImageObject","@id":"https:\/\/nyanpereira.fr\/dessinateur\/#logo","inLanguage":"fr-FR","url":"","contentUrl":"","caption":"storyboarder Freelance"},"image":{"@id":"https:\/\/nyanpereira.fr\/dessinateur\/#logo"}},{"@type":"WebSite","@id":"https:\/\/nyanpereira.fr\/dessinateur\/#website","url":"https:\/\/nyanpereira.fr\/dessinateur\/","name":"Service Cr\u00e9atif &amp; Pr\u00e9sentation Artistique","description":"Roughs, Storyboard, Antimatic &amp; Photomontage","publisher":{"@id":"https:\/\/nyanpereira.fr\/dessinateur\/#organization"},"potentialAction":[{"@type":"SearchAction","target":{"@type":"EntryPoint","urlTemplate":"https:\/\/nyanpereira.fr\/dessinateur\/?s={search_term_string}"},"query-input":"required name=search_term_string"}],"inLanguage":"fr-FR"},{"@type":"ImageObject","@id":"https:\/\/nyanpereira.fr\/dessinateur\/printemps-vitrines-peintes\/#primaryimage","inLanguage":"fr-FR","url":"https:\/\/nyanpereira.fr\/dessinateur\/wp-content\/uploads\/2014\/03\/3.vitrine.peinte.decoration.printemps.hyperu.png","contentUrl":"https:\/\/nyanpereira.fr\/dessinateur\/wp-content\/uploads\/2014\/03\/3.vitrine.peinte.decoration.printemps.hyperu.png","width":1024,"height":722},{"@type":"WebPage","@id":"https:\/\/nyanpereira.fr\/dessinateur\/printemps-vitrines-peintes\/#webpage","url":"https:\/\/nyanpereira.fr\/dessinateur\/printemps-vitrines-peintes\/","name":"Vitrines Printemps \/ HYPER-U - Service Cr\u00e9atif &amp; Pr\u00e9sentation Artistique","isPartOf":{"@id":"https:\/\/nyanpereira.fr\/dessinateur\/#website"},"primaryImageOfPage":{"@id":"https:\/\/nyanpereira.fr\/dessinateur\/printemps-vitrines-peintes\/#primaryimage"},"datePublished":"2019-03-10T10:21:52+00:00","dateModified":"2020-01-31T16:26:02+00:00","breadcrumb":{"@id":"https:\/\/nyanpereira.fr\/dessinateur\/printemps-vitrines-peintes\/#breadcrumb"},"inLanguage":"fr-FR","potentialAction":[{"@type":"ReadAction","target":["https:\/\/nyanpereira.fr\/dessinateur\/printemps-vitrines-peintes\/"]}]},{"@type":"BreadcrumbList","@id":"https:\/\/nyanpereira.fr\/dessinateur\/printemps-vitrines-peintes\/#breadcrumb","itemListElement":[{"@type":"ListItem","position":1,"name":"Accueil","item":"https:\/\/nyanpereira.fr\/dessinateur\/"},{"@type":"ListItem","position":2,"name":"Vitrines Printemps \/ HYPER-U"}]},{"@type":"Article","@id":"https:\/\/nyanpereira.fr\/dessinateur\/printemps-vitrines-peintes\/#article","isPartOf":{"@id":"https:\/\/nyanpereira.fr\/dessinateur\/printemps-vitrines-peintes\/#webpage"},"author":{"@id":"https:\/\/nyanpereira.fr\/dessinateur\/#\/schema\/person\/d771f144e8b1bdf8b790b02ba31f71d2"},"headline":"Vitrines Printemps \/ HYPER-U","datePublished":"2019-03-10T10:21:52+00:00","dateModified":"2020-01-31T16:26:02+00:00","mainEntityOfPage":{"@id":"https:\/\/nyanpereira.fr\/dessinateur\/printemps-vitrines-peintes\/#webpage"},"wordCount":154,"publisher":{"@id":"https:\/\/nyanpereira.fr\/dessinateur\/#organization"},"image":{"@id":"https:\/\/nyanpereira.fr\/dessinateur\/printemps-vitrines-peintes\/#primaryimage"},"thumbnailUrl":"https:\/\/nyanpereira.fr\/dessinateur\/wp-content\/uploads\/2014\/03\/3.vitrine.peinte.decoration.printemps.hyperu.png","keywords":["#decorationestival","#decorationhiver","#livepainting","#vitrineartistique","affichage vitrine","Animation vitrine \/ Municipalit\u00e9","D\u00e9coration vitrine","Peinture sur vitrines","vitrine peinte \u00e0 la main"],"articleSection":["Peinture sur Vitrine Magasin"],"inLanguage":"fr-FR"},{"@type":"Person","@id":"https:\/\/nyanpereira.fr\/dessinateur\/#\/schema\/person\/d771f144e8b1bdf8b790b02ba31f71d2","name":"dessinateur","image":{"@type":"ImageObject","@id":"https:\/\/nyanpereira.fr\/dessinateur\/#personlogo","inLanguage":"fr-FR","url":"https:\/\/secure.gravatar.com\/avatar\/acd3615833cd4e0b23d9f45973008c34?s=96&d=mm&r=g","contentUrl":"https:\/\/secure.gravatar.com\/avatar\/acd3615833cd4e0b23d9f45973008c34?s=96&d=mm&r=g","caption":"dessinateur"},"url":"https:\/\/nyanpereira.fr\/dessinateur\/author\/dessinateur\/"}]}},"_links":{"self":[{"href":"https:\/\/nyanpereira.fr\/dessinateur\/wp-json\/wp\/v2\/posts\/5248"}],"collection":[{"href":"https:\/\/nyanpereira.fr\/dessinateur\/wp-json\/wp\/v2\/posts"}],"about":[{"href":"https:\/\/nyanpereira.fr\/dessinateur\/wp-json\/wp\/v2\/types\/post"}],"author":[{"embeddable":true,"href":"https:\/\/nyanpereira.fr\/dessinateur\/wp-json\/wp\/v2\/users\/1"}],"replies":[{"embeddable":true,"href":"https:\/\/nyanpereira.fr\/dessinateur\/wp-json\/wp\/v2\/comments?post=5248"}],"version-history":[{"count":25,"href":"https:\/\/nyanpereira.fr\/dessinateur\/wp-json\/wp\/v2\/posts\/5248\/revisions"}],"predecessor-version":[{"id":5723,"href":"https:\/\/nyanpereira.fr\/dessinateur\/wp-json\/wp\/v2\/posts\/5248\/revisions\/5723"}],"wp:featuredmedia":[{"embeddable":true,"href":"https:\/\/nyanpereira.fr\/dessinateur\/wp-json\/wp\/v2\/media\/4654"}],"wp:attachment":[{"href":"https:\/\/nyanpereira.fr\/dessinateur\/wp-json\/wp\/v2\/media?parent=5248"}],"wp:term":[{"taxonomy":"category","embeddable":true,"href":"https:\/\/nyanpereira.fr\/dessinateur\/wp-json\/wp\/v2\/categories?post=5248"},{"taxonomy":"post_tag","embeddable":true,"href":"https:\/\/nyanpereira.fr\/dessinateur\/wp-json\/wp\/v2\/tags?post=5248"}],"curies":[{"name":"wp","href":"https:\/\/api.w.org\/{rel}","templated":true}]}}