{"id":4799,"date":"2019-06-21T16:56:27","date_gmt":"2019-06-21T15:56:27","guid":{"rendered":"http:\/\/nyanpereira.fr\/dessinateur\/?p=4799"},"modified":"2020-06-04T10:21:03","modified_gmt":"2020-06-04T09:21:03","slug":"vitrine-decoration-dete","status":"publish","type":"post","link":"https:\/\/nyanpereira.fr\/dessinateur\/vitrine-decoration-dete\/","title":{"rendered":"D\u00e9co \u00c9t\u00e9 &#8211; D\u00e9coration estivale vitrine &#038; magasins"},"content":{"rendered":"<h3>D\u00e9corer votre boutique et relooker votre vitrine magasin d\u2019une d\u00e9coration d\u2019\u00e9t\u00e9 avec d&rsquo;une ambiance de plage et sable chaud !<\/h3>\n<p><strong>Peinture vitrine d\u00e9coration :<\/strong> La peinture, boud\u00e9 un temps, revient sur le devant de la sc\u00e8ne d\u00e9co. Il faut dire qu\u2019elle est devenu \u00e9cologique, plein de nuance et tr\u00e8s facile \u00e0 nettoyer. elle s\u2019exprime \u00e0 merveille sur toutes les types de surface et particuli\u00e8rement sur les grandes vitrines ou ensemble de <b>vitre\u00a0 pour leurs donner un <a href=\"http:\/\/vitrinepeinte.com\" target=\"_blank\" rel=\"noopener noreferrer\">vrai look Couleur<\/a><\/b>.<\/p>\n<p>Plus tendance que jamais, la peinture sur vitre s\u2019invitent en ville. Aux tonalit\u00e9s douces pour les r\u00eaveurs, nuanc\u00e9s pour les plus originaux ou explosives pour les grands audacieux, le plus difficile sera de choisir ! Tentez la peinture avec un seul objectif, attirez tous les regards !<\/p>\n<h5><strong>De la transparence \u00e0 la couleur, zoom sur la peinture sur vitre.<\/strong><\/h5>\n<p style=\"text-align: center;\"><a class=\"button small \" onclick=\"window.open('http:\/\/vitrinepeinte.com\/peinture-decoration-vitrine-magasin\/idee-deco-saison-ete-summer-restaurant-plage-cote-d-azur\/', '_blank')\"> www.vitrinepeinte.com<\/a><\/p>\n<p><img loading=\"lazy\" class=\"aligncenter wp-image-5452 size-full\" src=\"https:\/\/nyanpereira.fr\/dessinateur\/wp-content\/uploads\/2017\/11\/03-10.production.vitrine.peinture.vitre_.decoration.ambiance.plage_.ete_.summer.BAR_.BRASSERIE.RESTAURANT.jpg\" alt=\"decoration vitrine \u00e9t\u00e9 restaurant de plage\" width=\"800\" height=\"800\" \/> <img loading=\"lazy\" class=\"aligncenter wp-image-5451 size-full\" src=\"https:\/\/nyanpereira.fr\/dessinateur\/wp-content\/uploads\/2017\/11\/03-9.production.vitrine.peinture.vitre_.decoration.ambiance.plage_.ete_.summer.BAR_.BRASSERIE.RESTAURANT.jpg\" alt=\"decoration vitrine \u00e9t\u00e9 restaurant de plage\" width=\"800\" height=\"800\" \/> <img loading=\"lazy\" class=\"aligncenter wp-image-5450 size-full\" src=\"https:\/\/nyanpereira.fr\/dessinateur\/wp-content\/uploads\/2017\/11\/03-8.production.vitrine.peinture.vitre_.decoration.ambiance.plage_.ete_.summer.BAR_.BRASSERIE.RESTAURANT.jpg\" alt=\"peinture vitrine d\u00e9coration \u00e9t\u00e9 centre commercial\" width=\"800\" height=\"800\" \/> <img loading=\"lazy\" class=\"aligncenter wp-image-5449 size-full\" src=\"https:\/\/nyanpereira.fr\/dessinateur\/wp-content\/uploads\/2017\/11\/03-7.production.vitrine.peinture.vitre_.decoration.ambiance.plage_.ete_.summer.BAR_.BRASSERIE.RESTAURANT.jpg\" alt=\"peinture vitrine d\u00e9coration \u00e9t\u00e9 centre commercial\" width=\"800\" height=\"800\" \/> <img loading=\"lazy\" class=\"aligncenter wp-image-5448 size-full\" src=\"https:\/\/nyanpereira.fr\/dessinateur\/wp-content\/uploads\/2017\/11\/03-6.production.vitrine.peinture.vitre_.decoration.ambiance.plage_.ete_.summer.BAR_.BRASSERIE.RESTAURANT.jpg\" alt=\"peinture vitrine d\u00e9coration \u00e9t\u00e9 originale intermarch\u00e9\" width=\"800\" height=\"800\" \/> <img loading=\"lazy\" class=\"wp-image-5445 size-full aligncenter\" src=\"https:\/\/nyanpereira.fr\/dessinateur\/wp-content\/uploads\/2017\/11\/03-3.production.vitrine.peinture.vitre_.decoration.ambiance.plage_.ete_.summer.BAR_.BRASSERIE.RESTAURANT.jpg\" alt=\"peinture vitrine d\u00e9coration \u00e9t\u00e9 originale intermarch\u00e9\" width=\"800\" height=\"800\" \/><img loading=\"lazy\" class=\"size-full wp-image-4796 aligncenter\" src=\"https:\/\/nyanpereira.fr\/dessinateur\/wp-content\/uploads\/2017\/01\/Vitrine.decoration.plage_.ete_.summer.peinture.4.png\" alt=\"\" width=\"1024\" height=\"722\" \/> <img loading=\"lazy\" class=\"size-full wp-image-4795 aligncenter\" src=\"https:\/\/nyanpereira.fr\/dessinateur\/wp-content\/uploads\/2017\/01\/Vitrine.decoration.ete_.summer.peinture.2.png\" alt=\"\" width=\"1024\" height=\"722\" \/>\u00a0\u00a0 <img loading=\"lazy\" class=\"size-full wp-image-4786 aligncenter\" src=\"https:\/\/nyanpereira.fr\/dessinateur\/wp-content\/uploads\/2017\/01\/Vitrine.decoration.ete_.summer.peinture.png\" alt=\"\" width=\"1024\" height=\"722\" \/>\u00a0 <img loading=\"lazy\" class=\"size-full wp-image-4784 aligncenter\" src=\"https:\/\/nyanpereira.fr\/dessinateur\/wp-content\/uploads\/2017\/01\/Vitrine.decoration.ete_.summer.peinture.0.png\" alt=\"\" width=\"1024\" height=\"722\" \/><\/p>\n<h6>Sp\u00e9cialis\u00e9e dans la sc\u00e9nographie et la d\u00e9coration de devanture boutique<\/h6>\n<p>Nous concevons et surtout r\u00e9alisons des d\u00e9corations de vitrine pour tout type de devanture magasin. En d\u2019autres termes, nous proposons \u00e0 nos clients des <strong>op\u00e9rations marketing \u00e9ph\u00e9m\u00e8re<\/strong> ou <strong>saisonni\u00e8res.<\/strong> Des d\u00e9corations estivale magasin qui consiste peindre et \u00e0 animer ses vitrines avec les 4 saisons comme strat\u00e9gie de communication. Le seul but \u00e9tant d\u2019augmenter la visibilit\u00e9 du magasin et l\u2019optimisation du trafic de l\u2019espace de vente.\u00a0 <em><br \/>\n<\/em><\/p>\n<h6>En mal d\u2019inspiration ?<\/h6>\n<p>Vous avez besoin d\u2019aide pour concevoir une d\u00e9coration vitrine\u00a0 d&rsquo;\u00e9t\u00e9 adapt\u00e9e \u00e0 votre magasin et votre activit\u00e9 estivale ? Vous trouverez ci-dessus des exemples de d\u00e9co devanture d&rsquo;\u00e9t\u00e9 aussi app\u00e9l\u00e9e \u00ab\u00a0vitrine peinte\u00a0\u00bb destin\u00e9e \u00e0 la production de peinture sur vitre. <strong>Elles illustrent nos comp\u00e9tences et vous sugg\u00e8rent des id\u00e9es.<\/strong> Pour en savoir plus, n\u2019h\u00e9sitez pas \u00e0 nous contacter.<\/p>\n<p>&nbsp;<\/p>\n","protected":false},"excerpt":{"rendered":"","protected":false},"author":1,"featured_media":5445,"comment_status":"closed","ping_status":"closed","sticky":false,"template":"","format":"image","meta":[],"categories":[80],"tags":[278,256,282,255,254,266],"yoast_head":"<!-- This site is optimized with the Yoast SEO plugin v17.9 - https:\/\/yoast.com\/wordpress\/plugins\/seo\/ -->\n<title>D\u00e9co \u00c9t\u00e9 - D\u00e9coration estivale vitrine &amp; magasins \/ Peinture sur Vitre<\/title>\n<meta name=\"description\" content=\"D\u00e9corer votre boutique et relooker votre vitrine magasin d\u2019une d\u00e9coration d\u2019\u00e9t\u00e9 avec une ambiance de plage \/ Peinture sur Vitre &amp; vitrine d\u00e9coration \u00e9t\u00e9\" \/>\n<meta name=\"robots\" content=\"index, follow, max-snippet:-1, max-image-preview:large, max-video-preview:-1\" \/>\n<link rel=\"canonical\" href=\"https:\/\/nyanpereira.fr\/dessinateur\/vitrine-decoration-dete\/\" \/>\n<meta property=\"og:locale\" content=\"fr_FR\" \/>\n<meta property=\"og:type\" content=\"article\" \/>\n<meta property=\"og:title\" content=\"D\u00e9co \u00c9t\u00e9 - D\u00e9coration estivale vitrine &amp; magasins \/ Peinture sur Vitre\" \/>\n<meta property=\"og:description\" content=\"D\u00e9corer votre boutique et relooker votre vitrine magasin d\u2019une d\u00e9coration d\u2019\u00e9t\u00e9 avec une ambiance de plage \/ Peinture sur Vitre &amp; vitrine d\u00e9coration \u00e9t\u00e9\" \/>\n<meta property=\"og:url\" content=\"https:\/\/nyanpereira.fr\/dessinateur\/vitrine-decoration-dete\/\" \/>\n<meta property=\"og:site_name\" content=\"Service Cr\u00e9atif &amp; Pr\u00e9sentation Artistique\" \/>\n<meta property=\"article:published_time\" content=\"2019-06-21T15:56:27+00:00\" \/>\n<meta property=\"article:modified_time\" content=\"2020-06-04T09:21:03+00:00\" \/>\n<meta property=\"og:image\" content=\"https:\/\/nyanpereira.fr\/dessinateur\/wp-content\/uploads\/2017\/11\/03-3.production.vitrine.peinture.vitre_.decoration.ambiance.plage_.ete_.summer.BAR_.BRASSERIE.RESTAURANT.jpg\" \/>\n\t<meta property=\"og:image:width\" content=\"800\" \/>\n\t<meta property=\"og:image:height\" content=\"800\" \/>\n\t<meta property=\"og:image:type\" content=\"image\/jpeg\" \/>\n<meta name=\"twitter:card\" content=\"summary_large_image\" \/>\n<meta name=\"twitter:label1\" content=\"\u00c9crit par\" \/>\n\t<meta name=\"twitter:data1\" content=\"dessinateur\" \/>\n\t<meta name=\"twitter:label2\" content=\"Dur\u00e9e de lecture estim\u00e9e\" \/>\n\t<meta name=\"twitter:data2\" content=\"2 minutes\" \/>\n<script type=\"application\/ld+json\" class=\"yoast-schema-graph\">{\"@context\":\"https:\/\/schema.org\",\"@graph\":[{\"@type\":\"Organization\",\"@id\":\"https:\/\/nyanpereira.fr\/dessinateur\/#organization\",\"name\":\"storyboarder Freelance\",\"url\":\"https:\/\/nyanpereira.fr\/dessinateur\/\",\"sameAs\":[],\"logo\":{\"@type\":\"ImageObject\",\"@id\":\"https:\/\/nyanpereira.fr\/dessinateur\/#logo\",\"inLanguage\":\"fr-FR\",\"url\":\"\",\"contentUrl\":\"\",\"caption\":\"storyboarder Freelance\"},\"image\":{\"@id\":\"https:\/\/nyanpereira.fr\/dessinateur\/#logo\"}},{\"@type\":\"WebSite\",\"@id\":\"https:\/\/nyanpereira.fr\/dessinateur\/#website\",\"url\":\"https:\/\/nyanpereira.fr\/dessinateur\/\",\"name\":\"Service Cr\\u00e9atif &amp; Pr\\u00e9sentation Artistique\",\"description\":\"Roughs, Storyboard, Antimatic &amp; Photomontage\",\"publisher\":{\"@id\":\"https:\/\/nyanpereira.fr\/dessinateur\/#organization\"},\"potentialAction\":[{\"@type\":\"SearchAction\",\"target\":{\"@type\":\"EntryPoint\",\"urlTemplate\":\"https:\/\/nyanpereira.fr\/dessinateur\/?s={search_term_string}\"},\"query-input\":\"required name=search_term_string\"}],\"inLanguage\":\"fr-FR\"},{\"@type\":\"ImageObject\",\"@id\":\"https:\/\/nyanpereira.fr\/dessinateur\/vitrine-decoration-dete\/#primaryimage\",\"inLanguage\":\"fr-FR\",\"url\":\"https:\/\/nyanpereira.fr\/dessinateur\/wp-content\/uploads\/2017\/11\/03-3.production.vitrine.peinture.vitre_.decoration.ambiance.plage_.ete_.summer.BAR_.BRASSERIE.RESTAURANT.jpg\",\"contentUrl\":\"https:\/\/nyanpereira.fr\/dessinateur\/wp-content\/uploads\/2017\/11\/03-3.production.vitrine.peinture.vitre_.decoration.ambiance.plage_.ete_.summer.BAR_.BRASSERIE.RESTAURANT.jpg\",\"width\":800,\"height\":800},{\"@type\":\"WebPage\",\"@id\":\"https:\/\/nyanpereira.fr\/dessinateur\/vitrine-decoration-dete\/#webpage\",\"url\":\"https:\/\/nyanpereira.fr\/dessinateur\/vitrine-decoration-dete\/\",\"name\":\"D\\u00e9co \\u00c9t\\u00e9 - D\\u00e9coration estivale vitrine & magasins \/ Peinture sur Vitre\",\"isPartOf\":{\"@id\":\"https:\/\/nyanpereira.fr\/dessinateur\/#website\"},\"primaryImageOfPage\":{\"@id\":\"https:\/\/nyanpereira.fr\/dessinateur\/vitrine-decoration-dete\/#primaryimage\"},\"datePublished\":\"2019-06-21T15:56:27+00:00\",\"dateModified\":\"2020-06-04T09:21:03+00:00\",\"description\":\"D\\u00e9corer votre boutique et relooker votre vitrine magasin d\\u2019une d\\u00e9coration d\\u2019\\u00e9t\\u00e9 avec une ambiance de plage \/ Peinture sur Vitre & vitrine d\\u00e9coration \\u00e9t\\u00e9\",\"breadcrumb\":{\"@id\":\"https:\/\/nyanpereira.fr\/dessinateur\/vitrine-decoration-dete\/#breadcrumb\"},\"inLanguage\":\"fr-FR\",\"potentialAction\":[{\"@type\":\"ReadAction\",\"target\":[\"https:\/\/nyanpereira.fr\/dessinateur\/vitrine-decoration-dete\/\"]}]},{\"@type\":\"BreadcrumbList\",\"@id\":\"https:\/\/nyanpereira.fr\/dessinateur\/vitrine-decoration-dete\/#breadcrumb\",\"itemListElement\":[{\"@type\":\"ListItem\",\"position\":1,\"name\":\"Accueil\",\"item\":\"https:\/\/nyanpereira.fr\/dessinateur\/\"},{\"@type\":\"ListItem\",\"position\":2,\"name\":\"D\\u00e9co \\u00c9t\\u00e9 &#8211; D\\u00e9coration estivale vitrine &#038; magasins\"}]},{\"@type\":\"Article\",\"@id\":\"https:\/\/nyanpereira.fr\/dessinateur\/vitrine-decoration-dete\/#article\",\"isPartOf\":{\"@id\":\"https:\/\/nyanpereira.fr\/dessinateur\/vitrine-decoration-dete\/#webpage\"},\"author\":{\"@id\":\"https:\/\/nyanpereira.fr\/dessinateur\/#\/schema\/person\/d771f144e8b1bdf8b790b02ba31f71d2\"},\"headline\":\"D\\u00e9co \\u00c9t\\u00e9 &#8211; D\\u00e9coration estivale vitrine &#038; magasins\",\"datePublished\":\"2019-06-21T15:56:27+00:00\",\"dateModified\":\"2020-06-04T09:21:03+00:00\",\"mainEntityOfPage\":{\"@id\":\"https:\/\/nyanpereira.fr\/dessinateur\/vitrine-decoration-dete\/#webpage\"},\"wordCount\":339,\"publisher\":{\"@id\":\"https:\/\/nyanpereira.fr\/dessinateur\/#organization\"},\"image\":{\"@id\":\"https:\/\/nyanpereira.fr\/dessinateur\/vitrine-decoration-dete\/#primaryimage\"},\"thumbnailUrl\":\"https:\/\/nyanpereira.fr\/dessinateur\/wp-content\/uploads\/2017\/11\/03-3.production.vitrine.peinture.vitre_.decoration.ambiance.plage_.ete_.summer.BAR_.BRASSERIE.RESTAURANT.jpg\",\"keywords\":[\"#decorationestival\",\"#d\\u00e9coration\\u00e9v\\u00e8nement\",\"#vitrineartistique\",\"#vitrinepeinte\",\"D\\u00e9coration vitrine\",\"d\\u00e9coration vitrine saisonni\\u00e8re originale\"],\"articleSection\":[\"Peinture sur Vitrine Magasin\"],\"inLanguage\":\"fr-FR\"},{\"@type\":\"Person\",\"@id\":\"https:\/\/nyanpereira.fr\/dessinateur\/#\/schema\/person\/d771f144e8b1bdf8b790b02ba31f71d2\",\"name\":\"dessinateur\",\"image\":{\"@type\":\"ImageObject\",\"@id\":\"https:\/\/nyanpereira.fr\/dessinateur\/#personlogo\",\"inLanguage\":\"fr-FR\",\"url\":\"https:\/\/secure.gravatar.com\/avatar\/acd3615833cd4e0b23d9f45973008c34?s=96&d=mm&r=g\",\"contentUrl\":\"https:\/\/secure.gravatar.com\/avatar\/acd3615833cd4e0b23d9f45973008c34?s=96&d=mm&r=g\",\"caption\":\"dessinateur\"},\"url\":\"https:\/\/nyanpereira.fr\/dessinateur\/author\/dessinateur\/\"}]}<\/script>\n<!-- \/ Yoast SEO plugin. -->","yoast_head_json":{"title":"D\u00e9co \u00c9t\u00e9 - D\u00e9coration estivale vitrine & magasins \/ Peinture sur Vitre","description":"D\u00e9corer votre boutique et relooker votre vitrine magasin d\u2019une d\u00e9coration d\u2019\u00e9t\u00e9 avec une ambiance de plage \/ Peinture sur Vitre & vitrine d\u00e9coration \u00e9t\u00e9","robots":{"index":"index","follow":"follow","max-snippet":"max-snippet:-1","max-image-preview":"max-image-preview:large","max-video-preview":"max-video-preview:-1"},"canonical":"https:\/\/nyanpereira.fr\/dessinateur\/vitrine-decoration-dete\/","og_locale":"fr_FR","og_type":"article","og_title":"D\u00e9co \u00c9t\u00e9 - D\u00e9coration estivale vitrine & magasins \/ Peinture sur Vitre","og_description":"D\u00e9corer votre boutique et relooker votre vitrine magasin d\u2019une d\u00e9coration d\u2019\u00e9t\u00e9 avec une ambiance de plage \/ Peinture sur Vitre & vitrine d\u00e9coration \u00e9t\u00e9","og_url":"https:\/\/nyanpereira.fr\/dessinateur\/vitrine-decoration-dete\/","og_site_name":"Service Cr\u00e9atif &amp; Pr\u00e9sentation Artistique","article_published_time":"2019-06-21T15:56:27+00:00","article_modified_time":"2020-06-04T09:21:03+00:00","og_image":[{"width":800,"height":800,"url":"https:\/\/nyanpereira.fr\/dessinateur\/wp-content\/uploads\/2017\/11\/03-3.production.vitrine.peinture.vitre_.decoration.ambiance.plage_.ete_.summer.BAR_.BRASSERIE.RESTAURANT.jpg","type":"image\/jpeg"}],"twitter_card":"summary_large_image","twitter_misc":{"\u00c9crit par":"dessinateur","Dur\u00e9e de lecture estim\u00e9e":"2 minutes"},"schema":{"@context":"https:\/\/schema.org","@graph":[{"@type":"Organization","@id":"https:\/\/nyanpereira.fr\/dessinateur\/#organization","name":"storyboarder Freelance","url":"https:\/\/nyanpereira.fr\/dessinateur\/","sameAs":[],"logo":{"@type":"ImageObject","@id":"https:\/\/nyanpereira.fr\/dessinateur\/#logo","inLanguage":"fr-FR","url":"","contentUrl":"","caption":"storyboarder Freelance"},"image":{"@id":"https:\/\/nyanpereira.fr\/dessinateur\/#logo"}},{"@type":"WebSite","@id":"https:\/\/nyanpereira.fr\/dessinateur\/#website","url":"https:\/\/nyanpereira.fr\/dessinateur\/","name":"Service Cr\u00e9atif &amp; Pr\u00e9sentation Artistique","description":"Roughs, Storyboard, Antimatic &amp; Photomontage","publisher":{"@id":"https:\/\/nyanpereira.fr\/dessinateur\/#organization"},"potentialAction":[{"@type":"SearchAction","target":{"@type":"EntryPoint","urlTemplate":"https:\/\/nyanpereira.fr\/dessinateur\/?s={search_term_string}"},"query-input":"required name=search_term_string"}],"inLanguage":"fr-FR"},{"@type":"ImageObject","@id":"https:\/\/nyanpereira.fr\/dessinateur\/vitrine-decoration-dete\/#primaryimage","inLanguage":"fr-FR","url":"https:\/\/nyanpereira.fr\/dessinateur\/wp-content\/uploads\/2017\/11\/03-3.production.vitrine.peinture.vitre_.decoration.ambiance.plage_.ete_.summer.BAR_.BRASSERIE.RESTAURANT.jpg","contentUrl":"https:\/\/nyanpereira.fr\/dessinateur\/wp-content\/uploads\/2017\/11\/03-3.production.vitrine.peinture.vitre_.decoration.ambiance.plage_.ete_.summer.BAR_.BRASSERIE.RESTAURANT.jpg","width":800,"height":800},{"@type":"WebPage","@id":"https:\/\/nyanpereira.fr\/dessinateur\/vitrine-decoration-dete\/#webpage","url":"https:\/\/nyanpereira.fr\/dessinateur\/vitrine-decoration-dete\/","name":"D\u00e9co \u00c9t\u00e9 - D\u00e9coration estivale vitrine & magasins \/ Peinture sur Vitre","isPartOf":{"@id":"https:\/\/nyanpereira.fr\/dessinateur\/#website"},"primaryImageOfPage":{"@id":"https:\/\/nyanpereira.fr\/dessinateur\/vitrine-decoration-dete\/#primaryimage"},"datePublished":"2019-06-21T15:56:27+00:00","dateModified":"2020-06-04T09:21:03+00:00","description":"D\u00e9corer votre boutique et relooker votre vitrine magasin d\u2019une d\u00e9coration d\u2019\u00e9t\u00e9 avec une ambiance de plage \/ Peinture sur Vitre & vitrine d\u00e9coration \u00e9t\u00e9","breadcrumb":{"@id":"https:\/\/nyanpereira.fr\/dessinateur\/vitrine-decoration-dete\/#breadcrumb"},"inLanguage":"fr-FR","potentialAction":[{"@type":"ReadAction","target":["https:\/\/nyanpereira.fr\/dessinateur\/vitrine-decoration-dete\/"]}]},{"@type":"BreadcrumbList","@id":"https:\/\/nyanpereira.fr\/dessinateur\/vitrine-decoration-dete\/#breadcrumb","itemListElement":[{"@type":"ListItem","position":1,"name":"Accueil","item":"https:\/\/nyanpereira.fr\/dessinateur\/"},{"@type":"ListItem","position":2,"name":"D\u00e9co \u00c9t\u00e9 &#8211; D\u00e9coration estivale vitrine &#038; magasins"}]},{"@type":"Article","@id":"https:\/\/nyanpereira.fr\/dessinateur\/vitrine-decoration-dete\/#article","isPartOf":{"@id":"https:\/\/nyanpereira.fr\/dessinateur\/vitrine-decoration-dete\/#webpage"},"author":{"@id":"https:\/\/nyanpereira.fr\/dessinateur\/#\/schema\/person\/d771f144e8b1bdf8b790b02ba31f71d2"},"headline":"D\u00e9co \u00c9t\u00e9 &#8211; D\u00e9coration estivale vitrine &#038; magasins","datePublished":"2019-06-21T15:56:27+00:00","dateModified":"2020-06-04T09:21:03+00:00","mainEntityOfPage":{"@id":"https:\/\/nyanpereira.fr\/dessinateur\/vitrine-decoration-dete\/#webpage"},"wordCount":339,"publisher":{"@id":"https:\/\/nyanpereira.fr\/dessinateur\/#organization"},"image":{"@id":"https:\/\/nyanpereira.fr\/dessinateur\/vitrine-decoration-dete\/#primaryimage"},"thumbnailUrl":"https:\/\/nyanpereira.fr\/dessinateur\/wp-content\/uploads\/2017\/11\/03-3.production.vitrine.peinture.vitre_.decoration.ambiance.plage_.ete_.summer.BAR_.BRASSERIE.RESTAURANT.jpg","keywords":["#decorationestival","#d\u00e9coration\u00e9v\u00e8nement","#vitrineartistique","#vitrinepeinte","D\u00e9coration vitrine","d\u00e9coration vitrine saisonni\u00e8re originale"],"articleSection":["Peinture sur Vitrine Magasin"],"inLanguage":"fr-FR"},{"@type":"Person","@id":"https:\/\/nyanpereira.fr\/dessinateur\/#\/schema\/person\/d771f144e8b1bdf8b790b02ba31f71d2","name":"dessinateur","image":{"@type":"ImageObject","@id":"https:\/\/nyanpereira.fr\/dessinateur\/#personlogo","inLanguage":"fr-FR","url":"https:\/\/secure.gravatar.com\/avatar\/acd3615833cd4e0b23d9f45973008c34?s=96&d=mm&r=g","contentUrl":"https:\/\/secure.gravatar.com\/avatar\/acd3615833cd4e0b23d9f45973008c34?s=96&d=mm&r=g","caption":"dessinateur"},"url":"https:\/\/nyanpereira.fr\/dessinateur\/author\/dessinateur\/"}]}},"_links":{"self":[{"href":"https:\/\/nyanpereira.fr\/dessinateur\/wp-json\/wp\/v2\/posts\/4799"}],"collection":[{"href":"https:\/\/nyanpereira.fr\/dessinateur\/wp-json\/wp\/v2\/posts"}],"about":[{"href":"https:\/\/nyanpereira.fr\/dessinateur\/wp-json\/wp\/v2\/types\/post"}],"author":[{"embeddable":true,"href":"https:\/\/nyanpereira.fr\/dessinateur\/wp-json\/wp\/v2\/users\/1"}],"replies":[{"embeddable":true,"href":"https:\/\/nyanpereira.fr\/dessinateur\/wp-json\/wp\/v2\/comments?post=4799"}],"version-history":[{"count":30,"href":"https:\/\/nyanpereira.fr\/dessinateur\/wp-json\/wp\/v2\/posts\/4799\/revisions"}],"predecessor-version":[{"id":8839,"href":"https:\/\/nyanpereira.fr\/dessinateur\/wp-json\/wp\/v2\/posts\/4799\/revisions\/8839"}],"wp:featuredmedia":[{"embeddable":true,"href":"https:\/\/nyanpereira.fr\/dessinateur\/wp-json\/wp\/v2\/media\/5445"}],"wp:attachment":[{"href":"https:\/\/nyanpereira.fr\/dessinateur\/wp-json\/wp\/v2\/media?parent=4799"}],"wp:term":[{"taxonomy":"category","embeddable":true,"href":"https:\/\/nyanpereira.fr\/dessinateur\/wp-json\/wp\/v2\/categories?post=4799"},{"taxonomy":"post_tag","embeddable":true,"href":"https:\/\/nyanpereira.fr\/dessinateur\/wp-json\/wp\/v2\/tags?post=4799"}],"curies":[{"name":"wp","href":"https:\/\/api.w.org\/{rel}","templated":true}]}}