{"id":4581,"date":"2019-03-14T10:49:04","date_gmt":"2019-03-14T09:49:04","guid":{"rendered":"http:\/\/nyanpereira.fr\/dessinateur\/?p=4581"},"modified":"2020-04-04T10:43:01","modified_gmt":"2020-04-04T09:43:01","slug":"printemps-vitrine-peinture-decoration-springtime","status":"publish","type":"post","link":"https:\/\/nyanpereira.fr\/dessinateur\/printemps-vitrine-peinture-decoration-springtime\/","title":{"rendered":"Vitrine St Patrick\u2019s Day"},"content":{"rendered":"<p>Toute l&rsquo;ann\u00e9e, nous imaginons des d\u00e9cors pr\u00e9sent\u00e9es sous forme de croquis <em>(Rough)<\/em> pour animer vos vitrines et d\u00e9corer vos espaces (Printemps, \u00c9t\u00e9, Automne, Hiver&#8230;)<\/p>\n<p>Commer\u00e7ants, Boutiques, Municipalit\u00e9 ou centres commerciaux.<br \/>\n<strong>Annoncez un \u00e9v\u00e8nement avec une peinture sur vitre. <\/strong><\/p>\n<p><strong>\u2022 Le <a href=\"http:\/\/nyanpereira.fr\/dessinateur\/\">rough<\/a> d\u00e9finit notre cahier des charges et la composition des vitrines \u00e0 peindre, \u00e0 animer, \u00e0 d\u00e9corer.<\/strong><br \/>\n<strong>\u2022 Le budget est calcul\u00e9 en fonction du nombre de vitrine \u00e0 peindre.<\/strong><br \/>\n<a href=\"http:\/\/nyanpereira.fr\/dessinateur\/artisan-de-vos-evenements\/\"><img loading=\"lazy\" class=\"alignleft wp-image-4599 size-full\" src=\"http:\/\/nyanpereira.fr\/dessinateur\/wp-content\/uploads\/2017\/03\/rough.croquis.peinture.vitrines.printemps.decoration.irlandaisest.patrick.event_.2.png\" alt=\"rough.croquis.peinture.vitrines.printemps.decoration.irlandaisest.patrick.event.(2)\" width=\"1000\" height=\"705\" \/><\/a><br \/>\n<a href=\"http:\/\/nyanpereira.fr\/dessinateur\/artisan-de-vos-evenements\/\"><img loading=\"lazy\" class=\"alignleft wp-image-4601 size-full\" src=\"http:\/\/nyanpereira.fr\/dessinateur\/wp-content\/uploads\/2017\/03\/vitrines.peintes.printemps.decoration.irlandaisest.patrick.event_.3.png\" alt=\"vitrines.peintes.printemps.decoration.irlandaisest.patrick.event.(3)\" width=\"1000\" height=\"705\" \/><\/a><\/p>\n<p>[button url=\u00a0\u00bb<a href=\"http:\/\/nyanpereira.fr\/dessinateur\/suivez-nous-vitrine-decoration-peinture\/\">http:\/\/nyanpereira.fr\/dessinateur\/gallery\/theatralisation-scenographie-plv-magasin-evenementiel\/<\/a>\u00a0\u00bb window=\u00a0\u00bbtrue\u00a0\u00bb style=\u00a0\u00bbblack\u00a0\u00bb size=\u00a0\u00bbe.g medium\u00a0\u00bb]Nos r\u00e9f\u00e9rences[\/button][button url=\u00a0\u00bbhttp:\/\/nyanpereira.fr\/dessinateur\/contact-dessinateur-roughman-storyborder-illustrateur-freelance\/\u00a0\u00bb window=\u00a0\u00bbtrue\u00a0\u00bb style=\u00a0\u00bbblack\u00a0\u00bb size=\u00a0\u00bbe.g medium\u00a0\u00bb]R\u00e9server une Vitrine[\/button]<\/p>\n<p>[accordion collapsible=\u00a0\u00bbtrue\u00a0\u00bb framed=\u00a0\u00bbfalse\u00a0\u00bb]<br \/>\n[section title=\u00a0\u00bbVitrine Printemps &amp; Saint Patrick\u2019s Day (Canne (06)\u00a0\u00bb]<br \/>\n<a href=\"http:\/\/nyanpereira.fr\/dessinateur\/artisan-de-vos-evenements\/\"><img loading=\"lazy\" class=\"alignleft wp-image-4598\" src=\"http:\/\/nyanpereira.fr\/dessinateur\/wp-content\/uploads\/2017\/03\/rough.croquis.peinture.vitrines.printemps.decoration.irlandaisest.patrick.event_.1.png\" alt=\"rough.croquis.peinture.vitrines.printemps.decoration.irlandaisest.patrick.event.(1)\" width=\"1000\" height=\"705\" \/><\/a><br \/>\n<a href=\"http:\/\/nyanpereira.fr\/dessinateur\/artisan-de-vos-evenements\/\"><img loading=\"lazy\" class=\"alignleft wp-image-4604 size-full\" src=\"http:\/\/nyanpereira.fr\/dessinateur\/wp-content\/uploads\/2017\/03\/vitrines.peintes.printemps.decoration.irlandaisest.patrick.event_.6.png\" alt=\"vitrines.peintes.printemps.decoration.irlandaisest.patrick.event.(6)\" width=\"1000\" height=\"705\" \/><\/a><\/p>\n<p><a href=\"http:\/\/nyanpereira.fr\/dessinateur\/artisan-de-vos-evenements\/\"><img loading=\"lazy\" class=\"alignleft wp-image-4602 size-full\" src=\"http:\/\/nyanpereira.fr\/dessinateur\/wp-content\/uploads\/2017\/03\/vitrines.peintes.printemps.decoration.irlandaisest.patrick.event_.4.png\" alt=\"vitrines.peintes.printemps.decoration.irlandaisest.patrick.event.(4)\" width=\"1000\" height=\"705\" \/><\/a><\/p>\n<p><a href=\"http:\/\/nyanpereira.fr\/dessinateur\/artisan-de-vos-evenements\/\"><img loading=\"lazy\" class=\"alignleft wp-image-4607 size-full\" src=\"http:\/\/nyanpereira.fr\/dessinateur\/wp-content\/uploads\/2017\/03\/vitrines.peintes.printemps.decoration.irlandaisest.patrick.event_.9.png\" alt=\"vitrines.peintes.printemps.decoration.irlandaisest.patrick.event.(9)\" width=\"1000\" height=\"705\" \/><\/a><\/p>\n<p><a href=\"http:\/\/nyanpereira.fr\/dessinateur\/artisan-de-vos-evenements\/\"><img loading=\"lazy\" class=\"alignleft wp-image-4603 size-full\" src=\"http:\/\/nyanpereira.fr\/dessinateur\/wp-content\/uploads\/2017\/03\/vitrines.peintes.printemps.decoration.irlandaisest.patrick.event_.5.png\" alt=\"vitrines.peintes.printemps.decoration.irlandaisest.patrick.event.(5)\" width=\"1000\" height=\"705\" \/><\/a><\/p>\n<p><a href=\"http:\/\/nyanpereira.fr\/dessinateur\/artisan-de-vos-evenements\/\"><img loading=\"lazy\" class=\"alignleft wp-image-4606 size-full\" src=\"http:\/\/nyanpereira.fr\/dessinateur\/wp-content\/uploads\/2017\/03\/vitrines.peintes.printemps.decoration.irlandaisest.patrick.event_.8.png\" alt=\"vitrines.peintes.printemps.decoration.irlandaisest.patrick.event.(8)\" width=\"1000\" height=\"705\" \/><\/a><\/p>\n<p><a href=\"http:\/\/nyanpereira.fr\/dessinateur\/artisan-de-vos-evenements\/\"><img loading=\"lazy\" class=\"alignleft wp-image-4600 size-full\" src=\"http:\/\/nyanpereira.fr\/dessinateur\/wp-content\/uploads\/2017\/03\/vitrines.peintes.printemps.decoration.irlandaisest.patrick.event_.2.png\" alt=\"vitrines.peintes.printemps.decoration.irlandaisest.patrick.event.(2)\" width=\"1000\" height=\"705\" \/><\/a><\/p>\n<p><a href=\"http:\/\/nyanpereira.fr\/dessinateur\/artisan-de-vos-evenements\/\"><img loading=\"lazy\" class=\"alignleft wp-image-4605 size-full\" src=\"http:\/\/nyanpereira.fr\/dessinateur\/wp-content\/uploads\/2017\/03\/vitrines.peintes.printemps.decoration.irlandaisest.patrick.event_.7.png\" alt=\"vitrines.peintes.printemps.decoration.irlandaisest.patrick.event.(7)\" width=\"1000\" height=\"705\" \/><\/a><br \/>\n[\/section]<br \/>\n[section title=\u00a0\u00bbPop Up store \/ \u00c9vent (Canne (06)\u00a0\u00bb]<\/p>\n<h4>Installation Saint Patrick Day.<\/h4>\n<p>Optimisons le service vitrine avec une installation \u00e9ph\u00e9m\u00e8re pour les centres commerciaux, salons, foires, expositions et congr\u00e8s. <strong>Du mobilier \u00e0 la signal\u00e9tique, nous imaginons et fabriquons la d\u00e9coration de vos espace de vente. <\/strong><\/p>\n<p>\u2022 Le rough <a href=\"http:\/\/nyanpereira.fr\/dessinateur\/gallery\/theatralisation-scenographie-plv-magasin-evenementiel\/\">(RouhgEvent)<\/a> d\u00e9finit l&rsquo;am\u00e9nagement de l&rsquo;espace et les \u00e9l\u00e9ments qui composent l&rsquo;op\u00e9ration.<br \/>\n\u2022 Le budget est calcul\u00e9 en fonction du rough\u00a0travaill\u00e9 et des \u00e9l\u00e9ments s\u00e9lectionn\u00e9s<span style=\"color: #999999;\"><em> (Tonneaux, coussin, gazon, Plantes, PLV,&#8230;)<\/em><\/span><br \/>\n\u2022 Une fois valid\u00e9, nous produisons.<br \/>\n<a href=\"http:\/\/nyanpereira.fr\/dessinateur\/artisan-de-vos-evenements\/\"><img loading=\"lazy\" class=\"alignleft wp-image-4583 size-full\" src=\"http:\/\/nyanpereira.fr\/dessinateur\/wp-content\/uploads\/2017\/03\/conception.espace.temporaire.decoration.saint_.patrick.fete_.Irlandaise.jpg\" alt=\"conception.espace.temporaire.decoration.saint.patrick.fete.Irlandaise\" width=\"1000\" height=\"818\" \/><\/a><\/p>\n<p><a href=\"http:\/\/nyanpereira.fr\/dessinateur\/artisan-de-vos-evenements\/\"><img loading=\"lazy\" class=\"alignleft size-full wp-image-4582\" src=\"http:\/\/nyanpereira.fr\/dessinateur\/wp-content\/uploads\/2017\/03\/conception.espace.temporaire.bar_.decoration.saint_.patrick.jpg\" alt=\"conception.espace.temporaire.bar.decoration.saint.patrick\" width=\"1000\" height=\"818\" \/><\/a><\/p>\n<p><a href=\"http:\/\/nyanpereira.fr\/dessinateur\/artisan-de-vos-evenements\/\"><img loading=\"lazy\" class=\"alignleft wp-image-4616 size-full\" src=\"http:\/\/nyanpereira.fr\/dessinateur\/wp-content\/uploads\/2017\/03\/amenagement.printemps.decoration.irlandaise.st_.patrick.event_.1.png\" alt=\"amenagement.printemps.decoration.irlandaise.st.patrick.event.(1)\" width=\"1000\" height=\"705\" \/><\/a><\/p>\n<p><a href=\"http:\/\/nyanpereira.fr\/dessinateur\/artisan-de-vos-evenements\/\"><img loading=\"lazy\" class=\"alignleft wp-image-4617 size-full\" src=\"http:\/\/nyanpereira.fr\/dessinateur\/wp-content\/uploads\/2017\/03\/amenagement.printemps.decoration.irlandaise.st_.patrick.event_.2.png\" alt=\"amenagement.printemps.decoration.irlandaise.st.patrick.event.(2)\" width=\"1000\" height=\"705\" \/><\/a><\/p>\n<p><a href=\"http:\/\/nyanpereira.fr\/dessinateur\/artisan-de-vos-evenements\/\"><img loading=\"lazy\" class=\"alignleft wp-image-4618 size-full\" src=\"http:\/\/nyanpereira.fr\/dessinateur\/wp-content\/uploads\/2017\/03\/amenagement.printemps.decoration.irlandaise.st_.patrick.event_.3.png\" alt=\"amenagement.printemps.decoration.irlandaise.st.patrick.event.(3)\" width=\"1000\" height=\"705\" \/><\/a><\/p>\n<p><a href=\"http:\/\/nyanpereira.fr\/dessinateur\/artisan-de-vos-evenements\/\"><img loading=\"lazy\" class=\"alignleft wp-image-4619 size-full\" src=\"http:\/\/nyanpereira.fr\/dessinateur\/wp-content\/uploads\/2017\/03\/amenagement.printemps.decoration.irlandaise.st_.patrick.event_.4.png\" alt=\"amenagement.printemps.decoration.irlandaise.st.patrick.event.(4)\" width=\"1000\" height=\"705\" \/><\/a><\/p>\n<p>[button url=\u00a0\u00bbhttp:\/\/nyanpereira.fr\/dessinateur\/contact-dessinateur-roughman-storyborder-illustrateur-freelance\/\u00a0\u00bb window=\u00a0\u00bbtrue\u00a0\u00bb style=\u00a0\u00bbblack\u00a0\u00bb size=\u00a0\u00bbe.g medium\u00a0\u00bb]R\u00e9server une Installation[\/button]<\/p>\n<p>[button url=\u00a0\u00bbhttp:\/\/nyanpereira.fr\/dessinateur\/gallery\/theatralisation-scenographie-plv-magasin-evenementiel\/\u00a0\u00bb window=\u00a0\u00bbtrue\u00a0\u00bb style=\u00a0\u00bbblack\u00a0\u00bb size=\u00a0\u00bbe.g medium\u00a0\u00bb]En savoir plus[\/button]<br \/>\n[\/section]<br \/>\n[\/accordion]<\/p>\n","protected":false},"excerpt":{"rendered":"<p>Vitrine Peinture \/ Annoncez un \u00e9v\u00e8nement et d\u00e9corez avec vos vitrines <\/p>\n","protected":false},"author":1,"featured_media":4607,"comment_status":"closed","ping_status":"closed","sticky":false,"template":"","format":"gallery","meta":[],"categories":[80],"tags":[282,288,254,267],"yoast_head":"<!-- This site is optimized with the Yoast SEO plugin v17.9 - https:\/\/yoast.com\/wordpress\/plugins\/seo\/ -->\n<title>Vitrine St Patrick\u2019s Day - Service Cr\u00e9atif &amp; Pr\u00e9sentation Artistique<\/title>\n<meta name=\"robots\" content=\"index, follow, max-snippet:-1, max-image-preview:large, max-video-preview:-1\" \/>\n<link rel=\"canonical\" href=\"https:\/\/nyanpereira.fr\/dessinateur\/printemps-vitrine-peinture-decoration-springtime\/\" \/>\n<meta property=\"og:locale\" content=\"fr_FR\" \/>\n<meta property=\"og:type\" content=\"article\" \/>\n<meta property=\"og:title\" content=\"Vitrine St Patrick\u2019s Day - Service Cr\u00e9atif &amp; Pr\u00e9sentation Artistique\" \/>\n<meta property=\"og:description\" content=\"Vitrine Peinture \/ Annoncez un \u00e9v\u00e8nement et d\u00e9corez avec vos vitrines\" \/>\n<meta property=\"og:url\" content=\"https:\/\/nyanpereira.fr\/dessinateur\/printemps-vitrine-peinture-decoration-springtime\/\" \/>\n<meta property=\"og:site_name\" content=\"Service Cr\u00e9atif &amp; Pr\u00e9sentation Artistique\" \/>\n<meta property=\"article:published_time\" content=\"2019-03-14T09:49:04+00:00\" \/>\n<meta property=\"article:modified_time\" content=\"2020-04-04T09:43:01+00:00\" \/>\n<meta property=\"og:image\" content=\"https:\/\/nyanpereira.fr\/dessinateur\/wp-content\/uploads\/2017\/03\/vitrines.peintes.printemps.decoration.irlandaisest.patrick.event_.9.png\" \/>\n\t<meta property=\"og:image:width\" content=\"1000\" \/>\n\t<meta property=\"og:image:height\" content=\"705\" \/>\n\t<meta property=\"og:image:type\" content=\"image\/png\" \/>\n<meta name=\"twitter:card\" content=\"summary_large_image\" \/>\n<meta name=\"twitter:label1\" content=\"\u00c9crit par\" \/>\n\t<meta name=\"twitter:data1\" content=\"dessinateur\" \/>\n\t<meta name=\"twitter:label2\" content=\"Dur\u00e9e de lecture estim\u00e9e\" \/>\n\t<meta name=\"twitter:data2\" content=\"1 minute\" \/>\n<script type=\"application\/ld+json\" class=\"yoast-schema-graph\">{\"@context\":\"https:\/\/schema.org\",\"@graph\":[{\"@type\":\"Organization\",\"@id\":\"https:\/\/nyanpereira.fr\/dessinateur\/#organization\",\"name\":\"storyboarder Freelance\",\"url\":\"https:\/\/nyanpereira.fr\/dessinateur\/\",\"sameAs\":[],\"logo\":{\"@type\":\"ImageObject\",\"@id\":\"https:\/\/nyanpereira.fr\/dessinateur\/#logo\",\"inLanguage\":\"fr-FR\",\"url\":\"\",\"contentUrl\":\"\",\"caption\":\"storyboarder Freelance\"},\"image\":{\"@id\":\"https:\/\/nyanpereira.fr\/dessinateur\/#logo\"}},{\"@type\":\"WebSite\",\"@id\":\"https:\/\/nyanpereira.fr\/dessinateur\/#website\",\"url\":\"https:\/\/nyanpereira.fr\/dessinateur\/\",\"name\":\"Service Cr\\u00e9atif &amp; Pr\\u00e9sentation Artistique\",\"description\":\"Roughs, Storyboard, Antimatic &amp; Photomontage\",\"publisher\":{\"@id\":\"https:\/\/nyanpereira.fr\/dessinateur\/#organization\"},\"potentialAction\":[{\"@type\":\"SearchAction\",\"target\":{\"@type\":\"EntryPoint\",\"urlTemplate\":\"https:\/\/nyanpereira.fr\/dessinateur\/?s={search_term_string}\"},\"query-input\":\"required name=search_term_string\"}],\"inLanguage\":\"fr-FR\"},{\"@type\":\"ImageObject\",\"@id\":\"https:\/\/nyanpereira.fr\/dessinateur\/printemps-vitrine-peinture-decoration-springtime\/#primaryimage\",\"inLanguage\":\"fr-FR\",\"url\":\"https:\/\/nyanpereira.fr\/dessinateur\/wp-content\/uploads\/2017\/03\/vitrines.peintes.printemps.decoration.irlandaisest.patrick.event_.9.png\",\"contentUrl\":\"https:\/\/nyanpereira.fr\/dessinateur\/wp-content\/uploads\/2017\/03\/vitrines.peintes.printemps.decoration.irlandaisest.patrick.event_.9.png\",\"width\":1000,\"height\":705},{\"@type\":\"WebPage\",\"@id\":\"https:\/\/nyanpereira.fr\/dessinateur\/printemps-vitrine-peinture-decoration-springtime\/#webpage\",\"url\":\"https:\/\/nyanpereira.fr\/dessinateur\/printemps-vitrine-peinture-decoration-springtime\/\",\"name\":\"Vitrine St Patrick\\u2019s Day - Service Cr\\u00e9atif &amp; Pr\\u00e9sentation Artistique\",\"isPartOf\":{\"@id\":\"https:\/\/nyanpereira.fr\/dessinateur\/#website\"},\"primaryImageOfPage\":{\"@id\":\"https:\/\/nyanpereira.fr\/dessinateur\/printemps-vitrine-peinture-decoration-springtime\/#primaryimage\"},\"datePublished\":\"2019-03-14T09:49:04+00:00\",\"dateModified\":\"2020-04-04T09:43:01+00:00\",\"breadcrumb\":{\"@id\":\"https:\/\/nyanpereira.fr\/dessinateur\/printemps-vitrine-peinture-decoration-springtime\/#breadcrumb\"},\"inLanguage\":\"fr-FR\",\"potentialAction\":[{\"@type\":\"ReadAction\",\"target\":[\"https:\/\/nyanpereira.fr\/dessinateur\/printemps-vitrine-peinture-decoration-springtime\/\"]}]},{\"@type\":\"BreadcrumbList\",\"@id\":\"https:\/\/nyanpereira.fr\/dessinateur\/printemps-vitrine-peinture-decoration-springtime\/#breadcrumb\",\"itemListElement\":[{\"@type\":\"ListItem\",\"position\":1,\"name\":\"Accueil\",\"item\":\"https:\/\/nyanpereira.fr\/dessinateur\/\"},{\"@type\":\"ListItem\",\"position\":2,\"name\":\"Vitrine St Patrick\\u2019s Day\"}]},{\"@type\":\"Article\",\"@id\":\"https:\/\/nyanpereira.fr\/dessinateur\/printemps-vitrine-peinture-decoration-springtime\/#article\",\"isPartOf\":{\"@id\":\"https:\/\/nyanpereira.fr\/dessinateur\/printemps-vitrine-peinture-decoration-springtime\/#webpage\"},\"author\":{\"@id\":\"https:\/\/nyanpereira.fr\/dessinateur\/#\/schema\/person\/d771f144e8b1bdf8b790b02ba31f71d2\"},\"headline\":\"Vitrine St Patrick\\u2019s Day\",\"datePublished\":\"2019-03-14T09:49:04+00:00\",\"dateModified\":\"2020-04-04T09:43:01+00:00\",\"mainEntityOfPage\":{\"@id\":\"https:\/\/nyanpereira.fr\/dessinateur\/printemps-vitrine-peinture-decoration-springtime\/#webpage\"},\"wordCount\":268,\"publisher\":{\"@id\":\"https:\/\/nyanpereira.fr\/dessinateur\/#organization\"},\"image\":{\"@id\":\"https:\/\/nyanpereira.fr\/dessinateur\/printemps-vitrine-peinture-decoration-springtime\/#primaryimage\"},\"thumbnailUrl\":\"https:\/\/nyanpereira.fr\/dessinateur\/wp-content\/uploads\/2017\/03\/vitrines.peintes.printemps.decoration.irlandaisest.patrick.event_.9.png\",\"keywords\":[\"#vitrineartistique\",\"#vitrinepeintealamains\",\"D\\u00e9coration vitrine\",\"Vitrines Magasins originales\"],\"articleSection\":[\"Peinture sur Vitrine Magasin\"],\"inLanguage\":\"fr-FR\"},{\"@type\":\"Person\",\"@id\":\"https:\/\/nyanpereira.fr\/dessinateur\/#\/schema\/person\/d771f144e8b1bdf8b790b02ba31f71d2\",\"name\":\"dessinateur\",\"image\":{\"@type\":\"ImageObject\",\"@id\":\"https:\/\/nyanpereira.fr\/dessinateur\/#personlogo\",\"inLanguage\":\"fr-FR\",\"url\":\"https:\/\/secure.gravatar.com\/avatar\/acd3615833cd4e0b23d9f45973008c34?s=96&d=mm&r=g\",\"contentUrl\":\"https:\/\/secure.gravatar.com\/avatar\/acd3615833cd4e0b23d9f45973008c34?s=96&d=mm&r=g\",\"caption\":\"dessinateur\"},\"url\":\"https:\/\/nyanpereira.fr\/dessinateur\/author\/dessinateur\/\"}]}<\/script>\n<!-- \/ Yoast SEO plugin. -->","yoast_head_json":{"title":"Vitrine St Patrick\u2019s Day - Service Cr\u00e9atif &amp; Pr\u00e9sentation Artistique","robots":{"index":"index","follow":"follow","max-snippet":"max-snippet:-1","max-image-preview":"max-image-preview:large","max-video-preview":"max-video-preview:-1"},"canonical":"https:\/\/nyanpereira.fr\/dessinateur\/printemps-vitrine-peinture-decoration-springtime\/","og_locale":"fr_FR","og_type":"article","og_title":"Vitrine St Patrick\u2019s Day - Service Cr\u00e9atif &amp; Pr\u00e9sentation Artistique","og_description":"Vitrine Peinture \/ Annoncez un \u00e9v\u00e8nement et d\u00e9corez avec vos vitrines","og_url":"https:\/\/nyanpereira.fr\/dessinateur\/printemps-vitrine-peinture-decoration-springtime\/","og_site_name":"Service Cr\u00e9atif &amp; Pr\u00e9sentation Artistique","article_published_time":"2019-03-14T09:49:04+00:00","article_modified_time":"2020-04-04T09:43:01+00:00","og_image":[{"width":1000,"height":705,"url":"https:\/\/nyanpereira.fr\/dessinateur\/wp-content\/uploads\/2017\/03\/vitrines.peintes.printemps.decoration.irlandaisest.patrick.event_.9.png","type":"image\/png"}],"twitter_card":"summary_large_image","twitter_misc":{"\u00c9crit par":"dessinateur","Dur\u00e9e de lecture estim\u00e9e":"1 minute"},"schema":{"@context":"https:\/\/schema.org","@graph":[{"@type":"Organization","@id":"https:\/\/nyanpereira.fr\/dessinateur\/#organization","name":"storyboarder Freelance","url":"https:\/\/nyanpereira.fr\/dessinateur\/","sameAs":[],"logo":{"@type":"ImageObject","@id":"https:\/\/nyanpereira.fr\/dessinateur\/#logo","inLanguage":"fr-FR","url":"","contentUrl":"","caption":"storyboarder Freelance"},"image":{"@id":"https:\/\/nyanpereira.fr\/dessinateur\/#logo"}},{"@type":"WebSite","@id":"https:\/\/nyanpereira.fr\/dessinateur\/#website","url":"https:\/\/nyanpereira.fr\/dessinateur\/","name":"Service Cr\u00e9atif &amp; Pr\u00e9sentation Artistique","description":"Roughs, Storyboard, Antimatic &amp; Photomontage","publisher":{"@id":"https:\/\/nyanpereira.fr\/dessinateur\/#organization"},"potentialAction":[{"@type":"SearchAction","target":{"@type":"EntryPoint","urlTemplate":"https:\/\/nyanpereira.fr\/dessinateur\/?s={search_term_string}"},"query-input":"required name=search_term_string"}],"inLanguage":"fr-FR"},{"@type":"ImageObject","@id":"https:\/\/nyanpereira.fr\/dessinateur\/printemps-vitrine-peinture-decoration-springtime\/#primaryimage","inLanguage":"fr-FR","url":"https:\/\/nyanpereira.fr\/dessinateur\/wp-content\/uploads\/2017\/03\/vitrines.peintes.printemps.decoration.irlandaisest.patrick.event_.9.png","contentUrl":"https:\/\/nyanpereira.fr\/dessinateur\/wp-content\/uploads\/2017\/03\/vitrines.peintes.printemps.decoration.irlandaisest.patrick.event_.9.png","width":1000,"height":705},{"@type":"WebPage","@id":"https:\/\/nyanpereira.fr\/dessinateur\/printemps-vitrine-peinture-decoration-springtime\/#webpage","url":"https:\/\/nyanpereira.fr\/dessinateur\/printemps-vitrine-peinture-decoration-springtime\/","name":"Vitrine St Patrick\u2019s Day - Service Cr\u00e9atif &amp; Pr\u00e9sentation Artistique","isPartOf":{"@id":"https:\/\/nyanpereira.fr\/dessinateur\/#website"},"primaryImageOfPage":{"@id":"https:\/\/nyanpereira.fr\/dessinateur\/printemps-vitrine-peinture-decoration-springtime\/#primaryimage"},"datePublished":"2019-03-14T09:49:04+00:00","dateModified":"2020-04-04T09:43:01+00:00","breadcrumb":{"@id":"https:\/\/nyanpereira.fr\/dessinateur\/printemps-vitrine-peinture-decoration-springtime\/#breadcrumb"},"inLanguage":"fr-FR","potentialAction":[{"@type":"ReadAction","target":["https:\/\/nyanpereira.fr\/dessinateur\/printemps-vitrine-peinture-decoration-springtime\/"]}]},{"@type":"BreadcrumbList","@id":"https:\/\/nyanpereira.fr\/dessinateur\/printemps-vitrine-peinture-decoration-springtime\/#breadcrumb","itemListElement":[{"@type":"ListItem","position":1,"name":"Accueil","item":"https:\/\/nyanpereira.fr\/dessinateur\/"},{"@type":"ListItem","position":2,"name":"Vitrine St Patrick\u2019s Day"}]},{"@type":"Article","@id":"https:\/\/nyanpereira.fr\/dessinateur\/printemps-vitrine-peinture-decoration-springtime\/#article","isPartOf":{"@id":"https:\/\/nyanpereira.fr\/dessinateur\/printemps-vitrine-peinture-decoration-springtime\/#webpage"},"author":{"@id":"https:\/\/nyanpereira.fr\/dessinateur\/#\/schema\/person\/d771f144e8b1bdf8b790b02ba31f71d2"},"headline":"Vitrine St Patrick\u2019s Day","datePublished":"2019-03-14T09:49:04+00:00","dateModified":"2020-04-04T09:43:01+00:00","mainEntityOfPage":{"@id":"https:\/\/nyanpereira.fr\/dessinateur\/printemps-vitrine-peinture-decoration-springtime\/#webpage"},"wordCount":268,"publisher":{"@id":"https:\/\/nyanpereira.fr\/dessinateur\/#organization"},"image":{"@id":"https:\/\/nyanpereira.fr\/dessinateur\/printemps-vitrine-peinture-decoration-springtime\/#primaryimage"},"thumbnailUrl":"https:\/\/nyanpereira.fr\/dessinateur\/wp-content\/uploads\/2017\/03\/vitrines.peintes.printemps.decoration.irlandaisest.patrick.event_.9.png","keywords":["#vitrineartistique","#vitrinepeintealamains","D\u00e9coration vitrine","Vitrines Magasins originales"],"articleSection":["Peinture sur Vitrine Magasin"],"inLanguage":"fr-FR"},{"@type":"Person","@id":"https:\/\/nyanpereira.fr\/dessinateur\/#\/schema\/person\/d771f144e8b1bdf8b790b02ba31f71d2","name":"dessinateur","image":{"@type":"ImageObject","@id":"https:\/\/nyanpereira.fr\/dessinateur\/#personlogo","inLanguage":"fr-FR","url":"https:\/\/secure.gravatar.com\/avatar\/acd3615833cd4e0b23d9f45973008c34?s=96&d=mm&r=g","contentUrl":"https:\/\/secure.gravatar.com\/avatar\/acd3615833cd4e0b23d9f45973008c34?s=96&d=mm&r=g","caption":"dessinateur"},"url":"https:\/\/nyanpereira.fr\/dessinateur\/author\/dessinateur\/"}]}},"_links":{"self":[{"href":"https:\/\/nyanpereira.fr\/dessinateur\/wp-json\/wp\/v2\/posts\/4581"}],"collection":[{"href":"https:\/\/nyanpereira.fr\/dessinateur\/wp-json\/wp\/v2\/posts"}],"about":[{"href":"https:\/\/nyanpereira.fr\/dessinateur\/wp-json\/wp\/v2\/types\/post"}],"author":[{"embeddable":true,"href":"https:\/\/nyanpereira.fr\/dessinateur\/wp-json\/wp\/v2\/users\/1"}],"replies":[{"embeddable":true,"href":"https:\/\/nyanpereira.fr\/dessinateur\/wp-json\/wp\/v2\/comments?post=4581"}],"version-history":[{"count":62,"href":"https:\/\/nyanpereira.fr\/dessinateur\/wp-json\/wp\/v2\/posts\/4581\/revisions"}],"predecessor-version":[{"id":5641,"href":"https:\/\/nyanpereira.fr\/dessinateur\/wp-json\/wp\/v2\/posts\/4581\/revisions\/5641"}],"wp:featuredmedia":[{"embeddable":true,"href":"https:\/\/nyanpereira.fr\/dessinateur\/wp-json\/wp\/v2\/media\/4607"}],"wp:attachment":[{"href":"https:\/\/nyanpereira.fr\/dessinateur\/wp-json\/wp\/v2\/media?parent=4581"}],"wp:term":[{"taxonomy":"category","embeddable":true,"href":"https:\/\/nyanpereira.fr\/dessinateur\/wp-json\/wp\/v2\/categories?post=4581"},{"taxonomy":"post_tag","embeddable":true,"href":"https:\/\/nyanpereira.fr\/dessinateur\/wp-json\/wp\/v2\/tags?post=4581"}],"curies":[{"name":"wp","href":"https:\/\/api.w.org\/{rel}","templated":true}]}}