{"id":4426,"date":"2018-12-10T14:00:42","date_gmt":"2018-12-10T13:00:42","guid":{"rendered":"http:\/\/nyanpereira.fr\/dessinateur\/?p=4426"},"modified":"2021-04-28T07:27:26","modified_gmt":"2021-04-28T06:27:26","slug":"vitrine-peinture-suivez-nous","status":"publish","type":"post","link":"https:\/\/nyanpereira.fr\/dessinateur\/vitrine-peinture-suivez-nous\/","title":{"rendered":"Vitrines vivantes &#038; p\u00e9tillantes"},"content":{"rendered":"<h4>Bonjour &amp; Bienvenue<\/h4>\n<p><strong>Th\u00e8me et d\u00e9coration l&rsquo;honneur : NO\u00cbL2018.<br \/>\nNous avons le plaisir de vous faire d\u00e9couvrir une s\u00e9lection de vitrines que nous avons r\u00e9alis\u00e9e, enti\u00e8rement peintes \u00e0 la mains, elles illustrent nos comp\u00e9tences et vous sugg\u00e8rent des id\u00e9es de d\u00e9coration d&rsquo;espaces.<\/strong><\/p>\n<p><img loading=\"lazy\" class=\"alignleft size-full wp-image-5360\" src=\"http:\/\/nyanpereira.fr\/dessinateur\/wp-content\/uploads\/2018\/10\/05-Vitrine.peinture.service.decoration.originale-noel.jpg\" alt=\"\" width=\"800\" height=\"800\" \/><img loading=\"lazy\" class=\"alignleft size-full wp-image-5361\" src=\"http:\/\/nyanpereira.fr\/dessinateur\/wp-content\/uploads\/2018\/10\/18-Vitrine.peinture.service.decoration.originale.pere-noel.jpg\" alt=\"\" width=\"1200\" height=\"1200\" \/><img loading=\"lazy\" class=\"alignleft size-full wp-image-5362\" src=\"http:\/\/nyanpereira.fr\/dessinateur\/wp-content\/uploads\/2018\/10\/17-Vitrine.peinture.service.decoration.originale.pere-noel.jpg\" alt=\"\" width=\"800\" height=\"800\" \/><\/p>\n<h4>Vitrines \/ Saison 2017\/18<\/h4>\n<p>[accordion collapsible=\u00a0\u00bbtrue\u00a0\u00bb framed=\u00a0\u00bbfalse\u00a0\u00bb]<br \/>\n[section title=\u00a0\u00bbCoup du Monde2018 (Marseille13)\u00a0\u00bb]<br \/>\n<img loading=\"lazy\" class=\"alignleft size-full wp-image-5283\" src=\"http:\/\/nyanpereira.fr\/dessinateur\/wp-content\/uploads\/2018\/03\/001-russia.2018.coupe-du-monde.Decoration.vitrine.peinture.original.tendance.luxe-.png\" alt=\"\" width=\"1080\" height=\"1080\" \/><img loading=\"lazy\" class=\"alignleft size-full wp-image-5282\" src=\"http:\/\/nyanpereira.fr\/dessinateur\/wp-content\/uploads\/2018\/03\/021-russia.2018.coupe-du-monde.Decoration.vitrine.peinture.original.tendance.luxe-.png\" alt=\"\" width=\"1024\" height=\"722\" \/><img loading=\"lazy\" class=\"alignleft size-full wp-image-5281\" src=\"http:\/\/nyanpereira.fr\/dessinateur\/wp-content\/uploads\/2018\/03\/019-russia.2018.coupe-du-monde.Decoration.vitrine.peinture.original.tendance.luxe-.png\" alt=\"\" width=\"1024\" height=\"722\" \/><\/p>\n<p><span style=\"color: #999999;\">R\u00e9f\u00e9rencement : Mondiale2018, Russia2018, Usine Cocacola, football D\u00e9coration.<\/span><\/p>\n<p>[\/section]<\/p>\n<p>[section title=\u00a0\u00bbVitrine Printemps \u00e0 Toulon (Var83)\u00a0\u00bb]<br \/>\n<img loading=\"lazy\" class=\"alignleft size-full wp-image-5246\" src=\"http:\/\/nyanpereira.fr\/dessinateur\/wp-content\/uploads\/2018\/03\/014-vitrine.animation.Printemps.deco_.peinture.original.live_.painting.png\" alt=\"\" width=\"1024\" height=\"722\" \/><img loading=\"lazy\" class=\"alignleft size-full wp-image-5247\" src=\"http:\/\/nyanpereira.fr\/dessinateur\/wp-content\/uploads\/2018\/03\/015-vitrine.animation.Printemps.deco_.peinture.original.live_.painting.png\" alt=\"\" width=\"1024\" height=\"722\" \/><img loading=\"lazy\" class=\"alignleft size-full wp-image-5241\" src=\"http:\/\/nyanpereira.fr\/dessinateur\/wp-content\/uploads\/2018\/03\/009-vitrine.animation.Printemps.deco_.peinture.original.live_.painting.png\" alt=\"\" width=\"1024\" height=\"722\" \/><img loading=\"lazy\" class=\"alignleft size-full wp-image-5235\" src=\"http:\/\/nyanpereira.fr\/dessinateur\/wp-content\/uploads\/2018\/03\/003-vitrine.animation.Printemps.deco_.peinture.original.live_.painting.png\" alt=\"\" width=\"1024\" height=\"722\" \/><img loading=\"lazy\" class=\"alignleft size-full wp-image-5239\" src=\"http:\/\/nyanpereira.fr\/dessinateur\/wp-content\/uploads\/2018\/03\/007-vitrine.animation.Printemps.deco_.peinture.original.live_.painting.png\" alt=\"\" width=\"1024\" height=\"722\" \/><img loading=\"lazy\" class=\"alignleft size-full wp-image-5240\" src=\"http:\/\/nyanpereira.fr\/dessinateur\/wp-content\/uploads\/2018\/03\/008-vitrine.animation.Printemps.deco_.peinture.original.live_.painting.png\" alt=\"\" width=\"1024\" height=\"722\" \/><\/p>\n<p>[\/section]<\/p>\n<p>[section title=\u00a0\u00bbVitrine de No\u00ebl \u00e0 Nice (06)\u00a0\u00bb]<br \/>\n<img loading=\"lazy\" class=\"alignleft size-full wp-image-5162\" src=\"http:\/\/nyanpereira.fr\/dessinateur\/wp-content\/uploads\/2018\/01\/002-Decoration.hiver_.noel_.vitrine.peinture.original.drawing.png\" alt=\"\" width=\"1024\" height=\"722\" \/><img loading=\"lazy\" class=\"alignleft size-full wp-image-5161\" src=\"http:\/\/nyanpereira.fr\/dessinateur\/wp-content\/uploads\/2018\/01\/001-Decoration.hiver_.noel_.vitrine.peinture.original.drawing.png\" alt=\"\" width=\"1024\" height=\"722\" \/> <img loading=\"lazy\" class=\"alignleft size-full wp-image-5163\" src=\"http:\/\/nyanpereira.fr\/dessinateur\/wp-content\/uploads\/2018\/01\/003-Decoration.hiver_.noel_.vitrine.peinture.original.drawing.png\" alt=\"\" width=\"1024\" height=\"722\" \/> <img loading=\"lazy\" class=\"alignleft size-full wp-image-5166\" src=\"http:\/\/nyanpereira.fr\/dessinateur\/wp-content\/uploads\/2018\/01\/006-Decoration.hiver_.noel_.vitrine.peinture.original.drawing.png\" alt=\"\" width=\"1024\" height=\"722\" \/> <img loading=\"lazy\" class=\"alignleft size-full wp-image-5167\" src=\"http:\/\/nyanpereira.fr\/dessinateur\/wp-content\/uploads\/2018\/01\/007-Decoration.hiver_.noel_.vitrine.peinture.original.drawing.png\" alt=\"\" width=\"1024\" height=\"722\" \/><img loading=\"lazy\" class=\"alignleft size-full wp-image-5165\" src=\"http:\/\/nyanpereira.fr\/dessinateur\/wp-content\/uploads\/2018\/01\/005-Decoration.hiver_.noel_.vitrine.peinture.original.drawing.png\" alt=\"\" width=\"1024\" height=\"722\" \/><\/p>\n<p>[\/section]<\/p>\n<p>[section title=\u00a0\u00bbD\u00e9coration de No\u00ebl \u00e0 Sorgue (84)\u00a0\u00bb]<br \/>\n<img loading=\"lazy\" class=\"alignleft size-full wp-image-5147\" src=\"http:\/\/nyanpereira.fr\/dessinateur\/wp-content\/uploads\/2014\/03\/15.boulangerie.decoration.noel_.vitrine.peinture.original.png\" alt=\"\" width=\"1024\" height=\"722\" \/> <img loading=\"lazy\" class=\"alignleft size-full wp-image-5146\" src=\"http:\/\/nyanpereira.fr\/dessinateur\/wp-content\/uploads\/2014\/03\/19.centre.commercial.decoration.noel_.vitrine.peinture.original.png\" alt=\"\" width=\"1024\" height=\"722\" \/> <img loading=\"lazy\" class=\"alignleft size-full wp-image-5145\" src=\"http:\/\/nyanpereira.fr\/dessinateur\/wp-content\/uploads\/2014\/03\/12.decoration.noel_.vitrine.peinture.original.png\" alt=\"\" width=\"1024\" height=\"722\" \/> <img loading=\"lazy\" class=\"alignleft size-full wp-image-5144\" src=\"http:\/\/nyanpereira.fr\/dessinateur\/wp-content\/uploads\/2014\/03\/11.decoration.noel_.vitrine.peinture.original.png\" alt=\"\" width=\"1024\" height=\"722\" \/> <img loading=\"lazy\" class=\"alignleft size-full wp-image-5143\" src=\"http:\/\/nyanpereira.fr\/dessinateur\/wp-content\/uploads\/2014\/03\/17.centre.commercial.decoration.noel_.vitrine.peinture.original.png\" alt=\"\" width=\"1024\" height=\"722\" \/> <img loading=\"lazy\" class=\"alignleft size-full wp-image-5142\" src=\"http:\/\/nyanpereira.fr\/dessinateur\/wp-content\/uploads\/2014\/03\/16.boulangerie.decoration.noel_.vitrine.peinture.original.png\" alt=\"\" width=\"1024\" height=\"722\" \/> <img loading=\"lazy\" class=\"alignleft size-full wp-image-5140\" src=\"http:\/\/nyanpereira.fr\/dessinateur\/wp-content\/uploads\/2014\/01\/11.vitrine.peinte.noel_.png\" alt=\"\" width=\"1024\" height=\"722\" \/><\/p>\n<p>[\/section]<\/p>\n<p>[accordion collapsible=\u00a0\u00bbtrue\u00a0\u00bb framed=\u00a0\u00bbfalse\u00a0\u00bb]<br \/>\n[section title=\u00a0\u00bb\u00c9t\u00e9 \u00e0 Monaco (06)\u00a0\u00bb]<br \/>\n<img loading=\"lazy\" class=\"alignleft size-full wp-image-4795\" src=\"http:\/\/nyanpereira.fr\/dessinateur\/wp-content\/uploads\/2017\/01\/Vitrine.decoration.ete_.summer.peinture.2.png\" alt=\"\" width=\"1024\" height=\"722\" \/><\/p>\n<p><img loading=\"lazy\" class=\"alignleft size-full wp-image-4796\" src=\"http:\/\/nyanpereira.fr\/dessinateur\/wp-content\/uploads\/2017\/01\/Vitrine.decoration.plage_.ete_.summer.peinture.4.png\" alt=\"\" width=\"1024\" height=\"722\" \/><br \/>\n<img loading=\"lazy\" class=\"alignleft size-full wp-image-4784\" src=\"http:\/\/nyanpereira.fr\/dessinateur\/wp-content\/uploads\/2017\/01\/Vitrine.decoration.ete_.summer.peinture.0.png\" alt=\"\" width=\"1024\" height=\"722\" \/><br \/>\n<img loading=\"lazy\" class=\"alignleft size-full wp-image-4785\" src=\"http:\/\/nyanpereira.fr\/dessinateur\/wp-content\/uploads\/2017\/01\/Vitrine.decoration.ete_.summer.peinture.1.png\" alt=\"\" width=\"1024\" height=\"722\" \/><br \/>\n<img loading=\"lazy\" class=\"alignleft size-full wp-image-4786\" src=\"http:\/\/nyanpereira.fr\/dessinateur\/wp-content\/uploads\/2017\/01\/Vitrine.decoration.ete_.summer.peinture.png\" alt=\"\" width=\"1024\" height=\"722\" \/><br \/>\n<img loading=\"lazy\" class=\"alignleft size-full wp-image-4787\" src=\"http:\/\/nyanpereira.fr\/dessinateur\/wp-content\/uploads\/2017\/01\/Vitrine.decoration.sousmarin.poisson.ocean_.peinture.2.png\" alt=\"\" width=\"1024\" height=\"722\" \/><br \/>\n<img loading=\"lazy\" class=\"alignleft size-full wp-image-4788\" src=\"http:\/\/nyanpereira.fr\/dessinateur\/wp-content\/uploads\/2017\/01\/Vitrine.decoration.sousmarin.poisson.ocean_.peinture.png\" alt=\"\" width=\"1024\" height=\"722\" \/><\/p>\n<p>[\/section]<\/p>\n<p>[section title=\u00a0\u00bbPrintemps \u00e0 Manosque (04)\u00a0\u00bb]<br \/>\n<img loading=\"lazy\" class=\"alignleft size-full wp-image-4655\" src=\"http:\/\/nyanpereira.fr\/dessinateur\/wp-content\/uploads\/2014\/03\/4.vitrine.peinte.decoration.printemps.hyperu.png\" alt=\"4.vitrine.peinte.decoration.printemps.hyperu\" width=\"1024\" height=\"722\" \/> <img loading=\"lazy\" class=\"alignleft size-full wp-image-4654\" src=\"http:\/\/nyanpereira.fr\/dessinateur\/wp-content\/uploads\/2014\/03\/3.vitrine.peinte.decoration.printemps.hyperu.png\" alt=\"3.vitrine.peinte.decoration.printemps.hyperu\" width=\"1024\" height=\"722\" \/> <img loading=\"lazy\" class=\"alignleft size-full wp-image-4653\" src=\"http:\/\/nyanpereira.fr\/dessinateur\/wp-content\/uploads\/2014\/03\/2.vitrine.peinte.decoration.printemps.hyperu.png\" alt=\"2.vitrine.peinte.decoration.printemps.hyperu\" width=\"1024\" height=\"722\" \/> <img loading=\"lazy\" class=\"alignleft size-full wp-image-4652\" src=\"http:\/\/nyanpereira.fr\/dessinateur\/wp-content\/uploads\/2014\/03\/1.vitrine.peinte.decoration.printemps.hyperu.png\" alt=\"1.vitrine.peinte.decoration.printemps.hyperu\" width=\"1024\" height=\"722\" \/><\/p>\n<p>[\/section]<\/p>\n<p>[section title=\u00a0\u00bbPrintemps \u00e0 Toulon (83)\u00a0\u00bb]<br \/>\n<img loading=\"lazy\" class=\"alignleft size-full wp-image-4660\" src=\"http:\/\/nyanpereira.fr\/dessinateur\/wp-content\/uploads\/2014\/03\/6.vitrine.peinte.decoration.printemps.monaco.png\" alt=\"6.vitrine.peinte.decoration.printemps.monaco\" width=\"1024\" height=\"722\" \/><\/p>\n<p><img loading=\"lazy\" class=\"alignleft size-full wp-image-4659\" src=\"http:\/\/nyanpereira.fr\/dessinateur\/wp-content\/uploads\/2014\/03\/5.vitrine.peinte.decoration.printemps.monaco.png\" alt=\"5.vitrine.peinte.decoration.printemps.monaco\" width=\"1024\" height=\"722\" \/><\/p>\n<p><img loading=\"lazy\" class=\"alignleft size-full wp-image-4658\" src=\"http:\/\/nyanpereira.fr\/dessinateur\/wp-content\/uploads\/2014\/03\/4.vitrine.peinte.decoration.printemps.monaco.png\" alt=\"4.vitrine.peinte.decoration.printemps.monaco\" width=\"1024\" height=\"722\" \/><\/p>\n<p><img loading=\"lazy\" class=\"alignleft size-full wp-image-4657\" src=\"http:\/\/nyanpereira.fr\/dessinateur\/wp-content\/uploads\/2014\/03\/3.vitrine.peinte.decoration.printemps.monaco.png\" alt=\"3.vitrine.peinte.decoration.printemps.monaco\" width=\"1024\" height=\"722\" \/><\/p>\n<p><img loading=\"lazy\" class=\"alignleft size-full wp-image-4656\" src=\"http:\/\/nyanpereira.fr\/dessinateur\/wp-content\/uploads\/2014\/03\/2.vitrine.peinte.decoration.printemps.monaco.png\" alt=\"2.vitrine.peinte.decoration.printemps.monaco\" width=\"1024\" height=\"722\" \/><\/p>\n<p>[\/section]<\/p>\n<p>[section title=\u00a0\u00bbSt Patrick \u00e0 Marseille (13)\u00a0\u00bb]<br \/>\n<img loading=\"lazy\" class=\"alignleft size-full wp-image-4604\" src=\"http:\/\/nyanpereira.fr\/dessinateur\/wp-content\/uploads\/2017\/03\/vitrines.peintes.printemps.decoration.irlandaisest.patrick.event_.6.png\" alt=\"vitrines.peintes.printemps.decoration.irlandaisest.patrick.event.(6)\" width=\"1000\" height=\"705\" \/><\/p>\n<p><img loading=\"lazy\" class=\"alignleft size-full wp-image-4601\" src=\"http:\/\/nyanpereira.fr\/dessinateur\/wp-content\/uploads\/2017\/03\/vitrines.peintes.printemps.decoration.irlandaisest.patrick.event_.3.png\" alt=\"vitrines.peintes.printemps.decoration.irlandaisest.patrick.event.(3)\" width=\"1000\" height=\"705\" \/><\/p>\n<p><img loading=\"lazy\" class=\"alignleft size-full wp-image-4599\" src=\"http:\/\/nyanpereira.fr\/dessinateur\/wp-content\/uploads\/2017\/03\/rough.croquis.peinture.vitrines.printemps.decoration.irlandaisest.patrick.event_.2.png\" alt=\"rough.croquis.peinture.vitrines.printemps.decoration.irlandaisest.patrick.event.(2)\" width=\"1000\" height=\"705\" \/><\/p>\n<p><img loading=\"lazy\" class=\"alignleft size-full wp-image-4602\" src=\"http:\/\/nyanpereira.fr\/dessinateur\/wp-content\/uploads\/2017\/03\/vitrines.peintes.printemps.decoration.irlandaisest.patrick.event_.4.png\" alt=\"vitrines.peintes.printemps.decoration.irlandaisest.patrick.event.(4)\" width=\"1000\" height=\"705\" \/><\/p>\n<p><img loading=\"lazy\" class=\"alignleft size-full wp-image-4607\" src=\"http:\/\/nyanpereira.fr\/dessinateur\/wp-content\/uploads\/2017\/03\/vitrines.peintes.printemps.decoration.irlandaisest.patrick.event_.9.png\" alt=\"vitrines.peintes.printemps.decoration.irlandaisest.patrick.event.(9)\" width=\"1000\" height=\"705\" \/><br \/>\n[\/section]<br \/>\n[\/accordion]<\/p>\n<h4>Vitrines \/ Saison 2015\/16<\/h4>\n<p>[accordion collapsible=\u00a0\u00bbtrue\u00a0\u00bb framed=\u00a0\u00bbfalse\u00a0\u00bb]<br \/>\n[section title=\u00a0\u00bbNo\u00ebl \u00e0 Nice (06)\u00a0\u00bb]<br \/>\n<img loading=\"lazy\" class=\"alignleft size-full wp-image-4448\" src=\"http:\/\/nyanpereira.fr\/dessinateur\/wp-content\/uploads\/2016\/12\/13.vitrine.peinte.noel_.Boulangerie.nice_.macaron.png\" alt=\"13-vitrine-peinte-noel-boulangerie-nice-macaron\" width=\"1024\" height=\"722\" \/><br \/>\n<img loading=\"lazy\" class=\"alignleft size-full wp-image-4449\" src=\"http:\/\/nyanpereira.fr\/dessinateur\/wp-content\/uploads\/2016\/12\/13.vitrine.peinte.noel_.de\u0301coration.boulangerie.nice_.croissant.vienoiserie.png\" alt=\"13-vitrine-peinte-noel-decoration-boulangerie-nice-croissant-vienoiserie\" width=\"1024\" height=\"722\" \/><\/p>\n<p><img loading=\"lazy\" class=\"alignleft size-full wp-image-4450\" src=\"http:\/\/nyanpereira.fr\/dessinateur\/wp-content\/uploads\/2016\/12\/13.vitrine.peinte.noel_.de\u0301coration.boulangerie.pain_.bagette.png\" alt=\"13-vitrine-peinte-noel-decoration-boulangerie-pain-bagette\" width=\"1024\" height=\"722\" \/><\/p>\n<p><img loading=\"lazy\" class=\"alignleft size-full wp-image-4451\" src=\"http:\/\/nyanpereira.fr\/dessinateur\/wp-content\/uploads\/2016\/12\/13.vitrine.peinte.noel_.de\u0301coration.boulangerie.pain_.chocolat.png\" alt=\"13-vitrine-peinte-noel-decoration-boulangerie-pain-chocolat\" width=\"1024\" height=\"722\" \/><\/p>\n<p><img loading=\"lazy\" class=\"alignleft size-full wp-image-4452\" src=\"http:\/\/nyanpereira.fr\/dessinateur\/wp-content\/uploads\/2016\/12\/13.vitrine.peinte.noel_.de\u0301coration.village.neige_.sapin_.png\" alt=\"13-vitrine-peinte-noel-decoration-village-neige-sapin\" width=\"1024\" height=\"722\" \/><\/p>\n<p>Le Palais des Arts \/ <span style=\"color: #999999;\"><em>Boulangerie P\u00e2tisserie &amp; Salon de th\u00e9 \u00e0 Nice<\/em><\/span><br \/>\n<strong>D\u00e9corations des vitrines d&rsquo;hiver<\/strong> 144 RUE DE FRANCE 06000 Nice.<br \/>\n[\/section]<\/p>\n<hr \/>\n<p>[section title=\u00a0\u00bbNo\u00ebl \u00e0 Manosque(04)\u00a0\u00bb]<br \/>\n<img loading=\"lazy\" class=\"alignleft size-full wp-image-4432\" src=\"http:\/\/nyanpereira.fr\/dessinateur\/wp-content\/uploads\/2016\/12\/0.vitrine.peinte.noel_.png\" alt=\"0-vitrine-peinte-noel\" width=\"1024\" height=\"722\" \/>`<br \/>\n<img loading=\"lazy\" class=\"alignleft size-full wp-image-4443\" src=\"http:\/\/nyanpereira.fr\/dessinateur\/wp-content\/uploads\/2014\/03\/10.vitrine.peinte.noel_.png\" alt=\"10-vitrine-peinte-noel\" width=\"1024\" height=\"722\" \/><\/p>\n<p><img loading=\"lazy\" class=\"alignleft size-full wp-image-4442\" src=\"http:\/\/nyanpereira.fr\/dessinateur\/wp-content\/uploads\/2014\/03\/9.vitrine.peinte.noel_.png\" alt=\"9-vitrine-peinte-noel\" width=\"1024\" height=\"722\" \/><\/p>\n<p><img loading=\"lazy\" class=\"alignleft size-full wp-image-4441\" src=\"http:\/\/nyanpereira.fr\/dessinateur\/wp-content\/uploads\/2014\/03\/8.vitrine.peinte.noel_.png\" alt=\"8-vitrine-peinte-noel\" width=\"1024\" height=\"722\" \/><\/p>\n<p><img loading=\"lazy\" class=\"alignleft size-full wp-image-4440\" src=\"http:\/\/nyanpereira.fr\/dessinateur\/wp-content\/uploads\/2014\/03\/7.vitrine.peinte.noel_.png\" alt=\"7-vitrine-peinte-noel\" width=\"1024\" height=\"722\" \/><\/p>\n<p><img loading=\"lazy\" class=\"alignleft size-full wp-image-4439\" src=\"http:\/\/nyanpereira.fr\/dessinateur\/wp-content\/uploads\/2014\/03\/6.vitrine.peinte.noel_.png\" alt=\"6-vitrine-peinte-noel\" width=\"1024\" height=\"722\" \/><\/p>\n<p><img loading=\"lazy\" class=\"alignleft size-full wp-image-4438\" src=\"http:\/\/nyanpereira.fr\/dessinateur\/wp-content\/uploads\/2014\/03\/5.vitrine.peinte.noel_.png\" alt=\"5-vitrine-peinte-noel\" width=\"1024\" height=\"722\" \/><\/p>\n<p><img loading=\"lazy\" class=\"alignleft size-full wp-image-4436\" src=\"http:\/\/nyanpereira.fr\/dessinateur\/wp-content\/uploads\/2014\/03\/3.vitrine.peinte.noel_.png\" alt=\"3-vitrine-peinte-noel\" width=\"1024\" height=\"722\" \/><\/p>\n<p><img loading=\"lazy\" class=\"alignleft size-full wp-image-4435\" src=\"http:\/\/nyanpereira.fr\/dessinateur\/wp-content\/uploads\/2014\/03\/2.vitrine.peinte.noel_.png\" alt=\"2-vitrine-peinte-noel\" width=\"1024\" height=\"722\" \/><\/p>\n<p><img loading=\"lazy\" class=\"alignleft size-full wp-image-4434\" src=\"http:\/\/nyanpereira.fr\/dessinateur\/wp-content\/uploads\/2014\/03\/1.vitrine.peinte.noel_.png\" alt=\"1-vitrine-peinte-noel\" width=\"1024\" height=\"722\" \/><\/p>\n<p><img loading=\"lazy\" class=\"alignleft size-full wp-image-4437\" src=\"http:\/\/nyanpereira.fr\/dessinateur\/wp-content\/uploads\/2014\/03\/4.vitrine.peinte.noel_.png\" alt=\"4-vitrine-peinte-noel\" width=\"1024\" height=\"722\" \/><br \/>\n[\/section]<\/p>\n<hr \/>\n<p>[section title=\u00a0\u00bbNo\u00ebl \u00e0 Canne(06)\u00a0\u00bb]<\/p>\n<p><img loading=\"lazy\" class=\"alignleft size-full wp-image-4455\" src=\"http:\/\/nyanpereira.fr\/dessinateur\/wp-content\/uploads\/2016\/12\/12.vitrine.peinte.noel_.Legume.houx_.fruit_.artisant.png\" alt=\"12-vitrine-peinte-noel-legume-houx-fruit-artisant\" width=\"1024\" height=\"722\" \/><\/p>\n<p><img loading=\"lazy\" class=\"alignleft size-full wp-image-4456\" src=\"http:\/\/nyanpereira.fr\/dessinateur\/wp-content\/uploads\/2016\/12\/12.vitrine.peinte.noel_.Legume.houx_.fruit_.legume.png\" alt=\"12-vitrine-peinte-noel-legume-houx-fruit-legume\" width=\"1024\" height=\"722\" \/><\/p>\n<p><img loading=\"lazy\" class=\"alignleft size-full wp-image-4457\" src=\"http:\/\/nyanpereira.fr\/dessinateur\/wp-content\/uploads\/2016\/12\/12.vitrine.peinte.noel_.Legume.houx_.marecher.png\" alt=\"12-vitrine-peinte-noel-legume-houx-marecher\" width=\"1024\" height=\"722\" \/><\/p>\n<p><img loading=\"lazy\" class=\"alignleft size-full wp-image-4458\" src=\"http:\/\/nyanpereira.fr\/dessinateur\/wp-content\/uploads\/2016\/12\/12.vitrine.peinte.noel_.Legume.houx_.ruban_.png\" alt=\"12-vitrine-peinte-noel-legume-houx-ruban\" width=\"1024\" height=\"722\" \/><br \/>\n[\/section]<\/p>\n<hr \/>\n<p>[section title=\u00a0\u00bbNo\u00ebl \u00e0 Toulon(83)\u00a0\u00bb]<\/p>\n<p><iframe loading=\"lazy\" src=\"https:\/\/player.vimeo.com\/video\/198205556?dnt=1&amp;app_id=122963\" width=\"500\" height=\"281\" frameborder=\"0\" allow=\"autoplay; fullscreen\" allowfullscreen title=\"Vitrine &amp;amp; Decoration \/ Toulon\"><\/iframe><\/p>\n<p><img loading=\"lazy\" class=\"alignleft size-full wp-image-4460\" src=\"http:\/\/nyanpereira.fr\/dessinateur\/wp-content\/uploads\/2016\/12\/15.vitrine.peinte.noel_.pochoir.burger.steaknshake.fries_.milkshakes.steakburgers.png\" alt=\"15-vitrine-peinte-noel-pochoir-burger-steaknshake-fries-milkshakes-steakburgers\" width=\"1024\" height=\"722\" \/><\/p>\n<p><img loading=\"lazy\" class=\"alignleft size-full wp-image-4459\" src=\"http:\/\/nyanpereira.fr\/dessinateur\/wp-content\/uploads\/2016\/12\/15.vitrine.peinte.noel_.de\u0301coration.burger.steaknshake.fries_.milkshakes.steakburgers.png\" alt=\"15-vitrine-peinte-noel-decoration-burger-steaknshake-fries-milkshakes-steakburgers\" width=\"1024\" height=\"722\" \/>Avenue 83 &#8211; Centre commercial la valette<br \/>\n[\/section]<br \/>\n[\/section]<br \/>\n[section title=\u00a0\u00bbHalloween \u00e0 Aix en Provence(13) \u00ab\u00a0]<\/p>\n<p><img loading=\"lazy\" class=\"alignleft size-full wp-image-4315\" src=\"http:\/\/nyanpereira.fr\/dessinateur\/wp-content\/uploads\/2016\/11\/halloween.original.decoration.vitrine.peinture.citrouille.epouvantaille..jpg\" alt=\"halloween-original-decoration-vitrine-peinture-citrouille-epouvantaille\" width=\"1754\" height=\"1240\" \/><\/p>\n<p><img loading=\"lazy\" class=\"alignleft size-full wp-image-4329\" src=\"http:\/\/nyanpereira.fr\/dessinateur\/wp-content\/uploads\/2016\/11\/croquis.Vitrinepeinte.decoration.halloween.roughman.paysage.mouton.mort_.png\" alt=\"croquis-vitrinepeinte-decoration-halloween-roughman-paysage-mouton-mort\" width=\"1139\" height=\"810\" \/><\/p>\n<p><img loading=\"lazy\" class=\"alignleft size-full wp-image-4328\" src=\"http:\/\/nyanpereira.fr\/dessinateur\/wp-content\/uploads\/2016\/11\/croquis.Vitrine.decoration.halloween.roughman.paris_.png\" alt=\"croquis-vitrine-decoration-halloween-roughman-paris\" width=\"839\" height=\"1149\" \/><\/p>\n<p>[\/section]<br \/>\n[section title=\u00a0\u00bbAutomne \u00e0 Mandelieu(06) \u00ab\u00a0]<br \/>\n<img loading=\"lazy\" class=\"alignleft size-full wp-image-4321\" src=\"http:\/\/nyanpereira.fr\/dessinateur\/wp-content\/uploads\/2016\/10\/Automne.decoration.vitrine.peinture.artiste.parapluie.vent_.artiste.france4.jpg\" alt=\"automne-decoration-vitrine-peinture-artiste-parapluie-vent-artiste-france4\" width=\"1754\" height=\"1240\" \/><\/p>\n<p><img loading=\"lazy\" class=\"alignleft size-full wp-image-4320\" src=\"http:\/\/nyanpereira.fr\/dessinateur\/wp-content\/uploads\/2016\/10\/Automne.decoration.vitrine.peinture.artiste.parapluie.vent_.artiste.france3.jpg\" alt=\"automne-decoration-vitrine-peinture-artiste-parapluie-vent-artiste-france3\" width=\"1754\" height=\"1240\" \/><\/p>\n<p><img loading=\"lazy\" class=\"alignleft size-full wp-image-4319\" src=\"http:\/\/nyanpereira.fr\/dessinateur\/wp-content\/uploads\/2016\/10\/Automne.decoration.vitrine.peinture.artiste.parapluie.vent_.artiste.france2.jpg\" alt=\"automne-decoration-vitrine-peinture-artiste-parapluie-vent-artiste-france2\" width=\"1754\" height=\"1240\" \/><\/p>\n<p><img loading=\"lazy\" class=\"alignleft size-full wp-image-4318\" src=\"http:\/\/nyanpereira.fr\/dessinateur\/wp-content\/uploads\/2016\/10\/Automne.decoration.vitrine.peinture.artiste.parapluie.vent_.artiste.france.jpg\" alt=\"automne-decoration-vitrine-peinture-artiste-parapluie-vent-artiste-france\" width=\"1754\" height=\"1240\" \/><\/p>\n<p>[\/section]<br \/>\n[section title=\u00a0\u00bb\u00c9t\u00e9 \u00e0 St Tropez \u00ab\u00a0]<\/p>\n<p><img loading=\"lazy\" class=\"alignleft size-full wp-image-4046\" src=\"http:\/\/nyanpereira.fr\/dessinateur\/wp-content\/uploads\/2016\/06\/Vitrine.peinte.de\u0301coration.Printemps.provence.champ_.lavande.jpg\" alt=\"Vitrine.peinte.de\u0301coration.Printemps.provence.champ.lavande\" width=\"1754\" height=\"1240\" \/><\/p>\n<p><img loading=\"lazy\" class=\"alignleft size-full wp-image-4045\" src=\"http:\/\/nyanpereira.fr\/dessinateur\/wp-content\/uploads\/2016\/06\/Vitrine.peinte.de\u0301coration.prinemps.fleurs.jpg\" alt=\"Vitrine.peinte.de\u0301coration.prinemps.fleurs\" width=\"1754\" height=\"1240\" \/><\/p>\n<p><img loading=\"lazy\" class=\"alignleft size-full wp-image-4241\" src=\"http:\/\/nyanpereira.fr\/dessinateur\/wp-content\/uploads\/2014\/03\/Vitrine.peinte.decoration.jeux_.olympique.summer3.jpg\" alt=\"Vitrine.peinte.decoration.jeux.olympique.summer3\" width=\"3508\" height=\"2480\" \/><\/p>\n<p><img loading=\"lazy\" class=\"alignleft size-full wp-image-4240\" src=\"http:\/\/nyanpereira.fr\/dessinateur\/wp-content\/uploads\/2014\/03\/Vitrine.peinte.decoration.jeux_.olympique.summer2.jpg\" alt=\"Vitrine.peinte.decoration.jeux.olympique.summer2\" width=\"3508\" height=\"2480\" \/><\/p>\n<p>[\/section]<\/p>\n<p>[\/accordion]<\/p>\n","protected":false},"excerpt":{"rendered":"","protected":false},"author":1,"featured_media":5164,"comment_status":"closed","ping_status":"closed","sticky":false,"template":"","format":"video","meta":[],"categories":[396,80],"tags":[278,277,302,282,254,279,280,323],"yoast_head":"<!-- This site is optimized with the Yoast SEO plugin v17.9 - https:\/\/yoast.com\/wordpress\/plugins\/seo\/ -->\n<title>Vitrines vivantes &amp; p\u00e9tillantes - Service Cr\u00e9atif &amp; Pr\u00e9sentation Artistique<\/title>\n<meta name=\"robots\" content=\"index, follow, max-snippet:-1, max-image-preview:large, max-video-preview:-1\" \/>\n<link rel=\"canonical\" href=\"https:\/\/nyanpereira.fr\/dessinateur\/vitrine-peinture-suivez-nous\/\" \/>\n<meta property=\"og:locale\" content=\"fr_FR\" \/>\n<meta property=\"og:type\" content=\"article\" \/>\n<meta property=\"og:title\" content=\"Vitrines vivantes &amp; p\u00e9tillantes - Service Cr\u00e9atif &amp; Pr\u00e9sentation Artistique\" \/>\n<meta property=\"og:url\" content=\"https:\/\/nyanpereira.fr\/dessinateur\/vitrine-peinture-suivez-nous\/\" \/>\n<meta property=\"og:site_name\" content=\"Service Cr\u00e9atif &amp; Pr\u00e9sentation Artistique\" \/>\n<meta property=\"article:published_time\" content=\"2018-12-10T13:00:42+00:00\" \/>\n<meta property=\"article:modified_time\" content=\"2021-04-28T06:27:26+00:00\" \/>\n<meta property=\"og:image\" content=\"https:\/\/nyanpereira.fr\/dessinateur\/wp-content\/uploads\/2018\/01\/004-Decoration.hiver_.noel_.vitrine.peinture.original.drawing.png\" \/>\n\t<meta property=\"og:image:width\" content=\"1024\" \/>\n\t<meta property=\"og:image:height\" content=\"722\" \/>\n\t<meta property=\"og:image:type\" content=\"image\/png\" \/>\n<meta name=\"twitter:card\" content=\"summary_large_image\" \/>\n<meta name=\"twitter:label1\" content=\"\u00c9crit par\" \/>\n\t<meta name=\"twitter:data1\" content=\"dessinateur\" \/>\n\t<meta name=\"twitter:label2\" content=\"Dur\u00e9e de lecture estim\u00e9e\" \/>\n\t<meta name=\"twitter:data2\" content=\"1 minute\" \/>\n<script type=\"application\/ld+json\" class=\"yoast-schema-graph\">{\"@context\":\"https:\/\/schema.org\",\"@graph\":[{\"@type\":\"Organization\",\"@id\":\"https:\/\/nyanpereira.fr\/dessinateur\/#organization\",\"name\":\"storyboarder Freelance\",\"url\":\"https:\/\/nyanpereira.fr\/dessinateur\/\",\"sameAs\":[],\"logo\":{\"@type\":\"ImageObject\",\"@id\":\"https:\/\/nyanpereira.fr\/dessinateur\/#logo\",\"inLanguage\":\"fr-FR\",\"url\":\"\",\"contentUrl\":\"\",\"caption\":\"storyboarder Freelance\"},\"image\":{\"@id\":\"https:\/\/nyanpereira.fr\/dessinateur\/#logo\"}},{\"@type\":\"WebSite\",\"@id\":\"https:\/\/nyanpereira.fr\/dessinateur\/#website\",\"url\":\"https:\/\/nyanpereira.fr\/dessinateur\/\",\"name\":\"Service Cr\\u00e9atif &amp; Pr\\u00e9sentation Artistique\",\"description\":\"Roughs, Storyboard, Antimatic &amp; Photomontage\",\"publisher\":{\"@id\":\"https:\/\/nyanpereira.fr\/dessinateur\/#organization\"},\"potentialAction\":[{\"@type\":\"SearchAction\",\"target\":{\"@type\":\"EntryPoint\",\"urlTemplate\":\"https:\/\/nyanpereira.fr\/dessinateur\/?s={search_term_string}\"},\"query-input\":\"required name=search_term_string\"}],\"inLanguage\":\"fr-FR\"},{\"@type\":\"ImageObject\",\"@id\":\"https:\/\/nyanpereira.fr\/dessinateur\/vitrine-peinture-suivez-nous\/#primaryimage\",\"inLanguage\":\"fr-FR\",\"url\":\"https:\/\/nyanpereira.fr\/dessinateur\/wp-content\/uploads\/2018\/01\/004-Decoration.hiver_.noel_.vitrine.peinture.original.drawing.png\",\"contentUrl\":\"https:\/\/nyanpereira.fr\/dessinateur\/wp-content\/uploads\/2018\/01\/004-Decoration.hiver_.noel_.vitrine.peinture.original.drawing.png\",\"width\":1024,\"height\":722},{\"@type\":\"WebPage\",\"@id\":\"https:\/\/nyanpereira.fr\/dessinateur\/vitrine-peinture-suivez-nous\/#webpage\",\"url\":\"https:\/\/nyanpereira.fr\/dessinateur\/vitrine-peinture-suivez-nous\/\",\"name\":\"Vitrines vivantes & p\\u00e9tillantes - Service Cr\\u00e9atif &amp; Pr\\u00e9sentation Artistique\",\"isPartOf\":{\"@id\":\"https:\/\/nyanpereira.fr\/dessinateur\/#website\"},\"primaryImageOfPage\":{\"@id\":\"https:\/\/nyanpereira.fr\/dessinateur\/vitrine-peinture-suivez-nous\/#primaryimage\"},\"datePublished\":\"2018-12-10T13:00:42+00:00\",\"dateModified\":\"2021-04-28T06:27:26+00:00\",\"breadcrumb\":{\"@id\":\"https:\/\/nyanpereira.fr\/dessinateur\/vitrine-peinture-suivez-nous\/#breadcrumb\"},\"inLanguage\":\"fr-FR\",\"potentialAction\":[{\"@type\":\"ReadAction\",\"target\":[\"https:\/\/nyanpereira.fr\/dessinateur\/vitrine-peinture-suivez-nous\/\"]}]},{\"@type\":\"BreadcrumbList\",\"@id\":\"https:\/\/nyanpereira.fr\/dessinateur\/vitrine-peinture-suivez-nous\/#breadcrumb\",\"itemListElement\":[{\"@type\":\"ListItem\",\"position\":1,\"name\":\"Accueil\",\"item\":\"https:\/\/nyanpereira.fr\/dessinateur\/\"},{\"@type\":\"ListItem\",\"position\":2,\"name\":\"Vitrines vivantes &#038; p\\u00e9tillantes\"}]},{\"@type\":\"Article\",\"@id\":\"https:\/\/nyanpereira.fr\/dessinateur\/vitrine-peinture-suivez-nous\/#article\",\"isPartOf\":{\"@id\":\"https:\/\/nyanpereira.fr\/dessinateur\/vitrine-peinture-suivez-nous\/#webpage\"},\"author\":{\"@id\":\"https:\/\/nyanpereira.fr\/dessinateur\/#\/schema\/person\/d771f144e8b1bdf8b790b02ba31f71d2\"},\"headline\":\"Vitrines vivantes &#038; p\\u00e9tillantes\",\"datePublished\":\"2018-12-10T13:00:42+00:00\",\"dateModified\":\"2021-04-28T06:27:26+00:00\",\"mainEntityOfPage\":{\"@id\":\"https:\/\/nyanpereira.fr\/dessinateur\/vitrine-peinture-suivez-nous\/#webpage\"},\"wordCount\":214,\"publisher\":{\"@id\":\"https:\/\/nyanpereira.fr\/dessinateur\/#organization\"},\"image\":{\"@id\":\"https:\/\/nyanpereira.fr\/dessinateur\/vitrine-peinture-suivez-nous\/#primaryimage\"},\"thumbnailUrl\":\"https:\/\/nyanpereira.fr\/dessinateur\/wp-content\/uploads\/2018\/01\/004-Decoration.hiver_.noel_.vitrine.peinture.original.drawing.png\",\"keywords\":[\"#decorationestival\",\"#decorationhiver\",\"#livepainting\",\"#vitrineartistique\",\"D\\u00e9coration vitrine\",\"Peinture sur vitrines\",\"vitrine peinte \\u00e0 la main\",\"Vitrine Tendance\"],\"articleSection\":[\"D\\u00e9coration saisonni\\u00e8re\",\"Peinture sur Vitrine Magasin\"],\"inLanguage\":\"fr-FR\"},{\"@type\":\"Person\",\"@id\":\"https:\/\/nyanpereira.fr\/dessinateur\/#\/schema\/person\/d771f144e8b1bdf8b790b02ba31f71d2\",\"name\":\"dessinateur\",\"image\":{\"@type\":\"ImageObject\",\"@id\":\"https:\/\/nyanpereira.fr\/dessinateur\/#personlogo\",\"inLanguage\":\"fr-FR\",\"url\":\"https:\/\/secure.gravatar.com\/avatar\/acd3615833cd4e0b23d9f45973008c34?s=96&d=mm&r=g\",\"contentUrl\":\"https:\/\/secure.gravatar.com\/avatar\/acd3615833cd4e0b23d9f45973008c34?s=96&d=mm&r=g\",\"caption\":\"dessinateur\"},\"url\":\"https:\/\/nyanpereira.fr\/dessinateur\/author\/dessinateur\/\"}]}<\/script>\n<!-- \/ Yoast SEO plugin. -->","yoast_head_json":{"title":"Vitrines vivantes & p\u00e9tillantes - Service Cr\u00e9atif &amp; Pr\u00e9sentation Artistique","robots":{"index":"index","follow":"follow","max-snippet":"max-snippet:-1","max-image-preview":"max-image-preview:large","max-video-preview":"max-video-preview:-1"},"canonical":"https:\/\/nyanpereira.fr\/dessinateur\/vitrine-peinture-suivez-nous\/","og_locale":"fr_FR","og_type":"article","og_title":"Vitrines vivantes & p\u00e9tillantes - Service Cr\u00e9atif &amp; Pr\u00e9sentation Artistique","og_url":"https:\/\/nyanpereira.fr\/dessinateur\/vitrine-peinture-suivez-nous\/","og_site_name":"Service Cr\u00e9atif &amp; Pr\u00e9sentation Artistique","article_published_time":"2018-12-10T13:00:42+00:00","article_modified_time":"2021-04-28T06:27:26+00:00","og_image":[{"width":1024,"height":722,"url":"https:\/\/nyanpereira.fr\/dessinateur\/wp-content\/uploads\/2018\/01\/004-Decoration.hiver_.noel_.vitrine.peinture.original.drawing.png","type":"image\/png"}],"twitter_card":"summary_large_image","twitter_misc":{"\u00c9crit par":"dessinateur","Dur\u00e9e de lecture estim\u00e9e":"1 minute"},"schema":{"@context":"https:\/\/schema.org","@graph":[{"@type":"Organization","@id":"https:\/\/nyanpereira.fr\/dessinateur\/#organization","name":"storyboarder Freelance","url":"https:\/\/nyanpereira.fr\/dessinateur\/","sameAs":[],"logo":{"@type":"ImageObject","@id":"https:\/\/nyanpereira.fr\/dessinateur\/#logo","inLanguage":"fr-FR","url":"","contentUrl":"","caption":"storyboarder Freelance"},"image":{"@id":"https:\/\/nyanpereira.fr\/dessinateur\/#logo"}},{"@type":"WebSite","@id":"https:\/\/nyanpereira.fr\/dessinateur\/#website","url":"https:\/\/nyanpereira.fr\/dessinateur\/","name":"Service Cr\u00e9atif &amp; Pr\u00e9sentation Artistique","description":"Roughs, Storyboard, Antimatic &amp; Photomontage","publisher":{"@id":"https:\/\/nyanpereira.fr\/dessinateur\/#organization"},"potentialAction":[{"@type":"SearchAction","target":{"@type":"EntryPoint","urlTemplate":"https:\/\/nyanpereira.fr\/dessinateur\/?s={search_term_string}"},"query-input":"required name=search_term_string"}],"inLanguage":"fr-FR"},{"@type":"ImageObject","@id":"https:\/\/nyanpereira.fr\/dessinateur\/vitrine-peinture-suivez-nous\/#primaryimage","inLanguage":"fr-FR","url":"https:\/\/nyanpereira.fr\/dessinateur\/wp-content\/uploads\/2018\/01\/004-Decoration.hiver_.noel_.vitrine.peinture.original.drawing.png","contentUrl":"https:\/\/nyanpereira.fr\/dessinateur\/wp-content\/uploads\/2018\/01\/004-Decoration.hiver_.noel_.vitrine.peinture.original.drawing.png","width":1024,"height":722},{"@type":"WebPage","@id":"https:\/\/nyanpereira.fr\/dessinateur\/vitrine-peinture-suivez-nous\/#webpage","url":"https:\/\/nyanpereira.fr\/dessinateur\/vitrine-peinture-suivez-nous\/","name":"Vitrines vivantes & p\u00e9tillantes - Service Cr\u00e9atif &amp; Pr\u00e9sentation Artistique","isPartOf":{"@id":"https:\/\/nyanpereira.fr\/dessinateur\/#website"},"primaryImageOfPage":{"@id":"https:\/\/nyanpereira.fr\/dessinateur\/vitrine-peinture-suivez-nous\/#primaryimage"},"datePublished":"2018-12-10T13:00:42+00:00","dateModified":"2021-04-28T06:27:26+00:00","breadcrumb":{"@id":"https:\/\/nyanpereira.fr\/dessinateur\/vitrine-peinture-suivez-nous\/#breadcrumb"},"inLanguage":"fr-FR","potentialAction":[{"@type":"ReadAction","target":["https:\/\/nyanpereira.fr\/dessinateur\/vitrine-peinture-suivez-nous\/"]}]},{"@type":"BreadcrumbList","@id":"https:\/\/nyanpereira.fr\/dessinateur\/vitrine-peinture-suivez-nous\/#breadcrumb","itemListElement":[{"@type":"ListItem","position":1,"name":"Accueil","item":"https:\/\/nyanpereira.fr\/dessinateur\/"},{"@type":"ListItem","position":2,"name":"Vitrines vivantes &#038; p\u00e9tillantes"}]},{"@type":"Article","@id":"https:\/\/nyanpereira.fr\/dessinateur\/vitrine-peinture-suivez-nous\/#article","isPartOf":{"@id":"https:\/\/nyanpereira.fr\/dessinateur\/vitrine-peinture-suivez-nous\/#webpage"},"author":{"@id":"https:\/\/nyanpereira.fr\/dessinateur\/#\/schema\/person\/d771f144e8b1bdf8b790b02ba31f71d2"},"headline":"Vitrines vivantes &#038; p\u00e9tillantes","datePublished":"2018-12-10T13:00:42+00:00","dateModified":"2021-04-28T06:27:26+00:00","mainEntityOfPage":{"@id":"https:\/\/nyanpereira.fr\/dessinateur\/vitrine-peinture-suivez-nous\/#webpage"},"wordCount":214,"publisher":{"@id":"https:\/\/nyanpereira.fr\/dessinateur\/#organization"},"image":{"@id":"https:\/\/nyanpereira.fr\/dessinateur\/vitrine-peinture-suivez-nous\/#primaryimage"},"thumbnailUrl":"https:\/\/nyanpereira.fr\/dessinateur\/wp-content\/uploads\/2018\/01\/004-Decoration.hiver_.noel_.vitrine.peinture.original.drawing.png","keywords":["#decorationestival","#decorationhiver","#livepainting","#vitrineartistique","D\u00e9coration vitrine","Peinture sur vitrines","vitrine peinte \u00e0 la main","Vitrine Tendance"],"articleSection":["D\u00e9coration saisonni\u00e8re","Peinture sur Vitrine Magasin"],"inLanguage":"fr-FR"},{"@type":"Person","@id":"https:\/\/nyanpereira.fr\/dessinateur\/#\/schema\/person\/d771f144e8b1bdf8b790b02ba31f71d2","name":"dessinateur","image":{"@type":"ImageObject","@id":"https:\/\/nyanpereira.fr\/dessinateur\/#personlogo","inLanguage":"fr-FR","url":"https:\/\/secure.gravatar.com\/avatar\/acd3615833cd4e0b23d9f45973008c34?s=96&d=mm&r=g","contentUrl":"https:\/\/secure.gravatar.com\/avatar\/acd3615833cd4e0b23d9f45973008c34?s=96&d=mm&r=g","caption":"dessinateur"},"url":"https:\/\/nyanpereira.fr\/dessinateur\/author\/dessinateur\/"}]}},"_links":{"self":[{"href":"https:\/\/nyanpereira.fr\/dessinateur\/wp-json\/wp\/v2\/posts\/4426"}],"collection":[{"href":"https:\/\/nyanpereira.fr\/dessinateur\/wp-json\/wp\/v2\/posts"}],"about":[{"href":"https:\/\/nyanpereira.fr\/dessinateur\/wp-json\/wp\/v2\/types\/post"}],"author":[{"embeddable":true,"href":"https:\/\/nyanpereira.fr\/dessinateur\/wp-json\/wp\/v2\/users\/1"}],"replies":[{"embeddable":true,"href":"https:\/\/nyanpereira.fr\/dessinateur\/wp-json\/wp\/v2\/comments?post=4426"}],"version-history":[{"count":74,"href":"https:\/\/nyanpereira.fr\/dessinateur\/wp-json\/wp\/v2\/posts\/4426\/revisions"}],"predecessor-version":[{"id":5724,"href":"https:\/\/nyanpereira.fr\/dessinateur\/wp-json\/wp\/v2\/posts\/4426\/revisions\/5724"}],"wp:featuredmedia":[{"embeddable":true,"href":"https:\/\/nyanpereira.fr\/dessinateur\/wp-json\/wp\/v2\/media\/5164"}],"wp:attachment":[{"href":"https:\/\/nyanpereira.fr\/dessinateur\/wp-json\/wp\/v2\/media?parent=4426"}],"wp:term":[{"taxonomy":"category","embeddable":true,"href":"https:\/\/nyanpereira.fr\/dessinateur\/wp-json\/wp\/v2\/categories?post=4426"},{"taxonomy":"post_tag","embeddable":true,"href":"https:\/\/nyanpereira.fr\/dessinateur\/wp-json\/wp\/v2\/tags?post=4426"}],"curies":[{"name":"wp","href":"https:\/\/api.w.org\/{rel}","templated":true}]}}