{"id":4381,"date":"2018-11-08T08:29:01","date_gmt":"2018-11-08T07:29:01","guid":{"rendered":"http:\/\/nyanpereira.fr\/dessinateur\/?p=4381"},"modified":"2021-04-28T07:27:36","modified_gmt":"2021-04-28T06:27:36","slug":"decoration-noel-vitrine-centre-commercial-peinture","status":"publish","type":"post","link":"https:\/\/nyanpereira.fr\/dessinateur\/decoration-noel-vitrine-centre-commercial-peinture\/","title":{"rendered":"D\u00e9coration Hiver &#038; No\u00ebl"},"content":{"rendered":"<h4><span style=\"color: #611487;\"> Vitrines de No\u00ebl\u00a0 <\/span> D\u00e9couvrez nos D\u00e9corations originales !<\/h4>\n<p><strong>Animation &amp; D\u00e9coration des vitrines de No\u00ebl pour petites &amp; grandes surfaces.<\/strong> Centre commercial, Boulangerie, hypermarch\u00e9, petite galerie marchande ou municipalit\u00e9.<br \/>\n<strong><br \/>\nNous adaptons nos th\u00e9matiques \u00e0 vos espaces et vos budgets<\/strong><br \/>\nAvec des illustrations cr\u00e9\u00e9es en permanence afin de proposer des d\u00e9cors adapt\u00e9s et tendances.<br \/>\n<span style=\"color: #808080;\"><em>Service disponible toute l&rsquo;ann\u00e9e.<\/em><\/span><\/p>\n<p>&nbsp;<\/p>\n<p>[button url=\u00a0\u00bbhttp:\/\/nyanpereira.fr\/dessinateur\/gallery\/restauration-cirque-decoration-vitrine-peinte-main\/\u00a0\u00bb window=\u00a0\u00bbflase\u00a0\u00bb style=\u00a0\u00bbe.g. orange, blue, green, yellow, red, pink, purple, black\u00a0\u00bb size=\u00a0\u00bbe.g. small, medium, large\u00a0\u00bb]Voir Galerie[\/button]<\/p>\n<p>&nbsp;<\/p>\n<p><img loading=\"lazy\" class=\"alignleft size-full wp-image-4451\" src=\"http:\/\/nyanpereira.fr\/dessinateur\/wp-content\/uploads\/2016\/12\/13.vitrine.peinte.noel_.de\u0301coration.boulangerie.pain_.chocolat.png\" alt=\"\" width=\"1024\" height=\"722\" \/> <img loading=\"lazy\" class=\"alignleft size-full wp-image-4449\" src=\"http:\/\/nyanpereira.fr\/dessinateur\/wp-content\/uploads\/2016\/12\/13.vitrine.peinte.noel_.de\u0301coration.boulangerie.nice_.croissant.vienoiserie.png\" alt=\"\" width=\"1024\" height=\"722\" \/> <img loading=\"lazy\" class=\"alignleft size-full wp-image-4441\" src=\"http:\/\/nyanpereira.fr\/dessinateur\/wp-content\/uploads\/2014\/03\/8.vitrine.peinte.noel_.png\" alt=\"\" width=\"1024\" height=\"722\" \/> <img loading=\"lazy\" class=\"alignleft size-full wp-image-4456\" src=\"http:\/\/nyanpereira.fr\/dessinateur\/wp-content\/uploads\/2016\/12\/12.vitrine.peinte.noel_.Legume.houx_.fruit_.legume.png\" alt=\"\" width=\"1024\" height=\"722\" \/> <img loading=\"lazy\" class=\"alignleft size-full wp-image-4436\" src=\"http:\/\/nyanpereira.fr\/dessinateur\/wp-content\/uploads\/2014\/03\/3.vitrine.peinte.noel_.png\" alt=\"\" width=\"1024\" height=\"722\" \/> <img loading=\"lazy\" class=\"alignleft size-full wp-image-4435\" src=\"http:\/\/nyanpereira.fr\/dessinateur\/wp-content\/uploads\/2014\/03\/2.vitrine.peinte.noel_.png\" alt=\"\" width=\"1024\" height=\"722\" \/> <img loading=\"lazy\" class=\"alignleft size-full wp-image-4409\" src=\"http:\/\/nyanpereira.fr\/dessinateur\/wp-content\/uploads\/2016\/11\/miroirepeinte.residence.decoration.noel_.chaperon.rouge_.illustration.png\" alt=\"\" width=\"1024\" height=\"722\" \/> <img loading=\"lazy\" class=\"alignleft size-full wp-image-4410\" src=\"http:\/\/nyanpereira.fr\/dessinateur\/wp-content\/uploads\/2016\/11\/miroirepeinte.residence.decoration.noel_.compte.enfant.png\" alt=\"\" width=\"1024\" height=\"722\" \/> <img loading=\"lazy\" class=\"alignleft size-full wp-image-4415\" src=\"http:\/\/nyanpereira.fr\/dessinateur\/wp-content\/uploads\/2016\/11\/vitrinepeinte.centre.commercial.decoration.noel_.bonhomme.neige_.png\" alt=\"\" width=\"1024\" height=\"722\" \/> <img loading=\"lazy\" class=\"alignleft size-full wp-image-4434\" src=\"http:\/\/nyanpereira.fr\/dessinateur\/wp-content\/uploads\/2014\/03\/1.vitrine.peinte.noel_.png\" alt=\"\" width=\"1024\" height=\"722\" \/> <img loading=\"lazy\" class=\"alignleft size-full wp-image-4452\" src=\"http:\/\/nyanpereira.fr\/dessinateur\/wp-content\/uploads\/2016\/12\/13.vitrine.peinte.noel_.de\u0301coration.village.neige_.sapin_.png\" alt=\"\" width=\"1024\" height=\"722\" \/> <img loading=\"lazy\" class=\"alignleft size-full wp-image-4457\" src=\"http:\/\/nyanpereira.fr\/dessinateur\/wp-content\/uploads\/2016\/12\/12.vitrine.peinte.noel_.Legume.houx_.marecher.png\" alt=\"\" width=\"1024\" height=\"722\" \/><\/p>\n<p><img loading=\"lazy\" class=\"alignleft size-full wp-image-4417\" src=\"http:\/\/nyanpereira.fr\/dessinateur\/wp-content\/uploads\/2016\/11\/vitrinepeinte.centre.commercial.decoration.noel_.chocolat.3.png\" alt=\"vitrinepeinte-centre-commercial-decoration-noel-chocolat-3\" width=\"1024\" height=\"722\" \/><\/p>\n<p><img loading=\"lazy\" class=\"alignleft size-full wp-image-4416\" src=\"http:\/\/nyanpereira.fr\/dessinateur\/wp-content\/uploads\/2016\/11\/vitrinepeinte.centre.commercial.decoration.noel_.buche_.chocolat.3.png\" alt=\"vitrinepeinte-centre-commercial-decoration-noel-buche-chocolat-3\" width=\"1024\" height=\"722\" \/><\/p>\n<p><img loading=\"lazy\" class=\"alignleft size-full wp-image-4413\" src=\"http:\/\/nyanpereira.fr\/dessinateur\/wp-content\/uploads\/2016\/11\/vitrinepeinte.centre.commercial.decoration.noel_.artiste.1.png\" alt=\"vitrinepeinte-centre-commercial-decoration-noel-artiste-1\" width=\"1024\" height=\"722\" \/><\/p>\n<p><img loading=\"lazy\" class=\"alignleft size-full wp-image-4419\" src=\"http:\/\/nyanpereira.fr\/dessinateur\/wp-content\/uploads\/2016\/11\/vitrinepeinte.centre.commercial.decoration.noel_.paysage.png\" alt=\"vitrinepeinte-centre-commercial-decoration-noel-paysage\" width=\"1024\" height=\"722\" \/><\/p>\n<p><img loading=\"lazy\" class=\"alignleft size-full wp-image-4418\" src=\"http:\/\/nyanpereira.fr\/dessinateur\/wp-content\/uploads\/2016\/11\/vitrinepeinte.centre.commercial.decoration.noel_.paysage.maison.png\" alt=\"vitrinepeinte-centre-commercial-decoration-noel-paysage-maison\" width=\"1024\" height=\"722\" \/><\/p>\n<p><img loading=\"lazy\" class=\"alignleft size-full wp-image-4414\" src=\"http:\/\/nyanpereira.fr\/dessinateur\/wp-content\/uploads\/2016\/11\/vitrinepeinte.centre.commercial.decoration.noel_.bonhomme.neige_.2.png\" alt=\"vitrinepeinte-centre-commercial-decoration-noel-bonhomme-neige-2\" width=\"1024\" height=\"722\" \/><\/p>\n<p><img loading=\"lazy\" class=\"alignleft size-full wp-image-4415\" src=\"http:\/\/nyanpereira.fr\/dessinateur\/wp-content\/uploads\/2016\/11\/vitrinepeinte.centre.commercial.decoration.noel_.bonhomme.neige_.png\" alt=\"vitrinepeinte-centre-commercial-decoration-noel-bonhomme-neige\" width=\"1024\" height=\"722\" \/><\/p>\n<p><img loading=\"lazy\" class=\"alignleft size-full wp-image-4411\" src=\"http:\/\/nyanpereira.fr\/dessinateur\/wp-content\/uploads\/2016\/11\/vitrinepeinte.boucherire.2.decoration.noel_.paysage.png\" alt=\"vitrinepeinte-boucherire-2-decoration-noel-paysage\" width=\"1024\" height=\"722\" \/><\/p>\n<p><img loading=\"lazy\" class=\"alignleft size-full wp-image-4412\" src=\"http:\/\/nyanpereira.fr\/dessinateur\/wp-content\/uploads\/2016\/11\/vitrinepeinte.boucherire.decoration.noel_.paysage.png\" alt=\"vitrinepeinte-boucherire-decoration-noel-paysage\" width=\"1024\" height=\"722\" \/><\/p>\n<p><img loading=\"lazy\" class=\"alignleft size-full wp-image-4409\" src=\"http:\/\/nyanpereira.fr\/dessinateur\/wp-content\/uploads\/2016\/11\/miroirepeinte.residence.decoration.noel_.chaperon.rouge_.illustration.png\" alt=\"miroirepeinte-residence-decoration-noel-chaperon-rouge-illustration\" width=\"1024\" height=\"722\" \/><\/p>\n<p><img loading=\"lazy\" class=\"alignleft size-full wp-image-4410\" src=\"http:\/\/nyanpereira.fr\/dessinateur\/wp-content\/uploads\/2016\/11\/miroirepeinte.residence.decoration.noel_.compte.enfant.png\" alt=\"miroirepeinte-residence-decoration-noel-compte-enfant\" width=\"1024\" height=\"722\" \/><\/p>\n<p><span style=\"color: #999999;\"><em>R\u00e9f\u00e9rences clients :<br \/>\nHyper U, Intermarch\u00e9, G\u00e9ant Casino, Auchan, Carrefour, Steak &lsquo;n Shake.<br \/>\nMunicipalit\u00e9e de Manosque, Sorgues, Marseilles, Hy\u00e8res, Saint Rapha\u00ebl, Fr\u00e8jus, Toulon, Canne, Monaco.<\/em><\/span><\/p>\n<p>&nbsp;<\/p>\n","protected":false},"excerpt":{"rendered":"","protected":false},"author":1,"featured_media":7135,"comment_status":"closed","ping_status":"closed","sticky":false,"template":"","format":"video","meta":[],"categories":[396,80],"tags":[277,270,335,254,266,323,267],"yoast_head":"<!-- This site is optimized with the Yoast SEO plugin v17.9 - https:\/\/yoast.com\/wordpress\/plugins\/seo\/ -->\n<title>D\u00e9coration Hiver &amp; No\u00ebl - Service Cr\u00e9atif &amp; Pr\u00e9sentation Artistique<\/title>\n<meta name=\"robots\" content=\"index, follow, max-snippet:-1, max-image-preview:large, max-video-preview:-1\" \/>\n<link rel=\"canonical\" href=\"https:\/\/nyanpereira.fr\/dessinateur\/decoration-noel-vitrine-centre-commercial-peinture\/\" \/>\n<meta property=\"og:locale\" content=\"fr_FR\" \/>\n<meta property=\"og:type\" content=\"article\" \/>\n<meta property=\"og:title\" content=\"D\u00e9coration Hiver &amp; No\u00ebl - Service Cr\u00e9atif &amp; Pr\u00e9sentation Artistique\" \/>\n<meta property=\"og:url\" content=\"https:\/\/nyanpereira.fr\/dessinateur\/decoration-noel-vitrine-centre-commercial-peinture\/\" \/>\n<meta property=\"og:site_name\" content=\"Service Cr\u00e9atif &amp; Pr\u00e9sentation Artistique\" \/>\n<meta property=\"article:published_time\" content=\"2018-11-08T07:29:01+00:00\" \/>\n<meta property=\"article:modified_time\" content=\"2021-04-28T06:27:36+00:00\" \/>\n<meta property=\"og:image\" content=\"https:\/\/nyanpereira.fr\/dessinateur\/wp-content\/uploads\/2020\/02\/Menu.peinture.Vitre_.evenementiel.decoration.deco_.devanture.magasin.2.jpg\" \/>\n\t<meta property=\"og:image:width\" content=\"360\" \/>\n\t<meta property=\"og:image:height\" content=\"270\" \/>\n\t<meta property=\"og:image:type\" content=\"image\/jpeg\" \/>\n<meta name=\"twitter:card\" content=\"summary_large_image\" \/>\n<meta name=\"twitter:label1\" content=\"\u00c9crit par\" \/>\n\t<meta name=\"twitter:data1\" content=\"dessinateur\" \/>\n\t<meta name=\"twitter:label2\" content=\"Dur\u00e9e de lecture estim\u00e9e\" \/>\n\t<meta name=\"twitter:data2\" content=\"1 minute\" \/>\n<script type=\"application\/ld+json\" class=\"yoast-schema-graph\">{\"@context\":\"https:\/\/schema.org\",\"@graph\":[{\"@type\":\"Organization\",\"@id\":\"https:\/\/nyanpereira.fr\/dessinateur\/#organization\",\"name\":\"storyboarder Freelance\",\"url\":\"https:\/\/nyanpereira.fr\/dessinateur\/\",\"sameAs\":[],\"logo\":{\"@type\":\"ImageObject\",\"@id\":\"https:\/\/nyanpereira.fr\/dessinateur\/#logo\",\"inLanguage\":\"fr-FR\",\"url\":\"\",\"contentUrl\":\"\",\"caption\":\"storyboarder Freelance\"},\"image\":{\"@id\":\"https:\/\/nyanpereira.fr\/dessinateur\/#logo\"}},{\"@type\":\"WebSite\",\"@id\":\"https:\/\/nyanpereira.fr\/dessinateur\/#website\",\"url\":\"https:\/\/nyanpereira.fr\/dessinateur\/\",\"name\":\"Service Cr\\u00e9atif &amp; Pr\\u00e9sentation Artistique\",\"description\":\"Roughs, Storyboard, Antimatic &amp; Photomontage\",\"publisher\":{\"@id\":\"https:\/\/nyanpereira.fr\/dessinateur\/#organization\"},\"potentialAction\":[{\"@type\":\"SearchAction\",\"target\":{\"@type\":\"EntryPoint\",\"urlTemplate\":\"https:\/\/nyanpereira.fr\/dessinateur\/?s={search_term_string}\"},\"query-input\":\"required name=search_term_string\"}],\"inLanguage\":\"fr-FR\"},{\"@type\":\"ImageObject\",\"@id\":\"https:\/\/nyanpereira.fr\/dessinateur\/decoration-noel-vitrine-centre-commercial-peinture\/#primaryimage\",\"inLanguage\":\"fr-FR\",\"url\":\"https:\/\/nyanpereira.fr\/dessinateur\/wp-content\/uploads\/2020\/02\/Menu.peinture.Vitre_.evenementiel.decoration.deco_.devanture.magasin.2.jpg\",\"contentUrl\":\"https:\/\/nyanpereira.fr\/dessinateur\/wp-content\/uploads\/2020\/02\/Menu.peinture.Vitre_.evenementiel.decoration.deco_.devanture.magasin.2.jpg\",\"width\":360,\"height\":270,\"caption\":\"Menu.peinture.Vitre.evenementiel.decoration.deco.devanture.magasin.2\"},{\"@type\":\"WebPage\",\"@id\":\"https:\/\/nyanpereira.fr\/dessinateur\/decoration-noel-vitrine-centre-commercial-peinture\/#webpage\",\"url\":\"https:\/\/nyanpereira.fr\/dessinateur\/decoration-noel-vitrine-centre-commercial-peinture\/\",\"name\":\"D\\u00e9coration Hiver & No\\u00ebl - Service Cr\\u00e9atif &amp; Pr\\u00e9sentation Artistique\",\"isPartOf\":{\"@id\":\"https:\/\/nyanpereira.fr\/dessinateur\/#website\"},\"primaryImageOfPage\":{\"@id\":\"https:\/\/nyanpereira.fr\/dessinateur\/decoration-noel-vitrine-centre-commercial-peinture\/#primaryimage\"},\"datePublished\":\"2018-11-08T07:29:01+00:00\",\"dateModified\":\"2021-04-28T06:27:36+00:00\",\"breadcrumb\":{\"@id\":\"https:\/\/nyanpereira.fr\/dessinateur\/decoration-noel-vitrine-centre-commercial-peinture\/#breadcrumb\"},\"inLanguage\":\"fr-FR\",\"potentialAction\":[{\"@type\":\"ReadAction\",\"target\":[\"https:\/\/nyanpereira.fr\/dessinateur\/decoration-noel-vitrine-centre-commercial-peinture\/\"]}]},{\"@type\":\"BreadcrumbList\",\"@id\":\"https:\/\/nyanpereira.fr\/dessinateur\/decoration-noel-vitrine-centre-commercial-peinture\/#breadcrumb\",\"itemListElement\":[{\"@type\":\"ListItem\",\"position\":1,\"name\":\"Accueil\",\"item\":\"https:\/\/nyanpereira.fr\/dessinateur\/\"},{\"@type\":\"ListItem\",\"position\":2,\"name\":\"D\\u00e9coration Hiver &#038; No\\u00ebl\"}]},{\"@type\":\"Article\",\"@id\":\"https:\/\/nyanpereira.fr\/dessinateur\/decoration-noel-vitrine-centre-commercial-peinture\/#article\",\"isPartOf\":{\"@id\":\"https:\/\/nyanpereira.fr\/dessinateur\/decoration-noel-vitrine-centre-commercial-peinture\/#webpage\"},\"author\":{\"@id\":\"https:\/\/nyanpereira.fr\/dessinateur\/#\/schema\/person\/d771f144e8b1bdf8b790b02ba31f71d2\"},\"headline\":\"D\\u00e9coration Hiver &#038; No\\u00ebl\",\"datePublished\":\"2018-11-08T07:29:01+00:00\",\"dateModified\":\"2021-04-28T06:27:36+00:00\",\"mainEntityOfPage\":{\"@id\":\"https:\/\/nyanpereira.fr\/dessinateur\/decoration-noel-vitrine-centre-commercial-peinture\/#webpage\"},\"wordCount\":134,\"publisher\":{\"@id\":\"https:\/\/nyanpereira.fr\/dessinateur\/#organization\"},\"image\":{\"@id\":\"https:\/\/nyanpereira.fr\/dessinateur\/decoration-noel-vitrine-centre-commercial-peinture\/#primaryimage\"},\"thumbnailUrl\":\"https:\/\/nyanpereira.fr\/dessinateur\/wp-content\/uploads\/2020\/02\/Menu.peinture.Vitre_.evenementiel.decoration.deco_.devanture.magasin.2.jpg\",\"keywords\":[\"#decorationhiver\",\"#vitrinenoelpeinture\",\"D\\u00e9coration de No\\u00ebl pour centre commercial\",\"D\\u00e9coration vitrine\",\"d\\u00e9coration vitrine saisonni\\u00e8re originale\",\"Vitrine Tendance\",\"Vitrines Magasins originales\"],\"articleSection\":[\"D\\u00e9coration saisonni\\u00e8re\",\"Peinture sur Vitrine Magasin\"],\"inLanguage\":\"fr-FR\"},{\"@type\":\"Person\",\"@id\":\"https:\/\/nyanpereira.fr\/dessinateur\/#\/schema\/person\/d771f144e8b1bdf8b790b02ba31f71d2\",\"name\":\"dessinateur\",\"image\":{\"@type\":\"ImageObject\",\"@id\":\"https:\/\/nyanpereira.fr\/dessinateur\/#personlogo\",\"inLanguage\":\"fr-FR\",\"url\":\"https:\/\/secure.gravatar.com\/avatar\/acd3615833cd4e0b23d9f45973008c34?s=96&d=mm&r=g\",\"contentUrl\":\"https:\/\/secure.gravatar.com\/avatar\/acd3615833cd4e0b23d9f45973008c34?s=96&d=mm&r=g\",\"caption\":\"dessinateur\"},\"url\":\"https:\/\/nyanpereira.fr\/dessinateur\/author\/dessinateur\/\"}]}<\/script>\n<!-- \/ Yoast SEO plugin. -->","yoast_head_json":{"title":"D\u00e9coration Hiver & No\u00ebl - Service Cr\u00e9atif &amp; Pr\u00e9sentation Artistique","robots":{"index":"index","follow":"follow","max-snippet":"max-snippet:-1","max-image-preview":"max-image-preview:large","max-video-preview":"max-video-preview:-1"},"canonical":"https:\/\/nyanpereira.fr\/dessinateur\/decoration-noel-vitrine-centre-commercial-peinture\/","og_locale":"fr_FR","og_type":"article","og_title":"D\u00e9coration Hiver & No\u00ebl - Service Cr\u00e9atif &amp; Pr\u00e9sentation Artistique","og_url":"https:\/\/nyanpereira.fr\/dessinateur\/decoration-noel-vitrine-centre-commercial-peinture\/","og_site_name":"Service Cr\u00e9atif &amp; Pr\u00e9sentation Artistique","article_published_time":"2018-11-08T07:29:01+00:00","article_modified_time":"2021-04-28T06:27:36+00:00","og_image":[{"width":360,"height":270,"url":"https:\/\/nyanpereira.fr\/dessinateur\/wp-content\/uploads\/2020\/02\/Menu.peinture.Vitre_.evenementiel.decoration.deco_.devanture.magasin.2.jpg","type":"image\/jpeg"}],"twitter_card":"summary_large_image","twitter_misc":{"\u00c9crit par":"dessinateur","Dur\u00e9e de lecture estim\u00e9e":"1 minute"},"schema":{"@context":"https:\/\/schema.org","@graph":[{"@type":"Organization","@id":"https:\/\/nyanpereira.fr\/dessinateur\/#organization","name":"storyboarder Freelance","url":"https:\/\/nyanpereira.fr\/dessinateur\/","sameAs":[],"logo":{"@type":"ImageObject","@id":"https:\/\/nyanpereira.fr\/dessinateur\/#logo","inLanguage":"fr-FR","url":"","contentUrl":"","caption":"storyboarder Freelance"},"image":{"@id":"https:\/\/nyanpereira.fr\/dessinateur\/#logo"}},{"@type":"WebSite","@id":"https:\/\/nyanpereira.fr\/dessinateur\/#website","url":"https:\/\/nyanpereira.fr\/dessinateur\/","name":"Service Cr\u00e9atif &amp; Pr\u00e9sentation Artistique","description":"Roughs, Storyboard, Antimatic &amp; Photomontage","publisher":{"@id":"https:\/\/nyanpereira.fr\/dessinateur\/#organization"},"potentialAction":[{"@type":"SearchAction","target":{"@type":"EntryPoint","urlTemplate":"https:\/\/nyanpereira.fr\/dessinateur\/?s={search_term_string}"},"query-input":"required name=search_term_string"}],"inLanguage":"fr-FR"},{"@type":"ImageObject","@id":"https:\/\/nyanpereira.fr\/dessinateur\/decoration-noel-vitrine-centre-commercial-peinture\/#primaryimage","inLanguage":"fr-FR","url":"https:\/\/nyanpereira.fr\/dessinateur\/wp-content\/uploads\/2020\/02\/Menu.peinture.Vitre_.evenementiel.decoration.deco_.devanture.magasin.2.jpg","contentUrl":"https:\/\/nyanpereira.fr\/dessinateur\/wp-content\/uploads\/2020\/02\/Menu.peinture.Vitre_.evenementiel.decoration.deco_.devanture.magasin.2.jpg","width":360,"height":270,"caption":"Menu.peinture.Vitre.evenementiel.decoration.deco.devanture.magasin.2"},{"@type":"WebPage","@id":"https:\/\/nyanpereira.fr\/dessinateur\/decoration-noel-vitrine-centre-commercial-peinture\/#webpage","url":"https:\/\/nyanpereira.fr\/dessinateur\/decoration-noel-vitrine-centre-commercial-peinture\/","name":"D\u00e9coration Hiver & No\u00ebl - Service Cr\u00e9atif &amp; Pr\u00e9sentation Artistique","isPartOf":{"@id":"https:\/\/nyanpereira.fr\/dessinateur\/#website"},"primaryImageOfPage":{"@id":"https:\/\/nyanpereira.fr\/dessinateur\/decoration-noel-vitrine-centre-commercial-peinture\/#primaryimage"},"datePublished":"2018-11-08T07:29:01+00:00","dateModified":"2021-04-28T06:27:36+00:00","breadcrumb":{"@id":"https:\/\/nyanpereira.fr\/dessinateur\/decoration-noel-vitrine-centre-commercial-peinture\/#breadcrumb"},"inLanguage":"fr-FR","potentialAction":[{"@type":"ReadAction","target":["https:\/\/nyanpereira.fr\/dessinateur\/decoration-noel-vitrine-centre-commercial-peinture\/"]}]},{"@type":"BreadcrumbList","@id":"https:\/\/nyanpereira.fr\/dessinateur\/decoration-noel-vitrine-centre-commercial-peinture\/#breadcrumb","itemListElement":[{"@type":"ListItem","position":1,"name":"Accueil","item":"https:\/\/nyanpereira.fr\/dessinateur\/"},{"@type":"ListItem","position":2,"name":"D\u00e9coration Hiver &#038; No\u00ebl"}]},{"@type":"Article","@id":"https:\/\/nyanpereira.fr\/dessinateur\/decoration-noel-vitrine-centre-commercial-peinture\/#article","isPartOf":{"@id":"https:\/\/nyanpereira.fr\/dessinateur\/decoration-noel-vitrine-centre-commercial-peinture\/#webpage"},"author":{"@id":"https:\/\/nyanpereira.fr\/dessinateur\/#\/schema\/person\/d771f144e8b1bdf8b790b02ba31f71d2"},"headline":"D\u00e9coration Hiver &#038; No\u00ebl","datePublished":"2018-11-08T07:29:01+00:00","dateModified":"2021-04-28T06:27:36+00:00","mainEntityOfPage":{"@id":"https:\/\/nyanpereira.fr\/dessinateur\/decoration-noel-vitrine-centre-commercial-peinture\/#webpage"},"wordCount":134,"publisher":{"@id":"https:\/\/nyanpereira.fr\/dessinateur\/#organization"},"image":{"@id":"https:\/\/nyanpereira.fr\/dessinateur\/decoration-noel-vitrine-centre-commercial-peinture\/#primaryimage"},"thumbnailUrl":"https:\/\/nyanpereira.fr\/dessinateur\/wp-content\/uploads\/2020\/02\/Menu.peinture.Vitre_.evenementiel.decoration.deco_.devanture.magasin.2.jpg","keywords":["#decorationhiver","#vitrinenoelpeinture","D\u00e9coration de No\u00ebl pour centre commercial","D\u00e9coration vitrine","d\u00e9coration vitrine saisonni\u00e8re originale","Vitrine Tendance","Vitrines Magasins originales"],"articleSection":["D\u00e9coration saisonni\u00e8re","Peinture sur Vitrine Magasin"],"inLanguage":"fr-FR"},{"@type":"Person","@id":"https:\/\/nyanpereira.fr\/dessinateur\/#\/schema\/person\/d771f144e8b1bdf8b790b02ba31f71d2","name":"dessinateur","image":{"@type":"ImageObject","@id":"https:\/\/nyanpereira.fr\/dessinateur\/#personlogo","inLanguage":"fr-FR","url":"https:\/\/secure.gravatar.com\/avatar\/acd3615833cd4e0b23d9f45973008c34?s=96&d=mm&r=g","contentUrl":"https:\/\/secure.gravatar.com\/avatar\/acd3615833cd4e0b23d9f45973008c34?s=96&d=mm&r=g","caption":"dessinateur"},"url":"https:\/\/nyanpereira.fr\/dessinateur\/author\/dessinateur\/"}]}},"_links":{"self":[{"href":"https:\/\/nyanpereira.fr\/dessinateur\/wp-json\/wp\/v2\/posts\/4381"}],"collection":[{"href":"https:\/\/nyanpereira.fr\/dessinateur\/wp-json\/wp\/v2\/posts"}],"about":[{"href":"https:\/\/nyanpereira.fr\/dessinateur\/wp-json\/wp\/v2\/types\/post"}],"author":[{"embeddable":true,"href":"https:\/\/nyanpereira.fr\/dessinateur\/wp-json\/wp\/v2\/users\/1"}],"replies":[{"embeddable":true,"href":"https:\/\/nyanpereira.fr\/dessinateur\/wp-json\/wp\/v2\/comments?post=4381"}],"version-history":[{"count":34,"href":"https:\/\/nyanpereira.fr\/dessinateur\/wp-json\/wp\/v2\/posts\/4381\/revisions"}],"predecessor-version":[{"id":5645,"href":"https:\/\/nyanpereira.fr\/dessinateur\/wp-json\/wp\/v2\/posts\/4381\/revisions\/5645"}],"wp:featuredmedia":[{"embeddable":true,"href":"https:\/\/nyanpereira.fr\/dessinateur\/wp-json\/wp\/v2\/media\/7135"}],"wp:attachment":[{"href":"https:\/\/nyanpereira.fr\/dessinateur\/wp-json\/wp\/v2\/media?parent=4381"}],"wp:term":[{"taxonomy":"category","embeddable":true,"href":"https:\/\/nyanpereira.fr\/dessinateur\/wp-json\/wp\/v2\/categories?post=4381"},{"taxonomy":"post_tag","embeddable":true,"href":"https:\/\/nyanpereira.fr\/dessinateur\/wp-json\/wp\/v2\/tags?post=4381"}],"curies":[{"name":"wp","href":"https:\/\/api.w.org\/{rel}","templated":true}]}}