{"id":4317,"date":"2018-10-21T10:00:29","date_gmt":"2018-10-21T09:00:29","guid":{"rendered":"http:\/\/nyanpereira.fr\/dessinateur\/?p=4317"},"modified":"2021-04-28T07:27:48","modified_gmt":"2021-04-28T06:27:48","slug":"decoration-sur-vitre-peinture-sur-verre","status":"publish","type":"post","link":"https:\/\/nyanpereira.fr\/dessinateur\/decoration-sur-vitre-peinture-sur-verre\/","title":{"rendered":"Vitrines d&rsquo;Automne"},"content":{"rendered":"<h4><span style=\"color: #ff9900;\">D\u00e9coration sur vitre &amp; Peinture sur verre.<\/span><\/h4>\n<p>Le verre est un mat\u00e9riau transparent qui peut \u00eatre habill\u00e9, peint, d\u00e9cor\u00e9 le temps d&rsquo;une saison pour devenir un formidable outil de communication et attirez tous les regards !<\/p>\n<p>Vous trouverez ci-dessous des vitrines d&rsquo;Automne &amp; Halloween peintent \u00e0 la main, elles illustrent nos comp\u00e9tences et vous sugg\u00e8rent des id\u00e9es pour No\u00ebl. Pour en savoir plus, n\u2019h\u00e9sitez pas \u00e0 nous contacter.<\/p>\n<p>[button url=\u00a0\u00bbhttp:\/\/nyanpereira.fr\/dessinateur\/gallery\/restauration-cirque-decoration-vitrine-peinte-main\/\u00a0\u00bb window=\u00a0\u00bbtrue\u00a0\u00bb style=\u00a0\u00bborange\u00a0\u00bb size=\u00a0\u00bbsmall\u00a0\u00bb] Galerie [\/button] [button url=\u00a0\u00bbhttp:\/\/nyanpereira.fr\/dessinateur\/suivez-nous-vitrine-decoration-peinture\/\u00a0\u00bb window=\u00a0\u00bbtrue\u00a0\u00bb style=\u00a0\u00bborange\u00a0\u00bb size=\u00a0\u00bbsmall\u00a0\u00bb] Vid\u00e9o [\/button]<br \/>\n<strong>L&rsquo;Hiver arrive vite, pensez \u00e0 <a href=\"http:\/\/nyanpereira.fr\/dessinateur\/contact-dessinateur-roughman-storyborder-illustrateur-freelance\/\">R\u00e9server<\/a> vos <a href=\"http:\/\/nyanpereira.fr\/dessinateur\/decoration-noel-vitrine-centre-commercial-peinture\/\"> vitrines de No\u00ebl ! <\/a><\/strong><\/p>\n<p><img loading=\"lazy\" class=\"alignleft size-full wp-image-5323\" src=\"http:\/\/nyanpereira.fr\/dessinateur\/wp-content\/uploads\/2018\/10\/02.Vitrine.originale.decoration.tendance.automne.halloween.peinture.vitre_.artiste.png\" alt=\"\" width=\"1024\" height=\"722\" \/> <img loading=\"lazy\" class=\"alignleft size-full wp-image-5325\" src=\"http:\/\/nyanpereira.fr\/dessinateur\/wp-content\/uploads\/2018\/10\/04.Vitrine.originale.decoration.tendance.automne.halloween.peinture.vitre_.artiste.png\" alt=\"\" width=\"1024\" height=\"722\" \/><img loading=\"lazy\" class=\"alignleft size-full wp-image-5322\" src=\"http:\/\/nyanpereira.fr\/dessinateur\/wp-content\/uploads\/2018\/10\/01.Vitrine.originale.decoration.tendance.automne.halloween.peinture.vitre_.artiste.png\" alt=\"\" width=\"1024\" height=\"722\" \/> <img loading=\"lazy\" class=\"alignleft size-full wp-image-5328\" src=\"http:\/\/nyanpereira.fr\/dessinateur\/wp-content\/uploads\/2018\/10\/07.Vitrine.originale.decoration.tendance.automne.halloween.peinture.vitre_.artiste.png\" alt=\"\" width=\"1024\" height=\"722\" \/><img loading=\"lazy\" class=\"alignleft size-full wp-image-5117\" src=\"http:\/\/nyanpereira.fr\/dessinateur\/wp-content\/uploads\/2014\/03\/8.Vitrine.decoration.automne.peinture.vitre_.art_.png\" alt=\"\" width=\"1024\" height=\"722\" \/> <img loading=\"lazy\" class=\"alignleft size-full wp-image-5113\" src=\"http:\/\/nyanpereira.fr\/dessinateur\/wp-content\/uploads\/2014\/03\/4.Vitrine.decoration.automne.peinture.vitre_.art_.png\" alt=\"\" width=\"1024\" height=\"722\" \/> <img loading=\"lazy\" class=\"alignleft size-full wp-image-5112\" src=\"http:\/\/nyanpereira.fr\/dessinateur\/wp-content\/uploads\/2014\/03\/3.Vitrine.decoration.automne.peinture.vitre_.art_.png\" alt=\"\" width=\"1024\" height=\"722\" \/><\/p>\n<p><img loading=\"lazy\" class=\"alignleft size-full wp-image-5114\" src=\"http:\/\/nyanpereira.fr\/dessinateur\/wp-content\/uploads\/2014\/03\/5.Vitrine.decoration.automne.peinture.vitre_.art_.png\" alt=\"\" width=\"1024\" height=\"722\" \/> <img loading=\"lazy\" class=\"alignleft size-full wp-image-5115\" src=\"http:\/\/nyanpereira.fr\/dessinateur\/wp-content\/uploads\/2014\/03\/6.Vitrine.decoration.automne.peinture.vitre_.art_.png\" alt=\"\" width=\"1024\" height=\"722\" \/><a href=\"http:\/\/nyanpereira.fr\/dessinateur\/attirez-tous-les-regards-vitrines-peintes-automne\/\"><img loading=\"lazy\" class=\"alignleft wp-image-4318 size-full\" src=\"http:\/\/nyanpereira.fr\/dessinateur\/wp-content\/uploads\/2016\/10\/Automne.decoration.vitrine.peinture.artiste.parapluie.vent_.artiste.france.jpg\" alt=\"automne-decoration-vitrine-peinture-artiste-parapluie-vent-artiste-france\" width=\"1754\" height=\"1240\" \/><\/a><\/p>\n<p>&nbsp;<\/p>\n<p><iframe loading=\"lazy\" src=\"https:\/\/www.youtube-nocookie.com\/embed\/DcTskfBnEv8\" width=\"560\" height=\"315\" frameborder=\"0\" allowfullscreen=\"allowfullscreen\"><\/iframe><\/p>\n<p><span style=\"color: #999999;\">D\u00e9coration originale ou tradition d&rsquo;antan, ces peintures sur vitres sont les anc\u00eatres du sticker. Toujours d&rsquo;actualit\u00e9 ces peintures animent les vitrines le temps de la production et <strong>attirent les regards le temps d&rsquo;une saison.<\/strong><\/span><\/p>\n","protected":false},"excerpt":{"rendered":"","protected":false},"author":1,"featured_media":5324,"comment_status":"closed","ping_status":"closed","sticky":false,"template":"","format":"gallery","meta":[],"categories":[1,80],"tags":[282,262,232,254,266,95,267],"yoast_head":"<!-- This site is optimized with the Yoast SEO plugin v17.9 - https:\/\/yoast.com\/wordpress\/plugins\/seo\/ -->\n<title>Vitrines d&#039;Automne - Service Cr\u00e9atif &amp; Pr\u00e9sentation Artistique<\/title>\n<meta name=\"robots\" content=\"index, follow, max-snippet:-1, max-image-preview:large, max-video-preview:-1\" \/>\n<link rel=\"canonical\" href=\"https:\/\/nyanpereira.fr\/dessinateur\/decoration-sur-vitre-peinture-sur-verre\/\" \/>\n<meta property=\"og:locale\" content=\"fr_FR\" \/>\n<meta property=\"og:type\" content=\"article\" \/>\n<meta property=\"og:title\" content=\"Vitrines d&#039;Automne - Service Cr\u00e9atif &amp; Pr\u00e9sentation Artistique\" \/>\n<meta property=\"og:url\" content=\"https:\/\/nyanpereira.fr\/dessinateur\/decoration-sur-vitre-peinture-sur-verre\/\" \/>\n<meta property=\"og:site_name\" content=\"Service Cr\u00e9atif &amp; Pr\u00e9sentation Artistique\" \/>\n<meta property=\"article:published_time\" content=\"2018-10-21T09:00:29+00:00\" \/>\n<meta property=\"article:modified_time\" content=\"2021-04-28T06:27:48+00:00\" \/>\n<meta property=\"og:image\" content=\"https:\/\/nyanpereira.fr\/dessinateur\/wp-content\/uploads\/2018\/10\/03.Vitrine.originale.decoration.tendance.automne.halloween.peinture.vitre_.artiste.png\" \/>\n\t<meta property=\"og:image:width\" content=\"1024\" \/>\n\t<meta property=\"og:image:height\" content=\"722\" \/>\n\t<meta property=\"og:image:type\" content=\"image\/png\" \/>\n<meta name=\"twitter:card\" content=\"summary_large_image\" \/>\n<meta name=\"twitter:label1\" content=\"\u00c9crit par\" \/>\n\t<meta name=\"twitter:data1\" content=\"dessinateur\" \/>\n\t<meta name=\"twitter:label2\" content=\"Dur\u00e9e de lecture estim\u00e9e\" \/>\n\t<meta name=\"twitter:data2\" content=\"1 minute\" \/>\n<script type=\"application\/ld+json\" class=\"yoast-schema-graph\">{\"@context\":\"https:\/\/schema.org\",\"@graph\":[{\"@type\":\"Organization\",\"@id\":\"https:\/\/nyanpereira.fr\/dessinateur\/#organization\",\"name\":\"storyboarder Freelance\",\"url\":\"https:\/\/nyanpereira.fr\/dessinateur\/\",\"sameAs\":[],\"logo\":{\"@type\":\"ImageObject\",\"@id\":\"https:\/\/nyanpereira.fr\/dessinateur\/#logo\",\"inLanguage\":\"fr-FR\",\"url\":\"\",\"contentUrl\":\"\",\"caption\":\"storyboarder Freelance\"},\"image\":{\"@id\":\"https:\/\/nyanpereira.fr\/dessinateur\/#logo\"}},{\"@type\":\"WebSite\",\"@id\":\"https:\/\/nyanpereira.fr\/dessinateur\/#website\",\"url\":\"https:\/\/nyanpereira.fr\/dessinateur\/\",\"name\":\"Service Cr\\u00e9atif &amp; Pr\\u00e9sentation Artistique\",\"description\":\"Roughs, Storyboard, Antimatic &amp; Photomontage\",\"publisher\":{\"@id\":\"https:\/\/nyanpereira.fr\/dessinateur\/#organization\"},\"potentialAction\":[{\"@type\":\"SearchAction\",\"target\":{\"@type\":\"EntryPoint\",\"urlTemplate\":\"https:\/\/nyanpereira.fr\/dessinateur\/?s={search_term_string}\"},\"query-input\":\"required name=search_term_string\"}],\"inLanguage\":\"fr-FR\"},{\"@type\":\"ImageObject\",\"@id\":\"https:\/\/nyanpereira.fr\/dessinateur\/decoration-sur-vitre-peinture-sur-verre\/#primaryimage\",\"inLanguage\":\"fr-FR\",\"url\":\"https:\/\/nyanpereira.fr\/dessinateur\/wp-content\/uploads\/2018\/10\/03.Vitrine.originale.decoration.tendance.automne.halloween.peinture.vitre_.artiste.png\",\"contentUrl\":\"https:\/\/nyanpereira.fr\/dessinateur\/wp-content\/uploads\/2018\/10\/03.Vitrine.originale.decoration.tendance.automne.halloween.peinture.vitre_.artiste.png\",\"width\":1024,\"height\":722},{\"@type\":\"WebPage\",\"@id\":\"https:\/\/nyanpereira.fr\/dessinateur\/decoration-sur-vitre-peinture-sur-verre\/#webpage\",\"url\":\"https:\/\/nyanpereira.fr\/dessinateur\/decoration-sur-vitre-peinture-sur-verre\/\",\"name\":\"Vitrines d'Automne - Service Cr\\u00e9atif &amp; Pr\\u00e9sentation Artistique\",\"isPartOf\":{\"@id\":\"https:\/\/nyanpereira.fr\/dessinateur\/#website\"},\"primaryImageOfPage\":{\"@id\":\"https:\/\/nyanpereira.fr\/dessinateur\/decoration-sur-vitre-peinture-sur-verre\/#primaryimage\"},\"datePublished\":\"2018-10-21T09:00:29+00:00\",\"dateModified\":\"2021-04-28T06:27:48+00:00\",\"breadcrumb\":{\"@id\":\"https:\/\/nyanpereira.fr\/dessinateur\/decoration-sur-vitre-peinture-sur-verre\/#breadcrumb\"},\"inLanguage\":\"fr-FR\",\"potentialAction\":[{\"@type\":\"ReadAction\",\"target\":[\"https:\/\/nyanpereira.fr\/dessinateur\/decoration-sur-vitre-peinture-sur-verre\/\"]}]},{\"@type\":\"BreadcrumbList\",\"@id\":\"https:\/\/nyanpereira.fr\/dessinateur\/decoration-sur-vitre-peinture-sur-verre\/#breadcrumb\",\"itemListElement\":[{\"@type\":\"ListItem\",\"position\":1,\"name\":\"Accueil\",\"item\":\"https:\/\/nyanpereira.fr\/dessinateur\/\"},{\"@type\":\"ListItem\",\"position\":2,\"name\":\"Vitrines d&rsquo;Automne\"}]},{\"@type\":\"Article\",\"@id\":\"https:\/\/nyanpereira.fr\/dessinateur\/decoration-sur-vitre-peinture-sur-verre\/#article\",\"isPartOf\":{\"@id\":\"https:\/\/nyanpereira.fr\/dessinateur\/decoration-sur-vitre-peinture-sur-verre\/#webpage\"},\"author\":{\"@id\":\"https:\/\/nyanpereira.fr\/dessinateur\/#\/schema\/person\/d771f144e8b1bdf8b790b02ba31f71d2\"},\"headline\":\"Vitrines d&rsquo;Automne\",\"datePublished\":\"2018-10-21T09:00:29+00:00\",\"dateModified\":\"2021-04-28T06:27:48+00:00\",\"mainEntityOfPage\":{\"@id\":\"https:\/\/nyanpereira.fr\/dessinateur\/decoration-sur-vitre-peinture-sur-verre\/#webpage\"},\"wordCount\":156,\"publisher\":{\"@id\":\"https:\/\/nyanpereira.fr\/dessinateur\/#organization\"},\"image\":{\"@id\":\"https:\/\/nyanpereira.fr\/dessinateur\/decoration-sur-vitre-peinture-sur-verre\/#primaryimage\"},\"thumbnailUrl\":\"https:\/\/nyanpereira.fr\/dessinateur\/wp-content\/uploads\/2018\/10\/03.Vitrine.originale.decoration.tendance.automne.halloween.peinture.vitre_.artiste.png\",\"keywords\":[\"#vitrineartistique\",\"#vitrinepeintehalloween\",\"ART \\u00c9PH\\u00c9M\\u00c8RE \/ D\\u00c9CO VITRINE MAGASIN\",\"D\\u00e9coration vitrine\",\"d\\u00e9coration vitrine saisonni\\u00e8re originale\",\"Peintre \/ D\\u00e9coration Vitrines magasin-Var(83)\",\"Vitrines Magasins originales\"],\"articleSection\":[\"D\\u00e9coration automne\",\"Peinture sur Vitrine Magasin\"],\"inLanguage\":\"fr-FR\"},{\"@type\":\"Person\",\"@id\":\"https:\/\/nyanpereira.fr\/dessinateur\/#\/schema\/person\/d771f144e8b1bdf8b790b02ba31f71d2\",\"name\":\"dessinateur\",\"image\":{\"@type\":\"ImageObject\",\"@id\":\"https:\/\/nyanpereira.fr\/dessinateur\/#personlogo\",\"inLanguage\":\"fr-FR\",\"url\":\"https:\/\/secure.gravatar.com\/avatar\/acd3615833cd4e0b23d9f45973008c34?s=96&d=mm&r=g\",\"contentUrl\":\"https:\/\/secure.gravatar.com\/avatar\/acd3615833cd4e0b23d9f45973008c34?s=96&d=mm&r=g\",\"caption\":\"dessinateur\"},\"url\":\"https:\/\/nyanpereira.fr\/dessinateur\/author\/dessinateur\/\"}]}<\/script>\n<!-- \/ Yoast SEO plugin. -->","yoast_head_json":{"title":"Vitrines d'Automne - Service Cr\u00e9atif &amp; Pr\u00e9sentation Artistique","robots":{"index":"index","follow":"follow","max-snippet":"max-snippet:-1","max-image-preview":"max-image-preview:large","max-video-preview":"max-video-preview:-1"},"canonical":"https:\/\/nyanpereira.fr\/dessinateur\/decoration-sur-vitre-peinture-sur-verre\/","og_locale":"fr_FR","og_type":"article","og_title":"Vitrines d'Automne - Service Cr\u00e9atif &amp; Pr\u00e9sentation Artistique","og_url":"https:\/\/nyanpereira.fr\/dessinateur\/decoration-sur-vitre-peinture-sur-verre\/","og_site_name":"Service Cr\u00e9atif &amp; Pr\u00e9sentation Artistique","article_published_time":"2018-10-21T09:00:29+00:00","article_modified_time":"2021-04-28T06:27:48+00:00","og_image":[{"width":1024,"height":722,"url":"https:\/\/nyanpereira.fr\/dessinateur\/wp-content\/uploads\/2018\/10\/03.Vitrine.originale.decoration.tendance.automne.halloween.peinture.vitre_.artiste.png","type":"image\/png"}],"twitter_card":"summary_large_image","twitter_misc":{"\u00c9crit par":"dessinateur","Dur\u00e9e de lecture estim\u00e9e":"1 minute"},"schema":{"@context":"https:\/\/schema.org","@graph":[{"@type":"Organization","@id":"https:\/\/nyanpereira.fr\/dessinateur\/#organization","name":"storyboarder Freelance","url":"https:\/\/nyanpereira.fr\/dessinateur\/","sameAs":[],"logo":{"@type":"ImageObject","@id":"https:\/\/nyanpereira.fr\/dessinateur\/#logo","inLanguage":"fr-FR","url":"","contentUrl":"","caption":"storyboarder Freelance"},"image":{"@id":"https:\/\/nyanpereira.fr\/dessinateur\/#logo"}},{"@type":"WebSite","@id":"https:\/\/nyanpereira.fr\/dessinateur\/#website","url":"https:\/\/nyanpereira.fr\/dessinateur\/","name":"Service Cr\u00e9atif &amp; Pr\u00e9sentation Artistique","description":"Roughs, Storyboard, Antimatic &amp; Photomontage","publisher":{"@id":"https:\/\/nyanpereira.fr\/dessinateur\/#organization"},"potentialAction":[{"@type":"SearchAction","target":{"@type":"EntryPoint","urlTemplate":"https:\/\/nyanpereira.fr\/dessinateur\/?s={search_term_string}"},"query-input":"required name=search_term_string"}],"inLanguage":"fr-FR"},{"@type":"ImageObject","@id":"https:\/\/nyanpereira.fr\/dessinateur\/decoration-sur-vitre-peinture-sur-verre\/#primaryimage","inLanguage":"fr-FR","url":"https:\/\/nyanpereira.fr\/dessinateur\/wp-content\/uploads\/2018\/10\/03.Vitrine.originale.decoration.tendance.automne.halloween.peinture.vitre_.artiste.png","contentUrl":"https:\/\/nyanpereira.fr\/dessinateur\/wp-content\/uploads\/2018\/10\/03.Vitrine.originale.decoration.tendance.automne.halloween.peinture.vitre_.artiste.png","width":1024,"height":722},{"@type":"WebPage","@id":"https:\/\/nyanpereira.fr\/dessinateur\/decoration-sur-vitre-peinture-sur-verre\/#webpage","url":"https:\/\/nyanpereira.fr\/dessinateur\/decoration-sur-vitre-peinture-sur-verre\/","name":"Vitrines d'Automne - Service Cr\u00e9atif &amp; Pr\u00e9sentation Artistique","isPartOf":{"@id":"https:\/\/nyanpereira.fr\/dessinateur\/#website"},"primaryImageOfPage":{"@id":"https:\/\/nyanpereira.fr\/dessinateur\/decoration-sur-vitre-peinture-sur-verre\/#primaryimage"},"datePublished":"2018-10-21T09:00:29+00:00","dateModified":"2021-04-28T06:27:48+00:00","breadcrumb":{"@id":"https:\/\/nyanpereira.fr\/dessinateur\/decoration-sur-vitre-peinture-sur-verre\/#breadcrumb"},"inLanguage":"fr-FR","potentialAction":[{"@type":"ReadAction","target":["https:\/\/nyanpereira.fr\/dessinateur\/decoration-sur-vitre-peinture-sur-verre\/"]}]},{"@type":"BreadcrumbList","@id":"https:\/\/nyanpereira.fr\/dessinateur\/decoration-sur-vitre-peinture-sur-verre\/#breadcrumb","itemListElement":[{"@type":"ListItem","position":1,"name":"Accueil","item":"https:\/\/nyanpereira.fr\/dessinateur\/"},{"@type":"ListItem","position":2,"name":"Vitrines d&rsquo;Automne"}]},{"@type":"Article","@id":"https:\/\/nyanpereira.fr\/dessinateur\/decoration-sur-vitre-peinture-sur-verre\/#article","isPartOf":{"@id":"https:\/\/nyanpereira.fr\/dessinateur\/decoration-sur-vitre-peinture-sur-verre\/#webpage"},"author":{"@id":"https:\/\/nyanpereira.fr\/dessinateur\/#\/schema\/person\/d771f144e8b1bdf8b790b02ba31f71d2"},"headline":"Vitrines d&rsquo;Automne","datePublished":"2018-10-21T09:00:29+00:00","dateModified":"2021-04-28T06:27:48+00:00","mainEntityOfPage":{"@id":"https:\/\/nyanpereira.fr\/dessinateur\/decoration-sur-vitre-peinture-sur-verre\/#webpage"},"wordCount":156,"publisher":{"@id":"https:\/\/nyanpereira.fr\/dessinateur\/#organization"},"image":{"@id":"https:\/\/nyanpereira.fr\/dessinateur\/decoration-sur-vitre-peinture-sur-verre\/#primaryimage"},"thumbnailUrl":"https:\/\/nyanpereira.fr\/dessinateur\/wp-content\/uploads\/2018\/10\/03.Vitrine.originale.decoration.tendance.automne.halloween.peinture.vitre_.artiste.png","keywords":["#vitrineartistique","#vitrinepeintehalloween","ART \u00c9PH\u00c9M\u00c8RE \/ D\u00c9CO VITRINE MAGASIN","D\u00e9coration vitrine","d\u00e9coration vitrine saisonni\u00e8re originale","Peintre \/ D\u00e9coration Vitrines magasin-Var(83)","Vitrines Magasins originales"],"articleSection":["D\u00e9coration automne","Peinture sur Vitrine Magasin"],"inLanguage":"fr-FR"},{"@type":"Person","@id":"https:\/\/nyanpereira.fr\/dessinateur\/#\/schema\/person\/d771f144e8b1bdf8b790b02ba31f71d2","name":"dessinateur","image":{"@type":"ImageObject","@id":"https:\/\/nyanpereira.fr\/dessinateur\/#personlogo","inLanguage":"fr-FR","url":"https:\/\/secure.gravatar.com\/avatar\/acd3615833cd4e0b23d9f45973008c34?s=96&d=mm&r=g","contentUrl":"https:\/\/secure.gravatar.com\/avatar\/acd3615833cd4e0b23d9f45973008c34?s=96&d=mm&r=g","caption":"dessinateur"},"url":"https:\/\/nyanpereira.fr\/dessinateur\/author\/dessinateur\/"}]}},"_links":{"self":[{"href":"https:\/\/nyanpereira.fr\/dessinateur\/wp-json\/wp\/v2\/posts\/4317"}],"collection":[{"href":"https:\/\/nyanpereira.fr\/dessinateur\/wp-json\/wp\/v2\/posts"}],"about":[{"href":"https:\/\/nyanpereira.fr\/dessinateur\/wp-json\/wp\/v2\/types\/post"}],"author":[{"embeddable":true,"href":"https:\/\/nyanpereira.fr\/dessinateur\/wp-json\/wp\/v2\/users\/1"}],"replies":[{"embeddable":true,"href":"https:\/\/nyanpereira.fr\/dessinateur\/wp-json\/wp\/v2\/comments?post=4317"}],"version-history":[{"count":74,"href":"https:\/\/nyanpereira.fr\/dessinateur\/wp-json\/wp\/v2\/posts\/4317\/revisions"}],"predecessor-version":[{"id":5646,"href":"https:\/\/nyanpereira.fr\/dessinateur\/wp-json\/wp\/v2\/posts\/4317\/revisions\/5646"}],"wp:featuredmedia":[{"embeddable":true,"href":"https:\/\/nyanpereira.fr\/dessinateur\/wp-json\/wp\/v2\/media\/5324"}],"wp:attachment":[{"href":"https:\/\/nyanpereira.fr\/dessinateur\/wp-json\/wp\/v2\/media?parent=4317"}],"wp:term":[{"taxonomy":"category","embeddable":true,"href":"https:\/\/nyanpereira.fr\/dessinateur\/wp-json\/wp\/v2\/categories?post=4317"},{"taxonomy":"post_tag","embeddable":true,"href":"https:\/\/nyanpereira.fr\/dessinateur\/wp-json\/wp\/v2\/tags?post=4317"}],"curies":[{"name":"wp","href":"https:\/\/api.w.org\/{rel}","templated":true}]}}