{"id":4311,"date":"2016-10-27T07:57:46","date_gmt":"2016-10-27T06:57:46","guid":{"rendered":"http:\/\/nyanpereira.fr\/dessinateur\/?p=4311"},"modified":"2020-06-09T16:55:29","modified_gmt":"2020-06-09T15:55:29","slug":"peinture-sur-vitrine-halloween","status":"publish","type":"post","link":"https:\/\/nyanpereira.fr\/dessinateur\/peinture-sur-vitrine-halloween\/","title":{"rendered":"Vitrine d&rsquo;Halloween &#8211; Peinture sur Vitres"},"content":{"rendered":"<h2>D\u00e9coration d&rsquo;Halloween\u00a0 &amp; vitrine magasin mortel<\/h2>\n<p>Une f\u00eate d\u2019Halloween sans d\u00e9coration c\u2019est comme une sorci\u00e8re sans balais ou un vampire sans dents&#8230; Autrement dit, c\u2019est impossible ! <strong><span style=\"color: #5f09b5;\">Le 31 octobre, ils refont surface : \u00c9pouvantail, squelettes, araign\u00e9es, sorci\u00e8res, zombies, chauve-souris et autres \u00e9pouvantables cr\u00e9atures et votre espace devrait ressembler \u00e0 une v\u00e9ritable crypte ou une effroyable maison hant\u00e9e<\/span>.<\/strong> Et aucune excuse ne sera tol\u00e9r\u00e9e.<\/p>\n<p>Ci-dessous un exemple de vitrine d&rsquo;\u2019Halloween r\u00e9aliser pour une pizz\u00e9ria \u00e0 Draguignan dans le var(83).<\/p>\n<p>plus d&rsquo;information sur <a href=\"http:\/\/www.vitrinepeinte.com\" target=\"_blank\" rel=\"noopener noreferrer\">www.vitrinepeinte.com<\/a><\/p>\n<p><img loading=\"lazy\" class=\"alignleft size-full wp-image-9110\" src=\"https:\/\/nyanpereira.fr\/dessinateur\/wp-content\/uploads\/2016\/10\/14-Vitrine.peinture.service.decoration.Automne.jpg\" alt=\"pizz\u00e8ria d\u00e9coration vitrine peinture halloween\" width=\"800\" height=\"458\" \/>\u00a0<img loading=\"lazy\" class=\"size-full wp-image-9111 aligncenter\" src=\"https:\/\/nyanpereira.fr\/dessinateur\/wp-content\/uploads\/2016\/10\/15-Vitrine.peinture.service.decoration.Automne.jpg\" alt=\"\" width=\"800\" height=\"800\" \/> <img loading=\"lazy\" class=\"size-full wp-image-9112 aligncenter\" src=\"https:\/\/nyanpereira.fr\/dessinateur\/wp-content\/uploads\/2016\/10\/16-Vitrine.peinture.service.decoration.Automne.jpg\" alt=\"\" width=\"800\" height=\"800\" \/> <img loading=\"lazy\" class=\"size-full wp-image-9113 aligncenter\" src=\"https:\/\/nyanpereira.fr\/dessinateur\/wp-content\/uploads\/2016\/10\/17-Vitrine.peinture.service.decoration.Automne.jpg\" alt=\"\" width=\"800\" height=\"800\" \/> <img loading=\"lazy\" class=\"size-full wp-image-9114 aligncenter\" src=\"https:\/\/nyanpereira.fr\/dessinateur\/wp-content\/uploads\/2016\/10\/19-Vitrine.peinture.service.decoration.Automne.jpg\" alt=\"\" width=\"800\" height=\"800\" \/><\/p>\n<p>&nbsp;<\/p>\n<p>&nbsp;<\/p>\n<p>&nbsp;<\/p>\n","protected":false},"excerpt":{"rendered":"","protected":false},"author":1,"featured_media":9110,"comment_status":"closed","ping_status":"closed","sticky":false,"template":"","format":"image","meta":[],"categories":[397,396,80],"tags":[256,262,232,254,266,95],"yoast_head":"<!-- This site is optimized with the Yoast SEO plugin v17.9 - https:\/\/yoast.com\/wordpress\/plugins\/seo\/ -->\n<title>HALLOWEEN \/ D\u00e9cor vitrine de magasin - PEINTURE d&#039;Halloween mortel<\/title>\n<meta name=\"description\" content=\"D\u00e9coration d&#039;Halloween pour vitrine magasins, des epouvantables peintures sur vitre pour animer votre commerce \u00e0 Halloween. Vitrine Halloween originale\" \/>\n<meta name=\"robots\" content=\"index, follow, max-snippet:-1, max-image-preview:large, max-video-preview:-1\" \/>\n<link rel=\"canonical\" href=\"https:\/\/nyanpereira.fr\/dessinateur\/peinture-sur-vitrine-halloween\/\" \/>\n<meta property=\"og:locale\" content=\"fr_FR\" \/>\n<meta property=\"og:type\" content=\"article\" \/>\n<meta property=\"og:title\" content=\"HALLOWEEN \/ D\u00e9cor vitrine de magasin - PEINTURE d&#039;Halloween mortel\" \/>\n<meta property=\"og:description\" content=\"D\u00e9coration d&#039;Halloween pour vitrine magasins, des epouvantables peintures sur vitre pour animer votre commerce \u00e0 Halloween. Vitrine Halloween originale\" \/>\n<meta property=\"og:url\" content=\"https:\/\/nyanpereira.fr\/dessinateur\/peinture-sur-vitrine-halloween\/\" \/>\n<meta property=\"og:site_name\" content=\"Service Cr\u00e9atif &amp; Pr\u00e9sentation Artistique\" \/>\n<meta property=\"article:published_time\" content=\"2016-10-27T06:57:46+00:00\" \/>\n<meta property=\"article:modified_time\" content=\"2020-06-09T15:55:29+00:00\" \/>\n<meta property=\"og:image\" content=\"https:\/\/nyanpereira.fr\/dessinateur\/wp-content\/uploads\/2016\/10\/14-Vitrine.peinture.service.decoration.Automne.jpg\" \/>\n\t<meta property=\"og:image:width\" content=\"800\" \/>\n\t<meta property=\"og:image:height\" content=\"458\" \/>\n\t<meta property=\"og:image:type\" content=\"image\/jpeg\" \/>\n<meta name=\"twitter:card\" content=\"summary_large_image\" \/>\n<meta name=\"twitter:label1\" content=\"\u00c9crit par\" \/>\n\t<meta name=\"twitter:data1\" content=\"dessinateur\" \/>\n\t<meta name=\"twitter:label2\" content=\"Dur\u00e9e de lecture estim\u00e9e\" \/>\n\t<meta name=\"twitter:data2\" content=\"1 minute\" \/>\n<script type=\"application\/ld+json\" class=\"yoast-schema-graph\">{\"@context\":\"https:\/\/schema.org\",\"@graph\":[{\"@type\":\"Organization\",\"@id\":\"https:\/\/nyanpereira.fr\/dessinateur\/#organization\",\"name\":\"storyboarder Freelance\",\"url\":\"https:\/\/nyanpereira.fr\/dessinateur\/\",\"sameAs\":[],\"logo\":{\"@type\":\"ImageObject\",\"@id\":\"https:\/\/nyanpereira.fr\/dessinateur\/#logo\",\"inLanguage\":\"fr-FR\",\"url\":\"\",\"contentUrl\":\"\",\"caption\":\"storyboarder Freelance\"},\"image\":{\"@id\":\"https:\/\/nyanpereira.fr\/dessinateur\/#logo\"}},{\"@type\":\"WebSite\",\"@id\":\"https:\/\/nyanpereira.fr\/dessinateur\/#website\",\"url\":\"https:\/\/nyanpereira.fr\/dessinateur\/\",\"name\":\"Service Cr\\u00e9atif &amp; Pr\\u00e9sentation Artistique\",\"description\":\"Roughs, Storyboard, Antimatic &amp; Photomontage\",\"publisher\":{\"@id\":\"https:\/\/nyanpereira.fr\/dessinateur\/#organization\"},\"potentialAction\":[{\"@type\":\"SearchAction\",\"target\":{\"@type\":\"EntryPoint\",\"urlTemplate\":\"https:\/\/nyanpereira.fr\/dessinateur\/?s={search_term_string}\"},\"query-input\":\"required name=search_term_string\"}],\"inLanguage\":\"fr-FR\"},{\"@type\":\"ImageObject\",\"@id\":\"https:\/\/nyanpereira.fr\/dessinateur\/peinture-sur-vitrine-halloween\/#primaryimage\",\"inLanguage\":\"fr-FR\",\"url\":\"https:\/\/nyanpereira.fr\/dessinateur\/wp-content\/uploads\/2016\/10\/14-Vitrine.peinture.service.decoration.Automne.jpg\",\"contentUrl\":\"https:\/\/nyanpereira.fr\/dessinateur\/wp-content\/uploads\/2016\/10\/14-Vitrine.peinture.service.decoration.Automne.jpg\",\"width\":800,\"height\":458,\"caption\":\"pizz\\u00e8ria d\\u00e9coration vitrine peinture halloween\"},{\"@type\":\"WebPage\",\"@id\":\"https:\/\/nyanpereira.fr\/dessinateur\/peinture-sur-vitrine-halloween\/#webpage\",\"url\":\"https:\/\/nyanpereira.fr\/dessinateur\/peinture-sur-vitrine-halloween\/\",\"name\":\"HALLOWEEN \/ D\\u00e9cor vitrine de magasin - PEINTURE d'Halloween mortel\",\"isPartOf\":{\"@id\":\"https:\/\/nyanpereira.fr\/dessinateur\/#website\"},\"primaryImageOfPage\":{\"@id\":\"https:\/\/nyanpereira.fr\/dessinateur\/peinture-sur-vitrine-halloween\/#primaryimage\"},\"datePublished\":\"2016-10-27T06:57:46+00:00\",\"dateModified\":\"2020-06-09T15:55:29+00:00\",\"description\":\"D\\u00e9coration d'Halloween pour vitrine magasins, des epouvantables peintures sur vitre pour animer votre commerce \\u00e0 Halloween. Vitrine Halloween originale\",\"breadcrumb\":{\"@id\":\"https:\/\/nyanpereira.fr\/dessinateur\/peinture-sur-vitrine-halloween\/#breadcrumb\"},\"inLanguage\":\"fr-FR\",\"potentialAction\":[{\"@type\":\"ReadAction\",\"target\":[\"https:\/\/nyanpereira.fr\/dessinateur\/peinture-sur-vitrine-halloween\/\"]}]},{\"@type\":\"BreadcrumbList\",\"@id\":\"https:\/\/nyanpereira.fr\/dessinateur\/peinture-sur-vitrine-halloween\/#breadcrumb\",\"itemListElement\":[{\"@type\":\"ListItem\",\"position\":1,\"name\":\"Accueil\",\"item\":\"https:\/\/nyanpereira.fr\/dessinateur\/\"},{\"@type\":\"ListItem\",\"position\":2,\"name\":\"Vitrine d&rsquo;Halloween &#8211; Peinture sur Vitres\"}]},{\"@type\":\"Article\",\"@id\":\"https:\/\/nyanpereira.fr\/dessinateur\/peinture-sur-vitrine-halloween\/#article\",\"isPartOf\":{\"@id\":\"https:\/\/nyanpereira.fr\/dessinateur\/peinture-sur-vitrine-halloween\/#webpage\"},\"author\":{\"@id\":\"https:\/\/nyanpereira.fr\/dessinateur\/#\/schema\/person\/d771f144e8b1bdf8b790b02ba31f71d2\"},\"headline\":\"Vitrine d&rsquo;Halloween &#8211; Peinture sur Vitres\",\"datePublished\":\"2016-10-27T06:57:46+00:00\",\"dateModified\":\"2020-06-09T15:55:29+00:00\",\"mainEntityOfPage\":{\"@id\":\"https:\/\/nyanpereira.fr\/dessinateur\/peinture-sur-vitrine-halloween\/#webpage\"},\"wordCount\":106,\"publisher\":{\"@id\":\"https:\/\/nyanpereira.fr\/dessinateur\/#organization\"},\"image\":{\"@id\":\"https:\/\/nyanpereira.fr\/dessinateur\/peinture-sur-vitrine-halloween\/#primaryimage\"},\"thumbnailUrl\":\"https:\/\/nyanpereira.fr\/dessinateur\/wp-content\/uploads\/2016\/10\/14-Vitrine.peinture.service.decoration.Automne.jpg\",\"keywords\":[\"#d\\u00e9coration\\u00e9v\\u00e8nement\",\"#vitrinepeintehalloween\",\"ART \\u00c9PH\\u00c9M\\u00c8RE \/ D\\u00c9CO VITRINE MAGASIN\",\"D\\u00e9coration vitrine\",\"d\\u00e9coration vitrine saisonni\\u00e8re originale\",\"Peintre \/ D\\u00e9coration Vitrines magasin-Var(83)\"],\"articleSection\":[\"D\\u00e9coration Halloween\",\"D\\u00e9coration saisonni\\u00e8re\",\"Peinture sur Vitrine Magasin\"],\"inLanguage\":\"fr-FR\"},{\"@type\":\"Person\",\"@id\":\"https:\/\/nyanpereira.fr\/dessinateur\/#\/schema\/person\/d771f144e8b1bdf8b790b02ba31f71d2\",\"name\":\"dessinateur\",\"image\":{\"@type\":\"ImageObject\",\"@id\":\"https:\/\/nyanpereira.fr\/dessinateur\/#personlogo\",\"inLanguage\":\"fr-FR\",\"url\":\"https:\/\/secure.gravatar.com\/avatar\/acd3615833cd4e0b23d9f45973008c34?s=96&d=mm&r=g\",\"contentUrl\":\"https:\/\/secure.gravatar.com\/avatar\/acd3615833cd4e0b23d9f45973008c34?s=96&d=mm&r=g\",\"caption\":\"dessinateur\"},\"url\":\"https:\/\/nyanpereira.fr\/dessinateur\/author\/dessinateur\/\"}]}<\/script>\n<!-- \/ Yoast SEO plugin. -->","yoast_head_json":{"title":"HALLOWEEN \/ D\u00e9cor vitrine de magasin - PEINTURE d'Halloween mortel","description":"D\u00e9coration d'Halloween pour vitrine magasins, des epouvantables peintures sur vitre pour animer votre commerce \u00e0 Halloween. Vitrine Halloween originale","robots":{"index":"index","follow":"follow","max-snippet":"max-snippet:-1","max-image-preview":"max-image-preview:large","max-video-preview":"max-video-preview:-1"},"canonical":"https:\/\/nyanpereira.fr\/dessinateur\/peinture-sur-vitrine-halloween\/","og_locale":"fr_FR","og_type":"article","og_title":"HALLOWEEN \/ D\u00e9cor vitrine de magasin - PEINTURE d'Halloween mortel","og_description":"D\u00e9coration d'Halloween pour vitrine magasins, des epouvantables peintures sur vitre pour animer votre commerce \u00e0 Halloween. Vitrine Halloween originale","og_url":"https:\/\/nyanpereira.fr\/dessinateur\/peinture-sur-vitrine-halloween\/","og_site_name":"Service Cr\u00e9atif &amp; Pr\u00e9sentation Artistique","article_published_time":"2016-10-27T06:57:46+00:00","article_modified_time":"2020-06-09T15:55:29+00:00","og_image":[{"width":800,"height":458,"url":"https:\/\/nyanpereira.fr\/dessinateur\/wp-content\/uploads\/2016\/10\/14-Vitrine.peinture.service.decoration.Automne.jpg","type":"image\/jpeg"}],"twitter_card":"summary_large_image","twitter_misc":{"\u00c9crit par":"dessinateur","Dur\u00e9e de lecture estim\u00e9e":"1 minute"},"schema":{"@context":"https:\/\/schema.org","@graph":[{"@type":"Organization","@id":"https:\/\/nyanpereira.fr\/dessinateur\/#organization","name":"storyboarder Freelance","url":"https:\/\/nyanpereira.fr\/dessinateur\/","sameAs":[],"logo":{"@type":"ImageObject","@id":"https:\/\/nyanpereira.fr\/dessinateur\/#logo","inLanguage":"fr-FR","url":"","contentUrl":"","caption":"storyboarder Freelance"},"image":{"@id":"https:\/\/nyanpereira.fr\/dessinateur\/#logo"}},{"@type":"WebSite","@id":"https:\/\/nyanpereira.fr\/dessinateur\/#website","url":"https:\/\/nyanpereira.fr\/dessinateur\/","name":"Service Cr\u00e9atif &amp; Pr\u00e9sentation Artistique","description":"Roughs, Storyboard, Antimatic &amp; Photomontage","publisher":{"@id":"https:\/\/nyanpereira.fr\/dessinateur\/#organization"},"potentialAction":[{"@type":"SearchAction","target":{"@type":"EntryPoint","urlTemplate":"https:\/\/nyanpereira.fr\/dessinateur\/?s={search_term_string}"},"query-input":"required name=search_term_string"}],"inLanguage":"fr-FR"},{"@type":"ImageObject","@id":"https:\/\/nyanpereira.fr\/dessinateur\/peinture-sur-vitrine-halloween\/#primaryimage","inLanguage":"fr-FR","url":"https:\/\/nyanpereira.fr\/dessinateur\/wp-content\/uploads\/2016\/10\/14-Vitrine.peinture.service.decoration.Automne.jpg","contentUrl":"https:\/\/nyanpereira.fr\/dessinateur\/wp-content\/uploads\/2016\/10\/14-Vitrine.peinture.service.decoration.Automne.jpg","width":800,"height":458,"caption":"pizz\u00e8ria d\u00e9coration vitrine peinture halloween"},{"@type":"WebPage","@id":"https:\/\/nyanpereira.fr\/dessinateur\/peinture-sur-vitrine-halloween\/#webpage","url":"https:\/\/nyanpereira.fr\/dessinateur\/peinture-sur-vitrine-halloween\/","name":"HALLOWEEN \/ D\u00e9cor vitrine de magasin - PEINTURE d'Halloween mortel","isPartOf":{"@id":"https:\/\/nyanpereira.fr\/dessinateur\/#website"},"primaryImageOfPage":{"@id":"https:\/\/nyanpereira.fr\/dessinateur\/peinture-sur-vitrine-halloween\/#primaryimage"},"datePublished":"2016-10-27T06:57:46+00:00","dateModified":"2020-06-09T15:55:29+00:00","description":"D\u00e9coration d'Halloween pour vitrine magasins, des epouvantables peintures sur vitre pour animer votre commerce \u00e0 Halloween. Vitrine Halloween originale","breadcrumb":{"@id":"https:\/\/nyanpereira.fr\/dessinateur\/peinture-sur-vitrine-halloween\/#breadcrumb"},"inLanguage":"fr-FR","potentialAction":[{"@type":"ReadAction","target":["https:\/\/nyanpereira.fr\/dessinateur\/peinture-sur-vitrine-halloween\/"]}]},{"@type":"BreadcrumbList","@id":"https:\/\/nyanpereira.fr\/dessinateur\/peinture-sur-vitrine-halloween\/#breadcrumb","itemListElement":[{"@type":"ListItem","position":1,"name":"Accueil","item":"https:\/\/nyanpereira.fr\/dessinateur\/"},{"@type":"ListItem","position":2,"name":"Vitrine d&rsquo;Halloween &#8211; Peinture sur Vitres"}]},{"@type":"Article","@id":"https:\/\/nyanpereira.fr\/dessinateur\/peinture-sur-vitrine-halloween\/#article","isPartOf":{"@id":"https:\/\/nyanpereira.fr\/dessinateur\/peinture-sur-vitrine-halloween\/#webpage"},"author":{"@id":"https:\/\/nyanpereira.fr\/dessinateur\/#\/schema\/person\/d771f144e8b1bdf8b790b02ba31f71d2"},"headline":"Vitrine d&rsquo;Halloween &#8211; Peinture sur Vitres","datePublished":"2016-10-27T06:57:46+00:00","dateModified":"2020-06-09T15:55:29+00:00","mainEntityOfPage":{"@id":"https:\/\/nyanpereira.fr\/dessinateur\/peinture-sur-vitrine-halloween\/#webpage"},"wordCount":106,"publisher":{"@id":"https:\/\/nyanpereira.fr\/dessinateur\/#organization"},"image":{"@id":"https:\/\/nyanpereira.fr\/dessinateur\/peinture-sur-vitrine-halloween\/#primaryimage"},"thumbnailUrl":"https:\/\/nyanpereira.fr\/dessinateur\/wp-content\/uploads\/2016\/10\/14-Vitrine.peinture.service.decoration.Automne.jpg","keywords":["#d\u00e9coration\u00e9v\u00e8nement","#vitrinepeintehalloween","ART \u00c9PH\u00c9M\u00c8RE \/ D\u00c9CO VITRINE MAGASIN","D\u00e9coration vitrine","d\u00e9coration vitrine saisonni\u00e8re originale","Peintre \/ D\u00e9coration Vitrines magasin-Var(83)"],"articleSection":["D\u00e9coration Halloween","D\u00e9coration saisonni\u00e8re","Peinture sur Vitrine Magasin"],"inLanguage":"fr-FR"},{"@type":"Person","@id":"https:\/\/nyanpereira.fr\/dessinateur\/#\/schema\/person\/d771f144e8b1bdf8b790b02ba31f71d2","name":"dessinateur","image":{"@type":"ImageObject","@id":"https:\/\/nyanpereira.fr\/dessinateur\/#personlogo","inLanguage":"fr-FR","url":"https:\/\/secure.gravatar.com\/avatar\/acd3615833cd4e0b23d9f45973008c34?s=96&d=mm&r=g","contentUrl":"https:\/\/secure.gravatar.com\/avatar\/acd3615833cd4e0b23d9f45973008c34?s=96&d=mm&r=g","caption":"dessinateur"},"url":"https:\/\/nyanpereira.fr\/dessinateur\/author\/dessinateur\/"}]}},"_links":{"self":[{"href":"https:\/\/nyanpereira.fr\/dessinateur\/wp-json\/wp\/v2\/posts\/4311"}],"collection":[{"href":"https:\/\/nyanpereira.fr\/dessinateur\/wp-json\/wp\/v2\/posts"}],"about":[{"href":"https:\/\/nyanpereira.fr\/dessinateur\/wp-json\/wp\/v2\/types\/post"}],"author":[{"embeddable":true,"href":"https:\/\/nyanpereira.fr\/dessinateur\/wp-json\/wp\/v2\/users\/1"}],"replies":[{"embeddable":true,"href":"https:\/\/nyanpereira.fr\/dessinateur\/wp-json\/wp\/v2\/comments?post=4311"}],"version-history":[{"count":27,"href":"https:\/\/nyanpereira.fr\/dessinateur\/wp-json\/wp\/v2\/posts\/4311\/revisions"}],"predecessor-version":[{"id":9127,"href":"https:\/\/nyanpereira.fr\/dessinateur\/wp-json\/wp\/v2\/posts\/4311\/revisions\/9127"}],"wp:featuredmedia":[{"embeddable":true,"href":"https:\/\/nyanpereira.fr\/dessinateur\/wp-json\/wp\/v2\/media\/9110"}],"wp:attachment":[{"href":"https:\/\/nyanpereira.fr\/dessinateur\/wp-json\/wp\/v2\/media?parent=4311"}],"wp:term":[{"taxonomy":"category","embeddable":true,"href":"https:\/\/nyanpereira.fr\/dessinateur\/wp-json\/wp\/v2\/categories?post=4311"},{"taxonomy":"post_tag","embeddable":true,"href":"https:\/\/nyanpereira.fr\/dessinateur\/wp-json\/wp\/v2\/tags?post=4311"}],"curies":[{"name":"wp","href":"https:\/\/api.w.org\/{rel}","templated":true}]}}