{"id":4244,"date":"2016-07-07T14:45:58","date_gmt":"2016-07-07T13:45:58","guid":{"rendered":"http:\/\/nyanpereira.fr\/dessinateur\/?p=4244"},"modified":"2020-04-04T13:35:48","modified_gmt":"2020-04-04T12:35:48","slug":"decoration-vitrine-peinte-jeux-olympique-2016","status":"publish","type":"post","link":"https:\/\/nyanpereira.fr\/dessinateur\/decoration-vitrine-peinte-jeux-olympique-2016\/","title":{"rendered":"Vitrine Olympique"},"content":{"rendered":"<h4><span style=\"color: #ff9900;\">La tendance est au sport !<\/span><br \/>\n<span style=\"color: #ff9900;\"> Alors supportez vos athl\u00e8tes et d\u00e9corez vos vitrines tout l&rsquo;\u00e9t\u00e9<\/span><\/h4>\n<p>\u2022 RIO 2016 <em>( <strong>Jeux Olympiques<\/strong> \/ 5 ao\u00fbt au 21 ao\u00fbt)<\/em><br \/>\nPour tout demande ou renseignement, merci de nous <a href=\"http:\/\/nyanpereira.fr\/dessinateur\/contact-dessinateur-roughman-storyborder-illustrateur-freelance\/\">contacter<\/a>.<\/p>\n<p>Peinture peinte \u00e0 la main :<br \/>\n<a href=\"http:\/\/nyanpereira.fr\/dessinateur\/gallery\/restauration-cirque-decoration-vitrine-peinte-main\/\">Galerie compl\u00e8te<\/a> &amp; <a href=\"http:\/\/nyanpereira.fr\/dessinateur\/portfolio\/video-decoration-vitrine-peinte-main-region-paca\/\">Vid\u00e9o<\/a><\/p>\n<p>[accordion collapsible=\u00a0\u00bbtrue\u00a0\u00bb framed=\u00a0\u00bbflase\u00a0\u00bb]<br \/>\n[section title=\u00a0\u00bbLes \u00e9tapes de r\u00e9alisation d&rsquo;une vitrine peinte \u00e0 la main \u00ab\u00a0]<\/p>\n<h5>Prestation cr\u00e9ative &amp; <span style=\"color: #611487;\">Art \u00e9ph\u00e9m\u00e8re<\/span> :<\/h5>\n<p>1- <strong>Brief client :<\/strong> Choix du th\u00e8me &amp; Photos des vitrines \u00e0 travailler.<br \/>\n2- <strong>\u00c9tude du projet<\/strong> et <strong>Pr\u00e9sentation d&rsquo;un cahier des charges<\/strong>. (Storyboard, crayonn\u00e9s, composition en couleur, mise en situation photo)<br \/>\n3- <strong>Production<\/strong> &amp; <a href=\"http:\/\/nyanpereira.fr\/dessinateur\/gallery\/restauration-cirque-decoration-vitrine-peinte-main\/\">R\u00e9alisation<\/a> des peintures sur vitrines.<br \/>\n4- <strong>Nettoyage Rapide<\/strong>\u00a0\u00e0 l&rsquo;eau chaude simplement.<\/p>\n<h5>Un <span style=\"color: #611487;\">art<\/span> qui r\u00e9pond \u00e0 vos attentes toute l&rsquo;ann\u00e9e :<\/h5>\n<blockquote><p>&#8211; Op\u00e9rations vitrines Int\u00e9rieure &amp; Ext\u00e9rieure. <a href=\"http:\/\/nyanpereira.fr\/dessinateur\/decoration-vitrine-peinte-a-la-main\/\">voir vid\u00e9o<\/a><br \/>\n&#8211; Cr\u00e9ation &amp; Pose de sticker Vitrine.<br \/>\n&#8211; Production de support rigide peint. <em>(Bois, Dibon, Pvc, etc\u2026)<\/em><br \/>\n&#8211; Location de d\u00e9coration Peinte. <em>(No\u00eal, P\u00e2ques, St Patrick, Halloween\u2026)<\/em><\/p><\/blockquote>\n<p>[button url=\u00a0\u00bbhttp:\/\/nyanpereira.fr\/dessinateur\/gallery\/restauration-cirque-decoration-vitrine-peinte-main\/\u00a0\u00bb window=\u00a0\u00bbtrue\u00a0\u00bb style=\u00a0\u00bbblack\u00a0\u00bb size=\u00a0\u00bbe.g. small\u00a0\u00bb] Vitrine Peinte \u00e0 la main [\/button]<\/p>\n<p><a href=\"http:\/\/nyanpereira.fr\/dessinateur\/gallery\/restauration-cirque-decoration-vitrine-peinte-main\/\"><img loading=\"lazy\" class=\"alignleft wp-image-4599 \" src=\"http:\/\/nyanpereira.fr\/dessinateur\/wp-content\/uploads\/2017\/03\/rough.croquis.peinture.vitrines.printemps.decoration.irlandaisest.patrick.event_.2-300x212.png\" alt=\"\" width=\"245\" height=\"187\" \/><\/a><a href=\"http:\/\/nyanpereira.fr\/dessinateur\/gallery\/restauration-cirque-decoration-vitrine-peinte-main\/\"><img loading=\"lazy\" class=\"alignleft wp-image-4601 size-medium\" src=\"http:\/\/nyanpereira.fr\/dessinateur\/wp-content\/uploads\/2017\/03\/vitrines.peintes.printemps.decoration.irlandaisest.patrick.event_.3-300x212.png\" alt=\"\" width=\"245\" height=\"187\" \/><\/a><\/p>\n<p>[\/section]<br \/>\n[\/accordion]<\/p>\n<p><img loading=\"lazy\" class=\"alignleft size-full wp-image-4239\" src=\"http:\/\/nyanpereira.fr\/dessinateur\/wp-content\/uploads\/2014\/03\/Vitrine.peinte.decoration.jeux_.olympique.summer.jpg\" alt=\"Vitrine.peinte.decoration.jeux.olympique.summer\" width=\"3508\" height=\"2480\" \/><\/p>\n<p><img loading=\"lazy\" class=\"alignleft size-full wp-image-4240\" src=\"http:\/\/nyanpereira.fr\/dessinateur\/wp-content\/uploads\/2014\/03\/Vitrine.peinte.decoration.jeux_.olympique.summer2.jpg\" alt=\"Vitrine.peinte.decoration.jeux.olympique.summer2\" width=\"3508\" height=\"2480\" \/><\/p>\n<p><img loading=\"lazy\" class=\"alignleft size-full wp-image-4241\" src=\"http:\/\/nyanpereira.fr\/dessinateur\/wp-content\/uploads\/2014\/03\/Vitrine.peinte.decoration.jeux_.olympique.summer3.jpg\" alt=\"Vitrine.peinte.decoration.jeux.olympique.summer3\" width=\"3508\" height=\"2480\" \/><\/p>\n<p><img loading=\"lazy\" class=\"alignleft size-full wp-image-4242\" src=\"http:\/\/nyanpereira.fr\/dessinateur\/wp-content\/uploads\/2014\/03\/Vitrine.peinte.decoration.jeux_.olympique.summer4.png\" alt=\"Vitrine.peinte.decoration.jeux.olympique.summer4\" width=\"566\" height=\"811\" \/><\/p>\n<p><img loading=\"lazy\" class=\"alignleft size-full wp-image-4243\" src=\"http:\/\/nyanpereira.fr\/dessinateur\/wp-content\/uploads\/2014\/03\/Vitrine.peinte.decoration.jeux_.olympique.summer5.png\" alt=\"Vitrine.peinte.decoration.jeux.olympique.summer5\" width=\"813\" height=\"607\" \/><\/p>\n","protected":false},"excerpt":{"rendered":"","protected":false},"author":1,"featured_media":4243,"comment_status":"closed","ping_status":"closed","sticky":false,"template":"","format":"standard","meta":[],"categories":[80],"tags":[260,256,258,282,255,254,267],"yoast_head":"<!-- This site is optimized with the Yoast SEO plugin v17.9 - https:\/\/yoast.com\/wordpress\/plugins\/seo\/ -->\n<title>Vitrine Olympique - Service Cr\u00e9atif &amp; Pr\u00e9sentation Artistique<\/title>\n<meta name=\"robots\" content=\"index, follow, max-snippet:-1, max-image-preview:large, max-video-preview:-1\" \/>\n<link rel=\"canonical\" href=\"https:\/\/nyanpereira.fr\/dessinateur\/decoration-vitrine-peinte-jeux-olympique-2016\/\" \/>\n<meta property=\"og:locale\" content=\"fr_FR\" \/>\n<meta property=\"og:type\" content=\"article\" \/>\n<meta property=\"og:title\" content=\"Vitrine Olympique - Service Cr\u00e9atif &amp; Pr\u00e9sentation Artistique\" \/>\n<meta property=\"og:url\" content=\"https:\/\/nyanpereira.fr\/dessinateur\/decoration-vitrine-peinte-jeux-olympique-2016\/\" \/>\n<meta property=\"og:site_name\" content=\"Service Cr\u00e9atif &amp; Pr\u00e9sentation Artistique\" \/>\n<meta property=\"article:published_time\" content=\"2016-07-07T13:45:58+00:00\" \/>\n<meta property=\"article:modified_time\" content=\"2020-04-04T12:35:48+00:00\" \/>\n<meta property=\"og:image\" content=\"https:\/\/nyanpereira.fr\/dessinateur\/wp-content\/uploads\/2014\/03\/Vitrine.peinte.decoration.jeux_.olympique.summer5.png\" \/>\n\t<meta property=\"og:image:width\" content=\"813\" \/>\n\t<meta property=\"og:image:height\" content=\"607\" \/>\n\t<meta property=\"og:image:type\" content=\"image\/png\" \/>\n<meta name=\"twitter:card\" content=\"summary_large_image\" \/>\n<meta name=\"twitter:label1\" content=\"\u00c9crit par\" \/>\n\t<meta name=\"twitter:data1\" content=\"dessinateur\" \/>\n\t<meta name=\"twitter:label2\" content=\"Dur\u00e9e de lecture estim\u00e9e\" \/>\n\t<meta name=\"twitter:data2\" content=\"1 minute\" \/>\n<script type=\"application\/ld+json\" class=\"yoast-schema-graph\">{\"@context\":\"https:\/\/schema.org\",\"@graph\":[{\"@type\":\"Organization\",\"@id\":\"https:\/\/nyanpereira.fr\/dessinateur\/#organization\",\"name\":\"storyboarder Freelance\",\"url\":\"https:\/\/nyanpereira.fr\/dessinateur\/\",\"sameAs\":[],\"logo\":{\"@type\":\"ImageObject\",\"@id\":\"https:\/\/nyanpereira.fr\/dessinateur\/#logo\",\"inLanguage\":\"fr-FR\",\"url\":\"\",\"contentUrl\":\"\",\"caption\":\"storyboarder Freelance\"},\"image\":{\"@id\":\"https:\/\/nyanpereira.fr\/dessinateur\/#logo\"}},{\"@type\":\"WebSite\",\"@id\":\"https:\/\/nyanpereira.fr\/dessinateur\/#website\",\"url\":\"https:\/\/nyanpereira.fr\/dessinateur\/\",\"name\":\"Service Cr\\u00e9atif &amp; Pr\\u00e9sentation Artistique\",\"description\":\"Roughs, Storyboard, Antimatic &amp; Photomontage\",\"publisher\":{\"@id\":\"https:\/\/nyanpereira.fr\/dessinateur\/#organization\"},\"potentialAction\":[{\"@type\":\"SearchAction\",\"target\":{\"@type\":\"EntryPoint\",\"urlTemplate\":\"https:\/\/nyanpereira.fr\/dessinateur\/?s={search_term_string}\"},\"query-input\":\"required name=search_term_string\"}],\"inLanguage\":\"fr-FR\"},{\"@type\":\"ImageObject\",\"@id\":\"https:\/\/nyanpereira.fr\/dessinateur\/decoration-vitrine-peinte-jeux-olympique-2016\/#primaryimage\",\"inLanguage\":\"fr-FR\",\"url\":\"https:\/\/nyanpereira.fr\/dessinateur\/wp-content\/uploads\/2014\/03\/Vitrine.peinte.decoration.jeux_.olympique.summer5.png\",\"contentUrl\":\"https:\/\/nyanpereira.fr\/dessinateur\/wp-content\/uploads\/2014\/03\/Vitrine.peinte.decoration.jeux_.olympique.summer5.png\",\"width\":813,\"height\":607},{\"@type\":\"WebPage\",\"@id\":\"https:\/\/nyanpereira.fr\/dessinateur\/decoration-vitrine-peinte-jeux-olympique-2016\/#webpage\",\"url\":\"https:\/\/nyanpereira.fr\/dessinateur\/decoration-vitrine-peinte-jeux-olympique-2016\/\",\"name\":\"Vitrine Olympique - Service Cr\\u00e9atif &amp; Pr\\u00e9sentation Artistique\",\"isPartOf\":{\"@id\":\"https:\/\/nyanpereira.fr\/dessinateur\/#website\"},\"primaryImageOfPage\":{\"@id\":\"https:\/\/nyanpereira.fr\/dessinateur\/decoration-vitrine-peinte-jeux-olympique-2016\/#primaryimage\"},\"datePublished\":\"2016-07-07T13:45:58+00:00\",\"dateModified\":\"2020-04-04T12:35:48+00:00\",\"breadcrumb\":{\"@id\":\"https:\/\/nyanpereira.fr\/dessinateur\/decoration-vitrine-peinte-jeux-olympique-2016\/#breadcrumb\"},\"inLanguage\":\"fr-FR\",\"potentialAction\":[{\"@type\":\"ReadAction\",\"target\":[\"https:\/\/nyanpereira.fr\/dessinateur\/decoration-vitrine-peinte-jeux-olympique-2016\/\"]}]},{\"@type\":\"BreadcrumbList\",\"@id\":\"https:\/\/nyanpereira.fr\/dessinateur\/decoration-vitrine-peinte-jeux-olympique-2016\/#breadcrumb\",\"itemListElement\":[{\"@type\":\"ListItem\",\"position\":1,\"name\":\"Accueil\",\"item\":\"https:\/\/nyanpereira.fr\/dessinateur\/\"},{\"@type\":\"ListItem\",\"position\":2,\"name\":\"Vitrine Olympique\"}]},{\"@type\":\"Article\",\"@id\":\"https:\/\/nyanpereira.fr\/dessinateur\/decoration-vitrine-peinte-jeux-olympique-2016\/#article\",\"isPartOf\":{\"@id\":\"https:\/\/nyanpereira.fr\/dessinateur\/decoration-vitrine-peinte-jeux-olympique-2016\/#webpage\"},\"author\":{\"@id\":\"https:\/\/nyanpereira.fr\/dessinateur\/#\/schema\/person\/d771f144e8b1bdf8b790b02ba31f71d2\"},\"headline\":\"Vitrine Olympique\",\"datePublished\":\"2016-07-07T13:45:58+00:00\",\"dateModified\":\"2020-04-04T12:35:48+00:00\",\"mainEntityOfPage\":{\"@id\":\"https:\/\/nyanpereira.fr\/dessinateur\/decoration-vitrine-peinte-jeux-olympique-2016\/#webpage\"},\"wordCount\":196,\"publisher\":{\"@id\":\"https:\/\/nyanpereira.fr\/dessinateur\/#organization\"},\"image\":{\"@id\":\"https:\/\/nyanpereira.fr\/dessinateur\/decoration-vitrine-peinte-jeux-olympique-2016\/#primaryimage\"},\"thumbnailUrl\":\"https:\/\/nyanpereira.fr\/dessinateur\/wp-content\/uploads\/2014\/03\/Vitrine.peinte.decoration.jeux_.olympique.summer5.png\",\"keywords\":[\"#decoarationbar\",\"#d\\u00e9coration\\u00e9v\\u00e8nement\",\"#d\\u00e9corationsportive\",\"#vitrineartistique\",\"#vitrinepeinte\",\"D\\u00e9coration vitrine\",\"Vitrines Magasins originales\"],\"articleSection\":[\"Peinture sur Vitrine Magasin\"],\"inLanguage\":\"fr-FR\"},{\"@type\":\"Person\",\"@id\":\"https:\/\/nyanpereira.fr\/dessinateur\/#\/schema\/person\/d771f144e8b1bdf8b790b02ba31f71d2\",\"name\":\"dessinateur\",\"image\":{\"@type\":\"ImageObject\",\"@id\":\"https:\/\/nyanpereira.fr\/dessinateur\/#personlogo\",\"inLanguage\":\"fr-FR\",\"url\":\"https:\/\/secure.gravatar.com\/avatar\/acd3615833cd4e0b23d9f45973008c34?s=96&d=mm&r=g\",\"contentUrl\":\"https:\/\/secure.gravatar.com\/avatar\/acd3615833cd4e0b23d9f45973008c34?s=96&d=mm&r=g\",\"caption\":\"dessinateur\"},\"url\":\"https:\/\/nyanpereira.fr\/dessinateur\/author\/dessinateur\/\"}]}<\/script>\n<!-- \/ Yoast SEO plugin. -->","yoast_head_json":{"title":"Vitrine Olympique - Service Cr\u00e9atif &amp; Pr\u00e9sentation Artistique","robots":{"index":"index","follow":"follow","max-snippet":"max-snippet:-1","max-image-preview":"max-image-preview:large","max-video-preview":"max-video-preview:-1"},"canonical":"https:\/\/nyanpereira.fr\/dessinateur\/decoration-vitrine-peinte-jeux-olympique-2016\/","og_locale":"fr_FR","og_type":"article","og_title":"Vitrine Olympique - Service Cr\u00e9atif &amp; Pr\u00e9sentation Artistique","og_url":"https:\/\/nyanpereira.fr\/dessinateur\/decoration-vitrine-peinte-jeux-olympique-2016\/","og_site_name":"Service Cr\u00e9atif &amp; Pr\u00e9sentation Artistique","article_published_time":"2016-07-07T13:45:58+00:00","article_modified_time":"2020-04-04T12:35:48+00:00","og_image":[{"width":813,"height":607,"url":"https:\/\/nyanpereira.fr\/dessinateur\/wp-content\/uploads\/2014\/03\/Vitrine.peinte.decoration.jeux_.olympique.summer5.png","type":"image\/png"}],"twitter_card":"summary_large_image","twitter_misc":{"\u00c9crit par":"dessinateur","Dur\u00e9e de lecture estim\u00e9e":"1 minute"},"schema":{"@context":"https:\/\/schema.org","@graph":[{"@type":"Organization","@id":"https:\/\/nyanpereira.fr\/dessinateur\/#organization","name":"storyboarder Freelance","url":"https:\/\/nyanpereira.fr\/dessinateur\/","sameAs":[],"logo":{"@type":"ImageObject","@id":"https:\/\/nyanpereira.fr\/dessinateur\/#logo","inLanguage":"fr-FR","url":"","contentUrl":"","caption":"storyboarder Freelance"},"image":{"@id":"https:\/\/nyanpereira.fr\/dessinateur\/#logo"}},{"@type":"WebSite","@id":"https:\/\/nyanpereira.fr\/dessinateur\/#website","url":"https:\/\/nyanpereira.fr\/dessinateur\/","name":"Service Cr\u00e9atif &amp; Pr\u00e9sentation Artistique","description":"Roughs, Storyboard, Antimatic &amp; Photomontage","publisher":{"@id":"https:\/\/nyanpereira.fr\/dessinateur\/#organization"},"potentialAction":[{"@type":"SearchAction","target":{"@type":"EntryPoint","urlTemplate":"https:\/\/nyanpereira.fr\/dessinateur\/?s={search_term_string}"},"query-input":"required name=search_term_string"}],"inLanguage":"fr-FR"},{"@type":"ImageObject","@id":"https:\/\/nyanpereira.fr\/dessinateur\/decoration-vitrine-peinte-jeux-olympique-2016\/#primaryimage","inLanguage":"fr-FR","url":"https:\/\/nyanpereira.fr\/dessinateur\/wp-content\/uploads\/2014\/03\/Vitrine.peinte.decoration.jeux_.olympique.summer5.png","contentUrl":"https:\/\/nyanpereira.fr\/dessinateur\/wp-content\/uploads\/2014\/03\/Vitrine.peinte.decoration.jeux_.olympique.summer5.png","width":813,"height":607},{"@type":"WebPage","@id":"https:\/\/nyanpereira.fr\/dessinateur\/decoration-vitrine-peinte-jeux-olympique-2016\/#webpage","url":"https:\/\/nyanpereira.fr\/dessinateur\/decoration-vitrine-peinte-jeux-olympique-2016\/","name":"Vitrine Olympique - Service Cr\u00e9atif &amp; Pr\u00e9sentation Artistique","isPartOf":{"@id":"https:\/\/nyanpereira.fr\/dessinateur\/#website"},"primaryImageOfPage":{"@id":"https:\/\/nyanpereira.fr\/dessinateur\/decoration-vitrine-peinte-jeux-olympique-2016\/#primaryimage"},"datePublished":"2016-07-07T13:45:58+00:00","dateModified":"2020-04-04T12:35:48+00:00","breadcrumb":{"@id":"https:\/\/nyanpereira.fr\/dessinateur\/decoration-vitrine-peinte-jeux-olympique-2016\/#breadcrumb"},"inLanguage":"fr-FR","potentialAction":[{"@type":"ReadAction","target":["https:\/\/nyanpereira.fr\/dessinateur\/decoration-vitrine-peinte-jeux-olympique-2016\/"]}]},{"@type":"BreadcrumbList","@id":"https:\/\/nyanpereira.fr\/dessinateur\/decoration-vitrine-peinte-jeux-olympique-2016\/#breadcrumb","itemListElement":[{"@type":"ListItem","position":1,"name":"Accueil","item":"https:\/\/nyanpereira.fr\/dessinateur\/"},{"@type":"ListItem","position":2,"name":"Vitrine Olympique"}]},{"@type":"Article","@id":"https:\/\/nyanpereira.fr\/dessinateur\/decoration-vitrine-peinte-jeux-olympique-2016\/#article","isPartOf":{"@id":"https:\/\/nyanpereira.fr\/dessinateur\/decoration-vitrine-peinte-jeux-olympique-2016\/#webpage"},"author":{"@id":"https:\/\/nyanpereira.fr\/dessinateur\/#\/schema\/person\/d771f144e8b1bdf8b790b02ba31f71d2"},"headline":"Vitrine Olympique","datePublished":"2016-07-07T13:45:58+00:00","dateModified":"2020-04-04T12:35:48+00:00","mainEntityOfPage":{"@id":"https:\/\/nyanpereira.fr\/dessinateur\/decoration-vitrine-peinte-jeux-olympique-2016\/#webpage"},"wordCount":196,"publisher":{"@id":"https:\/\/nyanpereira.fr\/dessinateur\/#organization"},"image":{"@id":"https:\/\/nyanpereira.fr\/dessinateur\/decoration-vitrine-peinte-jeux-olympique-2016\/#primaryimage"},"thumbnailUrl":"https:\/\/nyanpereira.fr\/dessinateur\/wp-content\/uploads\/2014\/03\/Vitrine.peinte.decoration.jeux_.olympique.summer5.png","keywords":["#decoarationbar","#d\u00e9coration\u00e9v\u00e8nement","#d\u00e9corationsportive","#vitrineartistique","#vitrinepeinte","D\u00e9coration vitrine","Vitrines Magasins originales"],"articleSection":["Peinture sur Vitrine Magasin"],"inLanguage":"fr-FR"},{"@type":"Person","@id":"https:\/\/nyanpereira.fr\/dessinateur\/#\/schema\/person\/d771f144e8b1bdf8b790b02ba31f71d2","name":"dessinateur","image":{"@type":"ImageObject","@id":"https:\/\/nyanpereira.fr\/dessinateur\/#personlogo","inLanguage":"fr-FR","url":"https:\/\/secure.gravatar.com\/avatar\/acd3615833cd4e0b23d9f45973008c34?s=96&d=mm&r=g","contentUrl":"https:\/\/secure.gravatar.com\/avatar\/acd3615833cd4e0b23d9f45973008c34?s=96&d=mm&r=g","caption":"dessinateur"},"url":"https:\/\/nyanpereira.fr\/dessinateur\/author\/dessinateur\/"}]}},"_links":{"self":[{"href":"https:\/\/nyanpereira.fr\/dessinateur\/wp-json\/wp\/v2\/posts\/4244"}],"collection":[{"href":"https:\/\/nyanpereira.fr\/dessinateur\/wp-json\/wp\/v2\/posts"}],"about":[{"href":"https:\/\/nyanpereira.fr\/dessinateur\/wp-json\/wp\/v2\/types\/post"}],"author":[{"embeddable":true,"href":"https:\/\/nyanpereira.fr\/dessinateur\/wp-json\/wp\/v2\/users\/1"}],"replies":[{"embeddable":true,"href":"https:\/\/nyanpereira.fr\/dessinateur\/wp-json\/wp\/v2\/comments?post=4244"}],"version-history":[{"count":24,"href":"https:\/\/nyanpereira.fr\/dessinateur\/wp-json\/wp\/v2\/posts\/4244\/revisions"}],"predecessor-version":[{"id":7611,"href":"https:\/\/nyanpereira.fr\/dessinateur\/wp-json\/wp\/v2\/posts\/4244\/revisions\/7611"}],"wp:featuredmedia":[{"embeddable":true,"href":"https:\/\/nyanpereira.fr\/dessinateur\/wp-json\/wp\/v2\/media\/4243"}],"wp:attachment":[{"href":"https:\/\/nyanpereira.fr\/dessinateur\/wp-json\/wp\/v2\/media?parent=4244"}],"wp:term":[{"taxonomy":"category","embeddable":true,"href":"https:\/\/nyanpereira.fr\/dessinateur\/wp-json\/wp\/v2\/categories?post=4244"},{"taxonomy":"post_tag","embeddable":true,"href":"https:\/\/nyanpereira.fr\/dessinateur\/wp-json\/wp\/v2\/tags?post=4244"}],"curies":[{"name":"wp","href":"https:\/\/api.w.org\/{rel}","templated":true}]}}