{"id":3911,"date":"2016-06-10T16:37:44","date_gmt":"2016-06-10T15:37:44","guid":{"rendered":"http:\/\/nyanpereira.fr\/dessinateur\/?p=3911"},"modified":"2020-01-31T15:49:23","modified_gmt":"2020-01-31T14:49:23","slug":"vitrines-peintes-2015-2016","status":"publish","type":"post","link":"https:\/\/nyanpereira.fr\/dessinateur\/vitrines-peintes-2015-2016\/","title":{"rendered":"Vitrines Peintes \u00e0 la Mains"},"content":{"rendered":"<h4>Mettons en <span style=\"color: #611487;\">ambiance<\/span> vos vitrines et vos magasins :<\/h4>\n<p>Artisans, Commer\u00e7ants, Boutiques, centres commerciaux, hypermarch\u00e9s et leurs galeries pour annoncer un \u00e9v\u00e8nement, une op\u00e9ration, une saison, une f\u00eate&#8230; <strong> Avec une d\u00e9coration originale des vitrines de vos espaces.<\/strong><\/p>\n<p>\u00c9quipe de professionnels rod\u00e9s aux probl\u00e8mes techniques du terrain, Nous serons produire vos d\u00e9corations dans les meilleurs d\u00e9lais. Nous r\u00e9alisons les d\u00e9corations en respectant conform\u00e9ment au dossier valid\u00e9 ensemble.<\/p>\n<p><a href=\"http:\/\/nyanpereira.fr\/dessinateur\/vitrines-peintes-2015-2016\/\"><img loading=\"lazy\" class=\"alignleft wp-image-4039 size-full\" src=\"http:\/\/nyanpereira.fr\/dessinateur\/wp-content\/uploads\/2016\/06\/Vitrine.de\u0301coration-RIO.2016.jeux_.olympiquesBresil.jpg\" alt=\"Vitrine.de\u0301coration-RIO.2016.jeux.olympiquesBresil\" width=\"1754\" height=\"1240\" \/><\/a><\/p>\n<p><span style=\"color: #999999;\"><em>Exemples de recherches d\u00e9ssin\u00e9es mises en situation. (Op\u00e9ration Euro 2016 &amp; Rio 2016 : <\/em><\/span>Jeux olympiques)<\/p>\n<p>[accordion collapsible=\u00a0\u00bbtrue\u00a0\u00bb framed=\u00a0\u00bbfalse\u00a0\u00bb]<br \/>\n[section title=\u00a0\u00bbLes \u00e9tapes de r\u00e9alisation d&rsquo;une d\u00e9coration vitrine\u00a0\u00bb]<\/p>\n<h5>Prestation cr\u00e9ative &amp; <span style=\"color: #611487;\">Art \u00e9ph\u00e9m\u00e8re<\/span> :<\/h5>\n<p>1- <strong>Brief client :<\/strong> Choix du th\u00e8me &amp; Photos des vitrines \u00e0 travailler.<br \/>\n2- <strong>\u00c9tude du projet<\/strong> et <strong>Pr\u00e9sentation d&rsquo;un cahier des charges<\/strong>. (crayonn\u00e9s, composition en couleur, mise en situation photomontage)<br \/>\n3- <strong>Production<\/strong> &amp; <a href=\"http:\/\/nyanpereira.fr\/dessinateur\/gallery\/restauration-cirque-decoration-vitrine-peinte-main\/\">R\u00e9alisation<\/a> des peintures, vitrines ou supports.<br \/>\n4- <strong>Nettoyage Rapide<\/strong> &amp; Peinture \u00e0 l&rsquo;eau 100 % recyclable<\/p>\n<h5>Un <span style=\"color: #611487;\">art<\/span> qui r\u00e9pond \u00e0 vos attentes toute l&rsquo;ann\u00e9e :<\/h5>\n<blockquote><p>&#8211; Op\u00e9rations vitrines Int\u00e9rieure &amp; Ext\u00e9rieure. <a href=\"http:\/\/nyanpereira.fr\/dessinateur\/decoration-vitrine-peinte-a-la-main\/\">voir vid\u00e9o<\/a><br \/>\n&#8211; Cr\u00e9ation &amp; Pose de sticker Vitrine.<br \/>\n&#8211; Production de support rigide peint. <em>(Bois, Dibon, Pvc, etc\u2026)<\/em><br \/>\n&#8211; Location de d\u00e9coration Peinte. <em>(No\u00eal, P\u00e2ques, St Patrick, Euro 2016, RI0 2016 \u2026)<\/em><\/p><\/blockquote>\n<p><img loading=\"lazy\" class=\"alignleft wp-image-4599 size-medium\" src=\"http:\/\/nyanpereira.fr\/dessinateur\/wp-content\/uploads\/2017\/03\/rough.croquis.peinture.vitrines.printemps.decoration.irlandaisest.patrick.event_.2-300x212.png\" alt=\"\" width=\"300\" height=\"212\" \/><img loading=\"lazy\" class=\"alignleft wp-image-4601 size-medium\" src=\"http:\/\/nyanpereira.fr\/dessinateur\/wp-content\/uploads\/2017\/03\/vitrines.peintes.printemps.decoration.irlandaisest.patrick.event_.3-300x212.png\" alt=\"\" width=\"300\" height=\"212\" \/><\/p>\n<p>[\/section]<br \/>\n[section title=\u00a0\u00bbR\u00e9f\u00e9rences &#038; D\u00e9corations vitrines\u00a0\u00bb]<\/p>\n<p><a href=\"http:\/\/nyanpereira.fr\/dessinateur\/vitrines-peintes-2015-2016\/\"><img loading=\"lazy\" class=\"alignleft wp-image-4041 size-full\" src=\"http:\/\/nyanpereira.fr\/dessinateur\/wp-content\/uploads\/2016\/06\/Vitrine.peinte.de\u0301coration.euro_.2016.event_..jpg\" alt=\"Vitrine.peinte.de\u0301coration.euro.2016.event.\" width=\"1754\" height=\"1240\" \/><\/a><a href=\"http:\/\/nyanpereira.fr\/dessinateur\/vitrines-peintes-2015-2016\/\"><img loading=\"lazy\" class=\"alignleft wp-image-4049 size-full\" src=\"http:\/\/nyanpereira.fr\/dessinateur\/wp-content\/uploads\/2016\/06\/Vitrine.peinte.de\u0301corationEuro2016.event_.restaurant.jpg\" alt=\"Vitrine.peinte.de\u0301corationEuro2016.event.restaurant\" width=\"1754\" height=\"1240\" \/><\/a><\/p>\n<p><a href=\"http:\/\/nyanpereira.fr\/dessinateur\/vitrines-peintes-2015-2016\/\"><img loading=\"lazy\" class=\"alignleft wp-image-4042 size-full\" src=\"http:\/\/nyanpereira.fr\/dessinateur\/wp-content\/uploads\/2016\/06\/Vitrine.peinte.de\u0301coration.euro2016.football.jpg\" alt=\"Vitrine.peinte.de\u0301coration.euro2016.football\" width=\"1754\" height=\"1240\" \/><\/a><\/p>\n<p><img loading=\"lazy\" class=\"alignleft size-full wp-image-4046\" src=\"http:\/\/nyanpereira.fr\/dessinateur\/wp-content\/uploads\/2016\/06\/Vitrine.peinte.de\u0301coration.Printemps.provence.champ_.lavande.jpg\" alt=\"Vitrine.peinte.de\u0301coration.Printemps.provence.champ.lavande\" width=\"1754\" height=\"1240\" \/><\/p>\n<p><img loading=\"lazy\" class=\"alignleft size-full wp-image-4045\" src=\"http:\/\/nyanpereira.fr\/dessinateur\/wp-content\/uploads\/2016\/06\/Vitrine.peinte.de\u0301coration.prinemps.fleurs.jpg\" alt=\"Vitrine.peinte.de\u0301coration.prinemps.fleurs\" width=\"1754\" height=\"1240\" \/><\/p>\n<p><img loading=\"lazy\" class=\"alignleft size-full wp-image-4048\" src=\"http:\/\/nyanpereira.fr\/dessinateur\/wp-content\/uploads\/2016\/06\/Vitrine.peinte.de\u0301coration9.jpg\" alt=\"Vitrine.peinte.de\u0301coration9\" width=\"1754\" height=\"1240\" \/><\/p>\n<p><img loading=\"lazy\" class=\"alignleft size-full wp-image-4047\" src=\"http:\/\/nyanpereira.fr\/dessinateur\/wp-content\/uploads\/2016\/06\/Vitrine.peinte.de\u0301coration.st_.patrick.bie\u0300re.animation.jpg\" alt=\"Vitrine.peinte.de\u0301coration.st.patrick.bie\u0300re.animation\" width=\"1754\" height=\"1240\" \/><\/p>\n<p><img loading=\"lazy\" class=\"alignleft size-full wp-image-4043\" src=\"http:\/\/nyanpereira.fr\/dessinateur\/wp-content\/uploads\/2016\/06\/Vitrine.peinte.de\u0301coration.happy_.st-patrick.irish-pub.jpg\" alt=\"Vitrine.peinte.de\u0301coration.happy.st-patrick.irish-pub\" width=\"1754\" height=\"1240\" \/><\/p>\n<p><a href=\"http:\/\/nyanpereira.fr\/dessinateur\/vitrines-peintes-2015-2016\/\"><img loading=\"lazy\" class=\"alignleft size-full wp-image-3910\" src=\"http:\/\/nyanpereira.fr\/dessinateur\/wp-content\/uploads\/2014\/03\/CAT2016.5.jpg\" alt=\"CAT2016.5\" width=\"2126\" height=\"1503\" \/><\/a><\/p>\n<p><a href=\"http:\/\/nyanpereira.fr\/dessinateur\/vitrines-peintes-2015-2016\/\"><img loading=\"lazy\" class=\"alignleft size-full wp-image-3909\" src=\"http:\/\/nyanpereira.fr\/dessinateur\/wp-content\/uploads\/2014\/03\/CAT2016.4.jpg\" alt=\"CAT2016.4\" width=\"2126\" height=\"1503\" \/><\/a><\/p>\n<p><a href=\"http:\/\/nyanpereira.fr\/dessinateur\/vitrines-peintes-2015-2016\/\"><img loading=\"lazy\" class=\"alignleft size-full wp-image-3908\" src=\"http:\/\/nyanpereira.fr\/dessinateur\/wp-content\/uploads\/2014\/03\/CAT2016.3.jpg\" alt=\"CAT2016.3\" width=\"2126\" height=\"1503\" \/><\/a><\/p>\n<p><a href=\"http:\/\/nyanpereira.fr\/dessinateur\/vitrines-peintes-2015-2016\/\"><img loading=\"lazy\" class=\"alignleft size-full wp-image-3907\" src=\"http:\/\/nyanpereira.fr\/dessinateur\/wp-content\/uploads\/2014\/03\/CAT2016.2.jpg\" alt=\"CAT2016.2\" width=\"2126\" height=\"1503\" \/><\/a><\/p>\n<p><a href=\"http:\/\/nyanpereira.fr\/dessinateur\/vitrines-peintes-2015-2016\/\"><img loading=\"lazy\" class=\"alignleft size-full wp-image-3906\" src=\"http:\/\/nyanpereira.fr\/dessinateur\/wp-content\/uploads\/2014\/03\/CAT2016.1.jpg\" alt=\"CAT2016.1\" width=\"2126\" height=\"1503\" \/><\/a><\/p>\n<p><img loading=\"lazy\" class=\"alignleft size-full wp-image-4050\" src=\"http:\/\/nyanpereira.fr\/dessinateur\/wp-content\/uploads\/2016\/06\/Vitrine.peinte.de\u0301corationst-patrick.rugby_.6nation.jpg\" alt=\"Vitrine.peinte.de\u0301corationst-patrick.rugby.6nation\" width=\"1754\" height=\"1240\" \/><\/p>\n<p><strong>Merci \u00e0 l&rsquo;\u00e9quipe et aux artistes pour leurs travailles et leurs talents :<\/strong> J.Parigi \/ M.Faure \/ M.Ayme \/ Y.Pereira.<\/p>\n<p>[\/section]<br \/>\n[\/accordion]<\/p>\n","protected":false},"excerpt":{"rendered":"","protected":false},"author":1,"featured_media":0,"comment_status":"closed","ping_status":"closed","sticky":false,"template":"","format":"gallery","meta":[],"categories":[80],"tags":[258,282,288,232,218,254,266,267,233],"yoast_head":"<!-- This site is optimized with the Yoast SEO plugin v17.9 - https:\/\/yoast.com\/wordpress\/plugins\/seo\/ -->\n<title>Vitrines Peintes \u00e0 la Mains - Service Cr\u00e9atif &amp; Pr\u00e9sentation Artistique<\/title>\n<meta name=\"robots\" content=\"index, follow, max-snippet:-1, max-image-preview:large, max-video-preview:-1\" \/>\n<link rel=\"canonical\" href=\"https:\/\/nyanpereira.fr\/dessinateur\/vitrines-peintes-2015-2016\/\" \/>\n<meta property=\"og:locale\" content=\"fr_FR\" \/>\n<meta property=\"og:type\" content=\"article\" \/>\n<meta property=\"og:title\" content=\"Vitrines Peintes \u00e0 la Mains - Service Cr\u00e9atif &amp; Pr\u00e9sentation Artistique\" \/>\n<meta property=\"og:url\" content=\"https:\/\/nyanpereira.fr\/dessinateur\/vitrines-peintes-2015-2016\/\" \/>\n<meta property=\"og:site_name\" content=\"Service Cr\u00e9atif &amp; Pr\u00e9sentation Artistique\" \/>\n<meta property=\"article:published_time\" content=\"2016-06-10T15:37:44+00:00\" \/>\n<meta property=\"article:modified_time\" content=\"2020-01-31T14:49:23+00:00\" \/>\n<meta property=\"og:image\" content=\"http:\/\/nyanpereira.fr\/dessinateur\/wp-content\/uploads\/2016\/06\/Vitrine.de\u0301coration-RIO.2016.jeux_.olympiquesBresil.jpg\" \/>\n<meta name=\"twitter:card\" content=\"summary_large_image\" \/>\n<meta name=\"twitter:label1\" content=\"\u00c9crit par\" \/>\n\t<meta name=\"twitter:data1\" content=\"dessinateur\" \/>\n\t<meta name=\"twitter:label2\" content=\"Dur\u00e9e de lecture estim\u00e9e\" \/>\n\t<meta name=\"twitter:data2\" content=\"1 minute\" \/>\n<script type=\"application\/ld+json\" class=\"yoast-schema-graph\">{\"@context\":\"https:\/\/schema.org\",\"@graph\":[{\"@type\":\"Organization\",\"@id\":\"https:\/\/nyanpereira.fr\/dessinateur\/#organization\",\"name\":\"storyboarder Freelance\",\"url\":\"https:\/\/nyanpereira.fr\/dessinateur\/\",\"sameAs\":[],\"logo\":{\"@type\":\"ImageObject\",\"@id\":\"https:\/\/nyanpereira.fr\/dessinateur\/#logo\",\"inLanguage\":\"fr-FR\",\"url\":\"\",\"contentUrl\":\"\",\"caption\":\"storyboarder Freelance\"},\"image\":{\"@id\":\"https:\/\/nyanpereira.fr\/dessinateur\/#logo\"}},{\"@type\":\"WebSite\",\"@id\":\"https:\/\/nyanpereira.fr\/dessinateur\/#website\",\"url\":\"https:\/\/nyanpereira.fr\/dessinateur\/\",\"name\":\"Service Cr\\u00e9atif &amp; Pr\\u00e9sentation Artistique\",\"description\":\"Roughs, Storyboard, Antimatic &amp; Photomontage\",\"publisher\":{\"@id\":\"https:\/\/nyanpereira.fr\/dessinateur\/#organization\"},\"potentialAction\":[{\"@type\":\"SearchAction\",\"target\":{\"@type\":\"EntryPoint\",\"urlTemplate\":\"https:\/\/nyanpereira.fr\/dessinateur\/?s={search_term_string}\"},\"query-input\":\"required name=search_term_string\"}],\"inLanguage\":\"fr-FR\"},{\"@type\":\"ImageObject\",\"@id\":\"https:\/\/nyanpereira.fr\/dessinateur\/vitrines-peintes-2015-2016\/#primaryimage\",\"inLanguage\":\"fr-FR\",\"url\":\"http:\/\/nyanpereira.fr\/dessinateur\/wp-content\/uploads\/2016\/06\/Vitrine.de\\u0301coration-RIO.2016.jeux_.olympiquesBresil.jpg\",\"contentUrl\":\"http:\/\/nyanpereira.fr\/dessinateur\/wp-content\/uploads\/2016\/06\/Vitrine.de\\u0301coration-RIO.2016.jeux_.olympiquesBresil.jpg\"},{\"@type\":\"WebPage\",\"@id\":\"https:\/\/nyanpereira.fr\/dessinateur\/vitrines-peintes-2015-2016\/#webpage\",\"url\":\"https:\/\/nyanpereira.fr\/dessinateur\/vitrines-peintes-2015-2016\/\",\"name\":\"Vitrines Peintes \\u00e0 la Mains - Service Cr\\u00e9atif &amp; Pr\\u00e9sentation Artistique\",\"isPartOf\":{\"@id\":\"https:\/\/nyanpereira.fr\/dessinateur\/#website\"},\"primaryImageOfPage\":{\"@id\":\"https:\/\/nyanpereira.fr\/dessinateur\/vitrines-peintes-2015-2016\/#primaryimage\"},\"datePublished\":\"2016-06-10T15:37:44+00:00\",\"dateModified\":\"2020-01-31T14:49:23+00:00\",\"breadcrumb\":{\"@id\":\"https:\/\/nyanpereira.fr\/dessinateur\/vitrines-peintes-2015-2016\/#breadcrumb\"},\"inLanguage\":\"fr-FR\",\"potentialAction\":[{\"@type\":\"ReadAction\",\"target\":[\"https:\/\/nyanpereira.fr\/dessinateur\/vitrines-peintes-2015-2016\/\"]}]},{\"@type\":\"BreadcrumbList\",\"@id\":\"https:\/\/nyanpereira.fr\/dessinateur\/vitrines-peintes-2015-2016\/#breadcrumb\",\"itemListElement\":[{\"@type\":\"ListItem\",\"position\":1,\"name\":\"Accueil\",\"item\":\"https:\/\/nyanpereira.fr\/dessinateur\/\"},{\"@type\":\"ListItem\",\"position\":2,\"name\":\"Vitrines Peintes \\u00e0 la Mains\"}]},{\"@type\":\"Article\",\"@id\":\"https:\/\/nyanpereira.fr\/dessinateur\/vitrines-peintes-2015-2016\/#article\",\"isPartOf\":{\"@id\":\"https:\/\/nyanpereira.fr\/dessinateur\/vitrines-peintes-2015-2016\/#webpage\"},\"author\":{\"@id\":\"https:\/\/nyanpereira.fr\/dessinateur\/#\/schema\/person\/d771f144e8b1bdf8b790b02ba31f71d2\"},\"headline\":\"Vitrines Peintes \\u00e0 la Mains\",\"datePublished\":\"2016-06-10T15:37:44+00:00\",\"dateModified\":\"2020-01-31T14:49:23+00:00\",\"mainEntityOfPage\":{\"@id\":\"https:\/\/nyanpereira.fr\/dessinateur\/vitrines-peintes-2015-2016\/#webpage\"},\"wordCount\":256,\"publisher\":{\"@id\":\"https:\/\/nyanpereira.fr\/dessinateur\/#organization\"},\"image\":{\"@id\":\"https:\/\/nyanpereira.fr\/dessinateur\/vitrines-peintes-2015-2016\/#primaryimage\"},\"thumbnailUrl\":\"http:\/\/nyanpereira.fr\/dessinateur\/wp-content\/uploads\/2016\/06\/Vitrine.de\\u0301coration-RIO.2016.jeux_.olympiquesBresil.jpg\",\"keywords\":[\"#d\\u00e9corationsportive\",\"#vitrineartistique\",\"#vitrinepeintealamains\",\"ART \\u00c9PH\\u00c9M\\u00c8RE \/ D\\u00c9CO VITRINE MAGASIN\",\"Artiste peintre France Var\",\"D\\u00e9coration vitrine\",\"d\\u00e9coration vitrine saisonni\\u00e8re originale\",\"Vitrines Magasins originales\",\"Vous d\\u00e9marquez avec une d\\u00e9coration ?\"],\"articleSection\":[\"Peinture sur Vitrine Magasin\"],\"inLanguage\":\"fr-FR\"},{\"@type\":\"Person\",\"@id\":\"https:\/\/nyanpereira.fr\/dessinateur\/#\/schema\/person\/d771f144e8b1bdf8b790b02ba31f71d2\",\"name\":\"dessinateur\",\"image\":{\"@type\":\"ImageObject\",\"@id\":\"https:\/\/nyanpereira.fr\/dessinateur\/#personlogo\",\"inLanguage\":\"fr-FR\",\"url\":\"https:\/\/secure.gravatar.com\/avatar\/acd3615833cd4e0b23d9f45973008c34?s=96&d=mm&r=g\",\"contentUrl\":\"https:\/\/secure.gravatar.com\/avatar\/acd3615833cd4e0b23d9f45973008c34?s=96&d=mm&r=g\",\"caption\":\"dessinateur\"},\"url\":\"https:\/\/nyanpereira.fr\/dessinateur\/author\/dessinateur\/\"}]}<\/script>\n<!-- \/ Yoast SEO plugin. -->","yoast_head_json":{"title":"Vitrines Peintes \u00e0 la Mains - Service Cr\u00e9atif &amp; Pr\u00e9sentation Artistique","robots":{"index":"index","follow":"follow","max-snippet":"max-snippet:-1","max-image-preview":"max-image-preview:large","max-video-preview":"max-video-preview:-1"},"canonical":"https:\/\/nyanpereira.fr\/dessinateur\/vitrines-peintes-2015-2016\/","og_locale":"fr_FR","og_type":"article","og_title":"Vitrines Peintes \u00e0 la Mains - Service Cr\u00e9atif &amp; Pr\u00e9sentation Artistique","og_url":"https:\/\/nyanpereira.fr\/dessinateur\/vitrines-peintes-2015-2016\/","og_site_name":"Service Cr\u00e9atif &amp; Pr\u00e9sentation Artistique","article_published_time":"2016-06-10T15:37:44+00:00","article_modified_time":"2020-01-31T14:49:23+00:00","og_image":[{"url":"http:\/\/nyanpereira.fr\/dessinateur\/wp-content\/uploads\/2016\/06\/Vitrine.de\u0301coration-RIO.2016.jeux_.olympiquesBresil.jpg"}],"twitter_card":"summary_large_image","twitter_misc":{"\u00c9crit par":"dessinateur","Dur\u00e9e de lecture estim\u00e9e":"1 minute"},"schema":{"@context":"https:\/\/schema.org","@graph":[{"@type":"Organization","@id":"https:\/\/nyanpereira.fr\/dessinateur\/#organization","name":"storyboarder Freelance","url":"https:\/\/nyanpereira.fr\/dessinateur\/","sameAs":[],"logo":{"@type":"ImageObject","@id":"https:\/\/nyanpereira.fr\/dessinateur\/#logo","inLanguage":"fr-FR","url":"","contentUrl":"","caption":"storyboarder Freelance"},"image":{"@id":"https:\/\/nyanpereira.fr\/dessinateur\/#logo"}},{"@type":"WebSite","@id":"https:\/\/nyanpereira.fr\/dessinateur\/#website","url":"https:\/\/nyanpereira.fr\/dessinateur\/","name":"Service Cr\u00e9atif &amp; Pr\u00e9sentation Artistique","description":"Roughs, Storyboard, Antimatic &amp; Photomontage","publisher":{"@id":"https:\/\/nyanpereira.fr\/dessinateur\/#organization"},"potentialAction":[{"@type":"SearchAction","target":{"@type":"EntryPoint","urlTemplate":"https:\/\/nyanpereira.fr\/dessinateur\/?s={search_term_string}"},"query-input":"required name=search_term_string"}],"inLanguage":"fr-FR"},{"@type":"ImageObject","@id":"https:\/\/nyanpereira.fr\/dessinateur\/vitrines-peintes-2015-2016\/#primaryimage","inLanguage":"fr-FR","url":"http:\/\/nyanpereira.fr\/dessinateur\/wp-content\/uploads\/2016\/06\/Vitrine.de\u0301coration-RIO.2016.jeux_.olympiquesBresil.jpg","contentUrl":"http:\/\/nyanpereira.fr\/dessinateur\/wp-content\/uploads\/2016\/06\/Vitrine.de\u0301coration-RIO.2016.jeux_.olympiquesBresil.jpg"},{"@type":"WebPage","@id":"https:\/\/nyanpereira.fr\/dessinateur\/vitrines-peintes-2015-2016\/#webpage","url":"https:\/\/nyanpereira.fr\/dessinateur\/vitrines-peintes-2015-2016\/","name":"Vitrines Peintes \u00e0 la Mains - Service Cr\u00e9atif &amp; Pr\u00e9sentation Artistique","isPartOf":{"@id":"https:\/\/nyanpereira.fr\/dessinateur\/#website"},"primaryImageOfPage":{"@id":"https:\/\/nyanpereira.fr\/dessinateur\/vitrines-peintes-2015-2016\/#primaryimage"},"datePublished":"2016-06-10T15:37:44+00:00","dateModified":"2020-01-31T14:49:23+00:00","breadcrumb":{"@id":"https:\/\/nyanpereira.fr\/dessinateur\/vitrines-peintes-2015-2016\/#breadcrumb"},"inLanguage":"fr-FR","potentialAction":[{"@type":"ReadAction","target":["https:\/\/nyanpereira.fr\/dessinateur\/vitrines-peintes-2015-2016\/"]}]},{"@type":"BreadcrumbList","@id":"https:\/\/nyanpereira.fr\/dessinateur\/vitrines-peintes-2015-2016\/#breadcrumb","itemListElement":[{"@type":"ListItem","position":1,"name":"Accueil","item":"https:\/\/nyanpereira.fr\/dessinateur\/"},{"@type":"ListItem","position":2,"name":"Vitrines Peintes \u00e0 la Mains"}]},{"@type":"Article","@id":"https:\/\/nyanpereira.fr\/dessinateur\/vitrines-peintes-2015-2016\/#article","isPartOf":{"@id":"https:\/\/nyanpereira.fr\/dessinateur\/vitrines-peintes-2015-2016\/#webpage"},"author":{"@id":"https:\/\/nyanpereira.fr\/dessinateur\/#\/schema\/person\/d771f144e8b1bdf8b790b02ba31f71d2"},"headline":"Vitrines Peintes \u00e0 la Mains","datePublished":"2016-06-10T15:37:44+00:00","dateModified":"2020-01-31T14:49:23+00:00","mainEntityOfPage":{"@id":"https:\/\/nyanpereira.fr\/dessinateur\/vitrines-peintes-2015-2016\/#webpage"},"wordCount":256,"publisher":{"@id":"https:\/\/nyanpereira.fr\/dessinateur\/#organization"},"image":{"@id":"https:\/\/nyanpereira.fr\/dessinateur\/vitrines-peintes-2015-2016\/#primaryimage"},"thumbnailUrl":"http:\/\/nyanpereira.fr\/dessinateur\/wp-content\/uploads\/2016\/06\/Vitrine.de\u0301coration-RIO.2016.jeux_.olympiquesBresil.jpg","keywords":["#d\u00e9corationsportive","#vitrineartistique","#vitrinepeintealamains","ART \u00c9PH\u00c9M\u00c8RE \/ D\u00c9CO VITRINE MAGASIN","Artiste peintre France Var","D\u00e9coration vitrine","d\u00e9coration vitrine saisonni\u00e8re originale","Vitrines Magasins originales","Vous d\u00e9marquez avec une d\u00e9coration ?"],"articleSection":["Peinture sur Vitrine Magasin"],"inLanguage":"fr-FR"},{"@type":"Person","@id":"https:\/\/nyanpereira.fr\/dessinateur\/#\/schema\/person\/d771f144e8b1bdf8b790b02ba31f71d2","name":"dessinateur","image":{"@type":"ImageObject","@id":"https:\/\/nyanpereira.fr\/dessinateur\/#personlogo","inLanguage":"fr-FR","url":"https:\/\/secure.gravatar.com\/avatar\/acd3615833cd4e0b23d9f45973008c34?s=96&d=mm&r=g","contentUrl":"https:\/\/secure.gravatar.com\/avatar\/acd3615833cd4e0b23d9f45973008c34?s=96&d=mm&r=g","caption":"dessinateur"},"url":"https:\/\/nyanpereira.fr\/dessinateur\/author\/dessinateur\/"}]}},"_links":{"self":[{"href":"https:\/\/nyanpereira.fr\/dessinateur\/wp-json\/wp\/v2\/posts\/3911"}],"collection":[{"href":"https:\/\/nyanpereira.fr\/dessinateur\/wp-json\/wp\/v2\/posts"}],"about":[{"href":"https:\/\/nyanpereira.fr\/dessinateur\/wp-json\/wp\/v2\/types\/post"}],"author":[{"embeddable":true,"href":"https:\/\/nyanpereira.fr\/dessinateur\/wp-json\/wp\/v2\/users\/1"}],"replies":[{"embeddable":true,"href":"https:\/\/nyanpereira.fr\/dessinateur\/wp-json\/wp\/v2\/comments?post=3911"}],"version-history":[{"count":52,"href":"https:\/\/nyanpereira.fr\/dessinateur\/wp-json\/wp\/v2\/posts\/3911\/revisions"}],"predecessor-version":[{"id":5655,"href":"https:\/\/nyanpereira.fr\/dessinateur\/wp-json\/wp\/v2\/posts\/3911\/revisions\/5655"}],"wp:attachment":[{"href":"https:\/\/nyanpereira.fr\/dessinateur\/wp-json\/wp\/v2\/media?parent=3911"}],"wp:term":[{"taxonomy":"category","embeddable":true,"href":"https:\/\/nyanpereira.fr\/dessinateur\/wp-json\/wp\/v2\/categories?post=3911"},{"taxonomy":"post_tag","embeddable":true,"href":"https:\/\/nyanpereira.fr\/dessinateur\/wp-json\/wp\/v2\/tags?post=3911"}],"curies":[{"name":"wp","href":"https:\/\/api.w.org\/{rel}","templated":true}]}}