{"id":3823,"date":"2015-10-12T11:03:57","date_gmt":"2015-10-12T10:03:57","guid":{"rendered":"http:\/\/nyanpereira.fr\/dessinateur\/?p=3823"},"modified":"2020-01-31T15:50:00","modified_gmt":"2020-01-31T14:50:00","slug":"conception-signaletique-magasin","status":"publish","type":"post","link":"https:\/\/nyanpereira.fr\/dessinateur\/conception-signaletique-magasin\/","title":{"rendered":"Signal\u00e9tique"},"content":{"rendered":"<h5><strong>CONCEPTION SIGNAL\u00c9TIQUE<br \/>\n<span style=\"color: #663399;\">&amp; SOLUTION GRAPHIQUE<\/span><\/strong><\/h5>\n<p>Vos points de ventes et vos espaces d\u2019entreprise communiquent !<br \/>\nIls sont un gage de qualit\u00e9 pour les clients\u00a0<span style=\"color: #663399;\"><strong>et permettent d\u2019accro\u00eetre votre impact et votre visibilit\u00e9 !<\/strong><\/span> Ne n\u00e9gligez pas le r\u00f4le d&rsquo;une <strong>signal\u00e9tique<\/strong>\u00a0ou <strong>strat\u00e9gie<\/strong>\u00a0<strong>d&rsquo;espace<\/strong>\u00a0!<\/p>\n<p>Notre travail ?<br \/>\n<strong>\u2022 Conception, cr\u00e9ation et pr\u00e9sentation<\/strong> du futur<a href=\"http:\/\/nyanpereira.fr\/dessinateur\/gallery\/theatralisation-scenographie-plv-magasin-evenementiel\/\">\u00a0point de vente<\/a>,\u00a0<a href=\"http:\/\/nyanpereira.fr\/dessinateur\/video-scenographie-japon\/\">show-room<\/a>, stand, commerce.<span style=\"color: #888888;\"><em><br \/>\n<\/em><\/span><\/p>\n<blockquote><p>&#8211; CHARTE GRAPHIQUE<br \/>\n&#8211; HABILLAGE DE PALISSADE<br \/>\n&#8211; D\u00c9CORATION TEMPORAIRE&#8230;<\/p><\/blockquote>\n<p>\u2022<strong> Pose et\u00a0Fabrication<\/strong> de tous vos supports<strong>\u00a0<\/strong>de communication<strong> :<\/strong><\/p>\n<blockquote><p>&#8211; SIGNAL\u00c9TIQUE \u00c9V\u00c8NEMENTIELLE<br \/>\n&#8211; SIGNAL\u00c9TIQUE DE B\u00c2TIMENT<br \/>\n&#8211; ENSEIGNE &amp;\u00a0TOTEM<br \/>\n&#8211; ADH\u00c9SIFS\u00a0&#8230;<\/p><\/blockquote>\n<p><a href=\"http:\/\/nyanpereira.fr\/dessinateur\/conception-signaletique-magasin\/\"><img loading=\"lazy\" class=\"alignleft size-full wp-image-3832\" alt=\"Signaletique.magasin.avant.apres.6\" src=\"http:\/\/nyanpereira.fr\/dessinateur\/wp-content\/uploads\/2014\/03\/Signaletique.magasin.avant_.apres_.6.png\" width=\"2362\" height=\"707\" \/><\/a><\/p>\n<p><a href=\"http:\/\/nyanpereira.fr\/dessinateur\/conception-signaletique-magasin\/\"><img loading=\"lazy\" class=\"alignleft size-full wp-image-3827\" alt=\"Signaletique.magasin.avant.apres.1\" src=\"http:\/\/nyanpereira.fr\/dessinateur\/wp-content\/uploads\/2014\/03\/Signaletique.magasin.avant_.apres_.1.png\" width=\"2362\" height=\"707\" \/><\/a><\/p>\n<p><a href=\"http:\/\/nyanpereira.fr\/dessinateur\/conception-signaletique-magasin\/\"><img loading=\"lazy\" class=\"alignleft size-full wp-image-3831\" alt=\"Signaletique.magasin.avant.apres.5\" src=\"http:\/\/nyanpereira.fr\/dessinateur\/wp-content\/uploads\/2014\/03\/Signaletique.magasin.avant_.apres_.5.png\" width=\"2362\" height=\"707\" \/><\/a><\/p>\n<p><a href=\"http:\/\/nyanpereira.fr\/dessinateur\/conception-signaletique-magasin\/\"><img loading=\"lazy\" class=\"alignleft size-full wp-image-3830\" alt=\"Signaletique.magasin.avant.apres.4\" src=\"http:\/\/nyanpereira.fr\/dessinateur\/wp-content\/uploads\/2014\/03\/Signaletique.magasin.avant_.apres_.4.png\" width=\"2362\" height=\"707\" \/><\/a><\/p>\n<p><a href=\"http:\/\/nyanpereira.fr\/dessinateur\/conception-signaletique-magasin\/\"><img loading=\"lazy\" class=\"alignleft size-full wp-image-3828\" alt=\"Signaletique.magasin.avant.apres.2\" src=\"http:\/\/nyanpereira.fr\/dessinateur\/wp-content\/uploads\/2014\/03\/Signaletique.magasin.avant_.apres_.2.png\" width=\"2362\" height=\"707\" \/><\/a><\/p>\n","protected":false},"excerpt":{"rendered":"","protected":false},"author":1,"featured_media":0,"comment_status":"closed","ping_status":"closed","sticky":false,"template":"","format":"video","meta":[],"categories":[59],"tags":[226,222,224,227,223,228],"yoast_head":"<!-- This site is optimized with the Yoast SEO plugin v17.9 - https:\/\/yoast.com\/wordpress\/plugins\/seo\/ -->\n<title>Signal\u00e9tique - Service Cr\u00e9atif &amp; Pr\u00e9sentation Artistique<\/title>\n<meta name=\"robots\" content=\"index, follow, max-snippet:-1, max-image-preview:large, max-video-preview:-1\" \/>\n<link rel=\"canonical\" href=\"https:\/\/nyanpereira.fr\/dessinateur\/conception-signaletique-magasin\/\" \/>\n<meta property=\"og:locale\" content=\"fr_FR\" \/>\n<meta property=\"og:type\" content=\"article\" \/>\n<meta property=\"og:title\" content=\"Signal\u00e9tique - Service Cr\u00e9atif &amp; Pr\u00e9sentation Artistique\" \/>\n<meta property=\"og:url\" content=\"https:\/\/nyanpereira.fr\/dessinateur\/conception-signaletique-magasin\/\" \/>\n<meta property=\"og:site_name\" content=\"Service Cr\u00e9atif &amp; Pr\u00e9sentation Artistique\" \/>\n<meta property=\"article:published_time\" content=\"2015-10-12T10:03:57+00:00\" \/>\n<meta property=\"article:modified_time\" content=\"2020-01-31T14:50:00+00:00\" \/>\n<meta property=\"og:image\" content=\"http:\/\/nyanpereira.fr\/dessinateur\/wp-content\/uploads\/2014\/03\/Signaletique.magasin.avant_.apres_.6.png\" \/>\n<meta name=\"twitter:card\" content=\"summary_large_image\" \/>\n<meta name=\"twitter:label1\" content=\"\u00c9crit par\" \/>\n\t<meta name=\"twitter:data1\" content=\"dessinateur\" \/>\n\t<meta name=\"twitter:label2\" content=\"Dur\u00e9e de lecture estim\u00e9e\" \/>\n\t<meta name=\"twitter:data2\" content=\"1 minute\" \/>\n<script type=\"application\/ld+json\" class=\"yoast-schema-graph\">{\"@context\":\"https:\/\/schema.org\",\"@graph\":[{\"@type\":\"Organization\",\"@id\":\"https:\/\/nyanpereira.fr\/dessinateur\/#organization\",\"name\":\"storyboarder Freelance\",\"url\":\"https:\/\/nyanpereira.fr\/dessinateur\/\",\"sameAs\":[],\"logo\":{\"@type\":\"ImageObject\",\"@id\":\"https:\/\/nyanpereira.fr\/dessinateur\/#logo\",\"inLanguage\":\"fr-FR\",\"url\":\"\",\"contentUrl\":\"\",\"caption\":\"storyboarder Freelance\"},\"image\":{\"@id\":\"https:\/\/nyanpereira.fr\/dessinateur\/#logo\"}},{\"@type\":\"WebSite\",\"@id\":\"https:\/\/nyanpereira.fr\/dessinateur\/#website\",\"url\":\"https:\/\/nyanpereira.fr\/dessinateur\/\",\"name\":\"Service Cr\\u00e9atif &amp; Pr\\u00e9sentation Artistique\",\"description\":\"Roughs, Storyboard, Antimatic &amp; Photomontage\",\"publisher\":{\"@id\":\"https:\/\/nyanpereira.fr\/dessinateur\/#organization\"},\"potentialAction\":[{\"@type\":\"SearchAction\",\"target\":{\"@type\":\"EntryPoint\",\"urlTemplate\":\"https:\/\/nyanpereira.fr\/dessinateur\/?s={search_term_string}\"},\"query-input\":\"required name=search_term_string\"}],\"inLanguage\":\"fr-FR\"},{\"@type\":\"ImageObject\",\"@id\":\"https:\/\/nyanpereira.fr\/dessinateur\/conception-signaletique-magasin\/#primaryimage\",\"inLanguage\":\"fr-FR\",\"url\":\"http:\/\/nyanpereira.fr\/dessinateur\/wp-content\/uploads\/2014\/03\/Signaletique.magasin.avant_.apres_.6.png\",\"contentUrl\":\"http:\/\/nyanpereira.fr\/dessinateur\/wp-content\/uploads\/2014\/03\/Signaletique.magasin.avant_.apres_.6.png\"},{\"@type\":\"WebPage\",\"@id\":\"https:\/\/nyanpereira.fr\/dessinateur\/conception-signaletique-magasin\/#webpage\",\"url\":\"https:\/\/nyanpereira.fr\/dessinateur\/conception-signaletique-magasin\/\",\"name\":\"Signal\\u00e9tique - Service Cr\\u00e9atif &amp; Pr\\u00e9sentation Artistique\",\"isPartOf\":{\"@id\":\"https:\/\/nyanpereira.fr\/dessinateur\/#website\"},\"primaryImageOfPage\":{\"@id\":\"https:\/\/nyanpereira.fr\/dessinateur\/conception-signaletique-magasin\/#primaryimage\"},\"datePublished\":\"2015-10-12T10:03:57+00:00\",\"dateModified\":\"2020-01-31T14:50:00+00:00\",\"breadcrumb\":{\"@id\":\"https:\/\/nyanpereira.fr\/dessinateur\/conception-signaletique-magasin\/#breadcrumb\"},\"inLanguage\":\"fr-FR\",\"potentialAction\":[{\"@type\":\"ReadAction\",\"target\":[\"https:\/\/nyanpereira.fr\/dessinateur\/conception-signaletique-magasin\/\"]}]},{\"@type\":\"BreadcrumbList\",\"@id\":\"https:\/\/nyanpereira.fr\/dessinateur\/conception-signaletique-magasin\/#breadcrumb\",\"itemListElement\":[{\"@type\":\"ListItem\",\"position\":1,\"name\":\"Accueil\",\"item\":\"https:\/\/nyanpereira.fr\/dessinateur\/\"},{\"@type\":\"ListItem\",\"position\":2,\"name\":\"Signal\\u00e9tique\"}]},{\"@type\":\"Article\",\"@id\":\"https:\/\/nyanpereira.fr\/dessinateur\/conception-signaletique-magasin\/#article\",\"isPartOf\":{\"@id\":\"https:\/\/nyanpereira.fr\/dessinateur\/conception-signaletique-magasin\/#webpage\"},\"author\":{\"@id\":\"https:\/\/nyanpereira.fr\/dessinateur\/#\/schema\/person\/d771f144e8b1bdf8b790b02ba31f71d2\"},\"headline\":\"Signal\\u00e9tique\",\"datePublished\":\"2015-10-12T10:03:57+00:00\",\"dateModified\":\"2020-01-31T14:50:00+00:00\",\"mainEntityOfPage\":{\"@id\":\"https:\/\/nyanpereira.fr\/dessinateur\/conception-signaletique-magasin\/#webpage\"},\"wordCount\":105,\"publisher\":{\"@id\":\"https:\/\/nyanpereira.fr\/dessinateur\/#organization\"},\"image\":{\"@id\":\"https:\/\/nyanpereira.fr\/dessinateur\/conception-signaletique-magasin\/#primaryimage\"},\"thumbnailUrl\":\"http:\/\/nyanpereira.fr\/dessinateur\/wp-content\/uploads\/2014\/03\/Signaletique.magasin.avant_.apres_.6.png\",\"keywords\":[\"accro\\u00eetre votre impact et votre visibilit\\u00e9\",\"Charte graphique magasin\",\"Conception Sc\\u00e9nographe freelance\",\"Lo Pa\\u00efs Draguignan (83)\",\"POINT DE VENTE \/ Design &amp; conception graphique\",\"strat\\u00e9gies d'espaces\"],\"articleSection\":[\"Sc\\u00e9nographique &amp; Th\\u00e9atralisation\"],\"inLanguage\":\"fr-FR\"},{\"@type\":\"Person\",\"@id\":\"https:\/\/nyanpereira.fr\/dessinateur\/#\/schema\/person\/d771f144e8b1bdf8b790b02ba31f71d2\",\"name\":\"dessinateur\",\"image\":{\"@type\":\"ImageObject\",\"@id\":\"https:\/\/nyanpereira.fr\/dessinateur\/#personlogo\",\"inLanguage\":\"fr-FR\",\"url\":\"https:\/\/secure.gravatar.com\/avatar\/acd3615833cd4e0b23d9f45973008c34?s=96&d=mm&r=g\",\"contentUrl\":\"https:\/\/secure.gravatar.com\/avatar\/acd3615833cd4e0b23d9f45973008c34?s=96&d=mm&r=g\",\"caption\":\"dessinateur\"},\"url\":\"https:\/\/nyanpereira.fr\/dessinateur\/author\/dessinateur\/\"}]}<\/script>\n<!-- \/ Yoast SEO plugin. -->","yoast_head_json":{"title":"Signal\u00e9tique - Service Cr\u00e9atif &amp; Pr\u00e9sentation Artistique","robots":{"index":"index","follow":"follow","max-snippet":"max-snippet:-1","max-image-preview":"max-image-preview:large","max-video-preview":"max-video-preview:-1"},"canonical":"https:\/\/nyanpereira.fr\/dessinateur\/conception-signaletique-magasin\/","og_locale":"fr_FR","og_type":"article","og_title":"Signal\u00e9tique - Service Cr\u00e9atif &amp; Pr\u00e9sentation Artistique","og_url":"https:\/\/nyanpereira.fr\/dessinateur\/conception-signaletique-magasin\/","og_site_name":"Service Cr\u00e9atif &amp; Pr\u00e9sentation Artistique","article_published_time":"2015-10-12T10:03:57+00:00","article_modified_time":"2020-01-31T14:50:00+00:00","og_image":[{"url":"http:\/\/nyanpereira.fr\/dessinateur\/wp-content\/uploads\/2014\/03\/Signaletique.magasin.avant_.apres_.6.png"}],"twitter_card":"summary_large_image","twitter_misc":{"\u00c9crit par":"dessinateur","Dur\u00e9e de lecture estim\u00e9e":"1 minute"},"schema":{"@context":"https:\/\/schema.org","@graph":[{"@type":"Organization","@id":"https:\/\/nyanpereira.fr\/dessinateur\/#organization","name":"storyboarder Freelance","url":"https:\/\/nyanpereira.fr\/dessinateur\/","sameAs":[],"logo":{"@type":"ImageObject","@id":"https:\/\/nyanpereira.fr\/dessinateur\/#logo","inLanguage":"fr-FR","url":"","contentUrl":"","caption":"storyboarder Freelance"},"image":{"@id":"https:\/\/nyanpereira.fr\/dessinateur\/#logo"}},{"@type":"WebSite","@id":"https:\/\/nyanpereira.fr\/dessinateur\/#website","url":"https:\/\/nyanpereira.fr\/dessinateur\/","name":"Service Cr\u00e9atif &amp; Pr\u00e9sentation Artistique","description":"Roughs, Storyboard, Antimatic &amp; Photomontage","publisher":{"@id":"https:\/\/nyanpereira.fr\/dessinateur\/#organization"},"potentialAction":[{"@type":"SearchAction","target":{"@type":"EntryPoint","urlTemplate":"https:\/\/nyanpereira.fr\/dessinateur\/?s={search_term_string}"},"query-input":"required name=search_term_string"}],"inLanguage":"fr-FR"},{"@type":"ImageObject","@id":"https:\/\/nyanpereira.fr\/dessinateur\/conception-signaletique-magasin\/#primaryimage","inLanguage":"fr-FR","url":"http:\/\/nyanpereira.fr\/dessinateur\/wp-content\/uploads\/2014\/03\/Signaletique.magasin.avant_.apres_.6.png","contentUrl":"http:\/\/nyanpereira.fr\/dessinateur\/wp-content\/uploads\/2014\/03\/Signaletique.magasin.avant_.apres_.6.png"},{"@type":"WebPage","@id":"https:\/\/nyanpereira.fr\/dessinateur\/conception-signaletique-magasin\/#webpage","url":"https:\/\/nyanpereira.fr\/dessinateur\/conception-signaletique-magasin\/","name":"Signal\u00e9tique - Service Cr\u00e9atif &amp; Pr\u00e9sentation Artistique","isPartOf":{"@id":"https:\/\/nyanpereira.fr\/dessinateur\/#website"},"primaryImageOfPage":{"@id":"https:\/\/nyanpereira.fr\/dessinateur\/conception-signaletique-magasin\/#primaryimage"},"datePublished":"2015-10-12T10:03:57+00:00","dateModified":"2020-01-31T14:50:00+00:00","breadcrumb":{"@id":"https:\/\/nyanpereira.fr\/dessinateur\/conception-signaletique-magasin\/#breadcrumb"},"inLanguage":"fr-FR","potentialAction":[{"@type":"ReadAction","target":["https:\/\/nyanpereira.fr\/dessinateur\/conception-signaletique-magasin\/"]}]},{"@type":"BreadcrumbList","@id":"https:\/\/nyanpereira.fr\/dessinateur\/conception-signaletique-magasin\/#breadcrumb","itemListElement":[{"@type":"ListItem","position":1,"name":"Accueil","item":"https:\/\/nyanpereira.fr\/dessinateur\/"},{"@type":"ListItem","position":2,"name":"Signal\u00e9tique"}]},{"@type":"Article","@id":"https:\/\/nyanpereira.fr\/dessinateur\/conception-signaletique-magasin\/#article","isPartOf":{"@id":"https:\/\/nyanpereira.fr\/dessinateur\/conception-signaletique-magasin\/#webpage"},"author":{"@id":"https:\/\/nyanpereira.fr\/dessinateur\/#\/schema\/person\/d771f144e8b1bdf8b790b02ba31f71d2"},"headline":"Signal\u00e9tique","datePublished":"2015-10-12T10:03:57+00:00","dateModified":"2020-01-31T14:50:00+00:00","mainEntityOfPage":{"@id":"https:\/\/nyanpereira.fr\/dessinateur\/conception-signaletique-magasin\/#webpage"},"wordCount":105,"publisher":{"@id":"https:\/\/nyanpereira.fr\/dessinateur\/#organization"},"image":{"@id":"https:\/\/nyanpereira.fr\/dessinateur\/conception-signaletique-magasin\/#primaryimage"},"thumbnailUrl":"http:\/\/nyanpereira.fr\/dessinateur\/wp-content\/uploads\/2014\/03\/Signaletique.magasin.avant_.apres_.6.png","keywords":["accro\u00eetre votre impact et votre visibilit\u00e9","Charte graphique magasin","Conception Sc\u00e9nographe freelance","Lo Pa\u00efs Draguignan (83)","POINT DE VENTE \/ Design &amp; conception graphique","strat\u00e9gies d'espaces"],"articleSection":["Sc\u00e9nographique &amp; Th\u00e9atralisation"],"inLanguage":"fr-FR"},{"@type":"Person","@id":"https:\/\/nyanpereira.fr\/dessinateur\/#\/schema\/person\/d771f144e8b1bdf8b790b02ba31f71d2","name":"dessinateur","image":{"@type":"ImageObject","@id":"https:\/\/nyanpereira.fr\/dessinateur\/#personlogo","inLanguage":"fr-FR","url":"https:\/\/secure.gravatar.com\/avatar\/acd3615833cd4e0b23d9f45973008c34?s=96&d=mm&r=g","contentUrl":"https:\/\/secure.gravatar.com\/avatar\/acd3615833cd4e0b23d9f45973008c34?s=96&d=mm&r=g","caption":"dessinateur"},"url":"https:\/\/nyanpereira.fr\/dessinateur\/author\/dessinateur\/"}]}},"_links":{"self":[{"href":"https:\/\/nyanpereira.fr\/dessinateur\/wp-json\/wp\/v2\/posts\/3823"}],"collection":[{"href":"https:\/\/nyanpereira.fr\/dessinateur\/wp-json\/wp\/v2\/posts"}],"about":[{"href":"https:\/\/nyanpereira.fr\/dessinateur\/wp-json\/wp\/v2\/types\/post"}],"author":[{"embeddable":true,"href":"https:\/\/nyanpereira.fr\/dessinateur\/wp-json\/wp\/v2\/users\/1"}],"replies":[{"embeddable":true,"href":"https:\/\/nyanpereira.fr\/dessinateur\/wp-json\/wp\/v2\/comments?post=3823"}],"version-history":[{"count":28,"href":"https:\/\/nyanpereira.fr\/dessinateur\/wp-json\/wp\/v2\/posts\/3823\/revisions"}],"predecessor-version":[{"id":3836,"href":"https:\/\/nyanpereira.fr\/dessinateur\/wp-json\/wp\/v2\/posts\/3823\/revisions\/3836"}],"wp:attachment":[{"href":"https:\/\/nyanpereira.fr\/dessinateur\/wp-json\/wp\/v2\/media?parent=3823"}],"wp:term":[{"taxonomy":"category","embeddable":true,"href":"https:\/\/nyanpereira.fr\/dessinateur\/wp-json\/wp\/v2\/categories?post=3823"},{"taxonomy":"post_tag","embeddable":true,"href":"https:\/\/nyanpereira.fr\/dessinateur\/wp-json\/wp\/v2\/tags?post=3823"}],"curies":[{"name":"wp","href":"https:\/\/api.w.org\/{rel}","templated":true}]}}