{"id":3659,"date":"2015-08-31T13:23:00","date_gmt":"2015-08-31T12:23:00","guid":{"rendered":"http:\/\/nyanpereira.fr\/dessinateur\/?p=3659"},"modified":"2020-05-29T14:19:19","modified_gmt":"2020-05-29T13:19:19","slug":"photographie-architectures-paca-paris","status":"publish","type":"post","link":"https:\/\/nyanpereira.fr\/dessinateur\/photographie-architectures-paca-paris\/","title":{"rendered":"Photographe Professionnel Secteur BTP \/ JCB"},"content":{"rendered":"<h1><strong>Photographe Professionnel Secteur BTP &#8211; France C\u00f4te d&rsquo;azur.<br \/>\n<\/strong><\/h1>\n<p><strong>D\u00e9couvrez une s\u00e9lection de photographie et de vid\u00e9o r\u00e9alis\u00e9 pour le secteur du BTP. Engin de chantier et reportage de Travaux Publics r\u00e9alis\u00e9 par les machines <\/strong> <a href=\"http:\/\/www.jcb.fr\">JCB France.<\/a><\/p>\n<p>&nbsp;<\/p>\n<p><img loading=\"lazy\" class=\"size-full wp-image-4203 aligncenter\" src=\"http:\/\/nyanpereira.fr\/dessinateur\/wp-content\/uploads\/2016\/06\/3.jcb_.concession.photomontage.photographe.pro_.machine.engin_.lyomat.jpg\" alt=\"3.jcb.concession.photomontage.photographe.pro.machine.engin.lyomat\" width=\"1600\" height=\"761\" \/> <img loading=\"lazy\" class=\"size-full wp-image-4202 aligncenter\" src=\"http:\/\/nyanpereira.fr\/dessinateur\/wp-content\/uploads\/2016\/06\/2.jcb_.concession.photomontage.photographe.pro_.machine.engin_.lyomat.jpg\" alt=\"2.jcb.concession.photomontage.photographe.pro.machine.engin.lyomat\" width=\"1600\" height=\"761\" \/> <img loading=\"lazy\" class=\"size-full wp-image-4201 aligncenter\" src=\"http:\/\/nyanpereira.fr\/dessinateur\/wp-content\/uploads\/2016\/06\/1.jcb_.concession.photomontage.photographe.pro_.machine.engin_..jpg\" alt=\"1.jcb.concession.photomontage.photographe.pro.machine.engin.\" width=\"1600\" height=\"761\" \/><br \/>\n<a href=\"http:\/\/nyanpereira.fr\/dessinateur\/contact-dessinateur-roughman-storyborder-illustrateur-freelance\/\"><img loading=\"lazy\" class=\"wp-image-3675 size-full aligncenter\" src=\"https:\/\/preprod.nyanpereira.fr\/wp-content\/uploads\/2015\/08\/Yann-PEREIRA-Photographe-grue.jpg\" alt=\"Yann PEREIRA Photographe grue\" width=\"800\" height=\"597\" \/><\/a><\/p>\n<p><a href=\"http:\/\/nyanpereira.fr\/dessinateur\/contact-dessinateur-roughman-storyborder-illustrateur-freelance\/\"><img loading=\"lazy\" class=\"wp-image-3676 size-full aligncenter\" src=\"https:\/\/preprod.nyanpereira.fr\/wp-content\/uploads\/2015\/08\/Yann-PEREIRA-Photographe-pro.jpg\" alt=\"Yann PEREIRA Photographe pro\" width=\"597\" height=\"800\" \/><\/a><\/p>\n","protected":false},"excerpt":{"rendered":"","protected":false},"author":1,"featured_media":7248,"comment_status":"closed","ping_status":"closed","sticky":false,"template":"","format":"image","meta":[],"categories":[67],"tags":[110,210,154,209,392],"yoast_head":"<!-- This site is optimized with the Yoast SEO plugin v17.9 - https:\/\/yoast.com\/wordpress\/plugins\/seo\/ -->\n<title>Photographe Professionnel \/ Secteur BTP \/ JCB FRANCE \/ Cote d&#039;Azur<\/title>\n<meta name=\"description\" content=\"Photographie et de vid\u00e9o r\u00e9alis\u00e9es pour le secteur du BTP. Engin de chantier et reportage de Travaux Publics. Photographe professionnel Cote d&#039;Azur\" \/>\n<meta name=\"robots\" content=\"index, follow, max-snippet:-1, max-image-preview:large, max-video-preview:-1\" \/>\n<link rel=\"canonical\" href=\"https:\/\/nyanpereira.fr\/dessinateur\/photographie-architectures-paca-paris\/\" \/>\n<meta property=\"og:locale\" content=\"fr_FR\" \/>\n<meta property=\"og:type\" content=\"article\" \/>\n<meta property=\"og:title\" content=\"Photographe Professionnel \/ Secteur BTP \/ JCB FRANCE \/ Cote d&#039;Azur\" \/>\n<meta property=\"og:description\" content=\"Photographie et de vid\u00e9o r\u00e9alis\u00e9es pour le secteur du BTP. Engin de chantier et reportage de Travaux Publics. Photographe professionnel Cote d&#039;Azur\" \/>\n<meta property=\"og:url\" content=\"https:\/\/nyanpereira.fr\/dessinateur\/photographie-architectures-paca-paris\/\" \/>\n<meta property=\"og:site_name\" content=\"Service Cr\u00e9atif &amp; Pr\u00e9sentation Artistique\" \/>\n<meta property=\"article:published_time\" content=\"2015-08-31T12:23:00+00:00\" \/>\n<meta property=\"article:modified_time\" content=\"2020-05-29T13:19:19+00:00\" \/>\n<meta property=\"og:image\" content=\"https:\/\/nyanpereira.fr\/dessinateur\/wp-content\/uploads\/2015\/08\/phtgraphie.JCB_.concession.engin_.chantier.jpg\" \/>\n\t<meta property=\"og:image:width\" content=\"400\" \/>\n\t<meta property=\"og:image:height\" content=\"222\" \/>\n\t<meta property=\"og:image:type\" content=\"image\/jpeg\" \/>\n<meta name=\"twitter:card\" content=\"summary_large_image\" \/>\n<meta name=\"twitter:label1\" content=\"\u00c9crit par\" \/>\n\t<meta name=\"twitter:data1\" content=\"dessinateur\" \/>\n<script type=\"application\/ld+json\" class=\"yoast-schema-graph\">{\"@context\":\"https:\/\/schema.org\",\"@graph\":[{\"@type\":\"Organization\",\"@id\":\"https:\/\/nyanpereira.fr\/dessinateur\/#organization\",\"name\":\"storyboarder Freelance\",\"url\":\"https:\/\/nyanpereira.fr\/dessinateur\/\",\"sameAs\":[],\"logo\":{\"@type\":\"ImageObject\",\"@id\":\"https:\/\/nyanpereira.fr\/dessinateur\/#logo\",\"inLanguage\":\"fr-FR\",\"url\":\"\",\"contentUrl\":\"\",\"caption\":\"storyboarder Freelance\"},\"image\":{\"@id\":\"https:\/\/nyanpereira.fr\/dessinateur\/#logo\"}},{\"@type\":\"WebSite\",\"@id\":\"https:\/\/nyanpereira.fr\/dessinateur\/#website\",\"url\":\"https:\/\/nyanpereira.fr\/dessinateur\/\",\"name\":\"Service Cr\\u00e9atif &amp; Pr\\u00e9sentation Artistique\",\"description\":\"Roughs, Storyboard, Antimatic &amp; Photomontage\",\"publisher\":{\"@id\":\"https:\/\/nyanpereira.fr\/dessinateur\/#organization\"},\"potentialAction\":[{\"@type\":\"SearchAction\",\"target\":{\"@type\":\"EntryPoint\",\"urlTemplate\":\"https:\/\/nyanpereira.fr\/dessinateur\/?s={search_term_string}\"},\"query-input\":\"required name=search_term_string\"}],\"inLanguage\":\"fr-FR\"},{\"@type\":\"ImageObject\",\"@id\":\"https:\/\/nyanpereira.fr\/dessinateur\/photographie-architectures-paca-paris\/#primaryimage\",\"inLanguage\":\"fr-FR\",\"url\":\"https:\/\/nyanpereira.fr\/dessinateur\/wp-content\/uploads\/2015\/08\/phtgraphie.JCB_.concession.engin_.chantier.jpg\",\"contentUrl\":\"https:\/\/nyanpereira.fr\/dessinateur\/wp-content\/uploads\/2015\/08\/phtgraphie.JCB_.concession.engin_.chantier.jpg\",\"width\":400,\"height\":222,\"caption\":\"phtgraphie.JCB.concession.engin.chantier\"},{\"@type\":\"WebPage\",\"@id\":\"https:\/\/nyanpereira.fr\/dessinateur\/photographie-architectures-paca-paris\/#webpage\",\"url\":\"https:\/\/nyanpereira.fr\/dessinateur\/photographie-architectures-paca-paris\/\",\"name\":\"Photographe Professionnel \/ Secteur BTP \/ JCB FRANCE \/ Cote d'Azur\",\"isPartOf\":{\"@id\":\"https:\/\/nyanpereira.fr\/dessinateur\/#website\"},\"primaryImageOfPage\":{\"@id\":\"https:\/\/nyanpereira.fr\/dessinateur\/photographie-architectures-paca-paris\/#primaryimage\"},\"datePublished\":\"2015-08-31T12:23:00+00:00\",\"dateModified\":\"2020-05-29T13:19:19+00:00\",\"description\":\"Photographie et de vid\\u00e9o r\\u00e9alis\\u00e9es pour le secteur du BTP. Engin de chantier et reportage de Travaux Publics. Photographe professionnel Cote d'Azur\",\"breadcrumb\":{\"@id\":\"https:\/\/nyanpereira.fr\/dessinateur\/photographie-architectures-paca-paris\/#breadcrumb\"},\"inLanguage\":\"fr-FR\",\"potentialAction\":[{\"@type\":\"ReadAction\",\"target\":[\"https:\/\/nyanpereira.fr\/dessinateur\/photographie-architectures-paca-paris\/\"]}]},{\"@type\":\"BreadcrumbList\",\"@id\":\"https:\/\/nyanpereira.fr\/dessinateur\/photographie-architectures-paca-paris\/#breadcrumb\",\"itemListElement\":[{\"@type\":\"ListItem\",\"position\":1,\"name\":\"Accueil\",\"item\":\"https:\/\/nyanpereira.fr\/dessinateur\/\"},{\"@type\":\"ListItem\",\"position\":2,\"name\":\"Photographe Professionnel Secteur BTP \/ JCB\"}]},{\"@type\":\"Article\",\"@id\":\"https:\/\/nyanpereira.fr\/dessinateur\/photographie-architectures-paca-paris\/#article\",\"isPartOf\":{\"@id\":\"https:\/\/nyanpereira.fr\/dessinateur\/photographie-architectures-paca-paris\/#webpage\"},\"author\":{\"@id\":\"https:\/\/nyanpereira.fr\/dessinateur\/#\/schema\/person\/d771f144e8b1bdf8b790b02ba31f71d2\"},\"headline\":\"Photographe Professionnel Secteur BTP \/ JCB\",\"datePublished\":\"2015-08-31T12:23:00+00:00\",\"dateModified\":\"2020-05-29T13:19:19+00:00\",\"mainEntityOfPage\":{\"@id\":\"https:\/\/nyanpereira.fr\/dessinateur\/photographie-architectures-paca-paris\/#webpage\"},\"wordCount\":48,\"publisher\":{\"@id\":\"https:\/\/nyanpereira.fr\/dessinateur\/#organization\"},\"image\":{\"@id\":\"https:\/\/nyanpereira.fr\/dessinateur\/photographie-architectures-paca-paris\/#primaryimage\"},\"thumbnailUrl\":\"https:\/\/nyanpereira.fr\/dessinateur\/wp-content\/uploads\/2015\/08\/phtgraphie.JCB_.concession.engin_.chantier.jpg\",\"keywords\":[\"Illustrateur Photographe PACA-VAR\",\"JCB france\",\"Photographe Studio PACA-VAR(83)\",\"Photographies d\\u2019Architectures\",\"PUB \/ Retoucheur photo freelance \\u00e0 PARIS\"],\"articleSection\":[\"Photo Retouche &amp; Retoucheur freelance\"],\"inLanguage\":\"fr-FR\"},{\"@type\":\"Person\",\"@id\":\"https:\/\/nyanpereira.fr\/dessinateur\/#\/schema\/person\/d771f144e8b1bdf8b790b02ba31f71d2\",\"name\":\"dessinateur\",\"image\":{\"@type\":\"ImageObject\",\"@id\":\"https:\/\/nyanpereira.fr\/dessinateur\/#personlogo\",\"inLanguage\":\"fr-FR\",\"url\":\"https:\/\/secure.gravatar.com\/avatar\/acd3615833cd4e0b23d9f45973008c34?s=96&d=mm&r=g\",\"contentUrl\":\"https:\/\/secure.gravatar.com\/avatar\/acd3615833cd4e0b23d9f45973008c34?s=96&d=mm&r=g\",\"caption\":\"dessinateur\"},\"url\":\"https:\/\/nyanpereira.fr\/dessinateur\/author\/dessinateur\/\"}]}<\/script>\n<!-- \/ Yoast SEO plugin. -->","yoast_head_json":{"title":"Photographe Professionnel \/ Secteur BTP \/ JCB FRANCE \/ Cote d'Azur","description":"Photographie et de vid\u00e9o r\u00e9alis\u00e9es pour le secteur du BTP. Engin de chantier et reportage de Travaux Publics. Photographe professionnel Cote d'Azur","robots":{"index":"index","follow":"follow","max-snippet":"max-snippet:-1","max-image-preview":"max-image-preview:large","max-video-preview":"max-video-preview:-1"},"canonical":"https:\/\/nyanpereira.fr\/dessinateur\/photographie-architectures-paca-paris\/","og_locale":"fr_FR","og_type":"article","og_title":"Photographe Professionnel \/ Secteur BTP \/ JCB FRANCE \/ Cote d'Azur","og_description":"Photographie et de vid\u00e9o r\u00e9alis\u00e9es pour le secteur du BTP. Engin de chantier et reportage de Travaux Publics. Photographe professionnel Cote d'Azur","og_url":"https:\/\/nyanpereira.fr\/dessinateur\/photographie-architectures-paca-paris\/","og_site_name":"Service Cr\u00e9atif &amp; Pr\u00e9sentation Artistique","article_published_time":"2015-08-31T12:23:00+00:00","article_modified_time":"2020-05-29T13:19:19+00:00","og_image":[{"width":400,"height":222,"url":"https:\/\/nyanpereira.fr\/dessinateur\/wp-content\/uploads\/2015\/08\/phtgraphie.JCB_.concession.engin_.chantier.jpg","type":"image\/jpeg"}],"twitter_card":"summary_large_image","twitter_misc":{"\u00c9crit par":"dessinateur"},"schema":{"@context":"https:\/\/schema.org","@graph":[{"@type":"Organization","@id":"https:\/\/nyanpereira.fr\/dessinateur\/#organization","name":"storyboarder Freelance","url":"https:\/\/nyanpereira.fr\/dessinateur\/","sameAs":[],"logo":{"@type":"ImageObject","@id":"https:\/\/nyanpereira.fr\/dessinateur\/#logo","inLanguage":"fr-FR","url":"","contentUrl":"","caption":"storyboarder Freelance"},"image":{"@id":"https:\/\/nyanpereira.fr\/dessinateur\/#logo"}},{"@type":"WebSite","@id":"https:\/\/nyanpereira.fr\/dessinateur\/#website","url":"https:\/\/nyanpereira.fr\/dessinateur\/","name":"Service Cr\u00e9atif &amp; Pr\u00e9sentation Artistique","description":"Roughs, Storyboard, Antimatic &amp; Photomontage","publisher":{"@id":"https:\/\/nyanpereira.fr\/dessinateur\/#organization"},"potentialAction":[{"@type":"SearchAction","target":{"@type":"EntryPoint","urlTemplate":"https:\/\/nyanpereira.fr\/dessinateur\/?s={search_term_string}"},"query-input":"required name=search_term_string"}],"inLanguage":"fr-FR"},{"@type":"ImageObject","@id":"https:\/\/nyanpereira.fr\/dessinateur\/photographie-architectures-paca-paris\/#primaryimage","inLanguage":"fr-FR","url":"https:\/\/nyanpereira.fr\/dessinateur\/wp-content\/uploads\/2015\/08\/phtgraphie.JCB_.concession.engin_.chantier.jpg","contentUrl":"https:\/\/nyanpereira.fr\/dessinateur\/wp-content\/uploads\/2015\/08\/phtgraphie.JCB_.concession.engin_.chantier.jpg","width":400,"height":222,"caption":"phtgraphie.JCB.concession.engin.chantier"},{"@type":"WebPage","@id":"https:\/\/nyanpereira.fr\/dessinateur\/photographie-architectures-paca-paris\/#webpage","url":"https:\/\/nyanpereira.fr\/dessinateur\/photographie-architectures-paca-paris\/","name":"Photographe Professionnel \/ Secteur BTP \/ JCB FRANCE \/ Cote d'Azur","isPartOf":{"@id":"https:\/\/nyanpereira.fr\/dessinateur\/#website"},"primaryImageOfPage":{"@id":"https:\/\/nyanpereira.fr\/dessinateur\/photographie-architectures-paca-paris\/#primaryimage"},"datePublished":"2015-08-31T12:23:00+00:00","dateModified":"2020-05-29T13:19:19+00:00","description":"Photographie et de vid\u00e9o r\u00e9alis\u00e9es pour le secteur du BTP. Engin de chantier et reportage de Travaux Publics. Photographe professionnel Cote d'Azur","breadcrumb":{"@id":"https:\/\/nyanpereira.fr\/dessinateur\/photographie-architectures-paca-paris\/#breadcrumb"},"inLanguage":"fr-FR","potentialAction":[{"@type":"ReadAction","target":["https:\/\/nyanpereira.fr\/dessinateur\/photographie-architectures-paca-paris\/"]}]},{"@type":"BreadcrumbList","@id":"https:\/\/nyanpereira.fr\/dessinateur\/photographie-architectures-paca-paris\/#breadcrumb","itemListElement":[{"@type":"ListItem","position":1,"name":"Accueil","item":"https:\/\/nyanpereira.fr\/dessinateur\/"},{"@type":"ListItem","position":2,"name":"Photographe Professionnel Secteur BTP \/ JCB"}]},{"@type":"Article","@id":"https:\/\/nyanpereira.fr\/dessinateur\/photographie-architectures-paca-paris\/#article","isPartOf":{"@id":"https:\/\/nyanpereira.fr\/dessinateur\/photographie-architectures-paca-paris\/#webpage"},"author":{"@id":"https:\/\/nyanpereira.fr\/dessinateur\/#\/schema\/person\/d771f144e8b1bdf8b790b02ba31f71d2"},"headline":"Photographe Professionnel Secteur BTP \/ JCB","datePublished":"2015-08-31T12:23:00+00:00","dateModified":"2020-05-29T13:19:19+00:00","mainEntityOfPage":{"@id":"https:\/\/nyanpereira.fr\/dessinateur\/photographie-architectures-paca-paris\/#webpage"},"wordCount":48,"publisher":{"@id":"https:\/\/nyanpereira.fr\/dessinateur\/#organization"},"image":{"@id":"https:\/\/nyanpereira.fr\/dessinateur\/photographie-architectures-paca-paris\/#primaryimage"},"thumbnailUrl":"https:\/\/nyanpereira.fr\/dessinateur\/wp-content\/uploads\/2015\/08\/phtgraphie.JCB_.concession.engin_.chantier.jpg","keywords":["Illustrateur Photographe PACA-VAR","JCB france","Photographe Studio PACA-VAR(83)","Photographies d\u2019Architectures","PUB \/ Retoucheur photo freelance \u00e0 PARIS"],"articleSection":["Photo Retouche &amp; Retoucheur freelance"],"inLanguage":"fr-FR"},{"@type":"Person","@id":"https:\/\/nyanpereira.fr\/dessinateur\/#\/schema\/person\/d771f144e8b1bdf8b790b02ba31f71d2","name":"dessinateur","image":{"@type":"ImageObject","@id":"https:\/\/nyanpereira.fr\/dessinateur\/#personlogo","inLanguage":"fr-FR","url":"https:\/\/secure.gravatar.com\/avatar\/acd3615833cd4e0b23d9f45973008c34?s=96&d=mm&r=g","contentUrl":"https:\/\/secure.gravatar.com\/avatar\/acd3615833cd4e0b23d9f45973008c34?s=96&d=mm&r=g","caption":"dessinateur"},"url":"https:\/\/nyanpereira.fr\/dessinateur\/author\/dessinateur\/"}]}},"_links":{"self":[{"href":"https:\/\/nyanpereira.fr\/dessinateur\/wp-json\/wp\/v2\/posts\/3659"}],"collection":[{"href":"https:\/\/nyanpereira.fr\/dessinateur\/wp-json\/wp\/v2\/posts"}],"about":[{"href":"https:\/\/nyanpereira.fr\/dessinateur\/wp-json\/wp\/v2\/types\/post"}],"author":[{"embeddable":true,"href":"https:\/\/nyanpereira.fr\/dessinateur\/wp-json\/wp\/v2\/users\/1"}],"replies":[{"embeddable":true,"href":"https:\/\/nyanpereira.fr\/dessinateur\/wp-json\/wp\/v2\/comments?post=3659"}],"version-history":[{"count":19,"href":"https:\/\/nyanpereira.fr\/dessinateur\/wp-json\/wp\/v2\/posts\/3659\/revisions"}],"predecessor-version":[{"id":7249,"href":"https:\/\/nyanpereira.fr\/dessinateur\/wp-json\/wp\/v2\/posts\/3659\/revisions\/7249"}],"wp:featuredmedia":[{"embeddable":true,"href":"https:\/\/nyanpereira.fr\/dessinateur\/wp-json\/wp\/v2\/media\/7248"}],"wp:attachment":[{"href":"https:\/\/nyanpereira.fr\/dessinateur\/wp-json\/wp\/v2\/media?parent=3659"}],"wp:term":[{"taxonomy":"category","embeddable":true,"href":"https:\/\/nyanpereira.fr\/dessinateur\/wp-json\/wp\/v2\/categories?post=3659"},{"taxonomy":"post_tag","embeddable":true,"href":"https:\/\/nyanpereira.fr\/dessinateur\/wp-json\/wp\/v2\/tags?post=3659"}],"curies":[{"name":"wp","href":"https:\/\/api.w.org\/{rel}","templated":true}]}}