{"id":3614,"date":"2015-10-05T10:10:22","date_gmt":"2015-10-05T09:10:22","guid":{"rendered":"http:\/\/nyanpereira.fr\/dessinateur\/?p=3614"},"modified":"2020-05-12T08:58:52","modified_gmt":"2020-05-12T07:58:52","slug":"photomontage-pub","status":"publish","type":"post","link":"https:\/\/nyanpereira.fr\/dessinateur\/photomontage-pub\/","title":{"rendered":"Photomontages : Service &#038; Publicit\u00e9"},"content":{"rendered":"<h5>D\u00e9tendez-vous ! Nous assurons vos pr\u00e9sentations.<\/h5>\n<h6><span style=\"color: #888888;\"><em><strong>PHOTOMONTAGES &amp; RETOUCHE<\/strong><\/em><\/span><\/h6>\n<p>Toute l&rsquo;ann\u00e9e, une arm\u00e9e au service du <a href=\"http:\/\/nyanpereira.fr\/dessinateur\/gallery\/photoroughs-photographie-photomontage-region-paca\/\">Photomontage<\/a>.<br \/>\n<strong>Notre \u00e9quipe assure tous vos <strong>photomontages &amp;\u00a0<\/strong>photographies de janvier \u00e0 d\u00e9cembre sans interruption.<\/strong><\/p>\n<p><a href=\"http:\/\/nyanpereira.fr\/dessinateur\/gallery\/photoroughs-photographie-photomontage-region-paca\/\" target=\"_blank\" rel=\"noopener noreferrer\"><img loading=\"lazy\" class=\"alignleft size-full wp-image-3611\" src=\"http:\/\/nyanpereira.fr\/dessinateur\/wp-content\/uploads\/2015\/01\/PhotomontageSummer.photographe.Clash_.of-clan.nain_.yann_.pereira..png\" alt=\"PhotomontageSummer.photographe.Clash.of clan.nain.yann.pereira.\" width=\"911\" height=\"759\" \/><\/a><br \/>\n<strong>Inspiration R\u00e9f\u00e9rence :<\/strong> Clash of Clans<\/p>\n<p><a href=\"http:\/\/nyanpereira.fr\/dessinateur\/photomontage-pub\/\"><img loading=\"lazy\" class=\"alignleft size-full wp-image-3489\" src=\"http:\/\/nyanpereira.fr\/dessinateur\/wp-content\/uploads\/2013\/05\/Menu.SERVICE.motion.animatic.vid\u00e9o.png\" alt=\"Menu.SERVICE.motion.animatic.vid\u00e9o\" width=\"965\" height=\"727\" \/><\/a><\/p>\n<p><a href=\"http:\/\/nyanpereira.fr\/dessinateur\/photomontage-pub\/\"><img loading=\"lazy\" class=\"alignleft size-full wp-image-3292\" src=\"http:\/\/nyanpereira.fr\/dessinateur\/wp-content\/uploads\/2014\/03\/Composition.plante.rough_.evenement.scenographie.dessin.dessinateur.espace.v\u00e9g\u00e9tal.jpg\" alt=\"Composition.plante.rough.evenement.scenographie.dessin.dessinateur.espace.v\u00e9g\u00e9tal\" width=\"1033\" height=\"622\" \/><\/a><\/p>\n<p><a href=\"http:\/\/nyanpereira.fr\/dessinateur\/photomontage-pub\/\"><img loading=\"lazy\" class=\"alignleft size-full wp-image-3271\" src=\"http:\/\/nyanpereira.fr\/dessinateur\/wp-content\/uploads\/2015\/05\/Photomontage.Publicit\u00e9.photographe.LeroyMerlin.Casorama.bricolage.terrasse.ADEME_.Architecture.jpg\" alt=\"Photomontage.Publicit\u00e9.photographe.LeroyMerlin.Casorama.bricolage.terrasse.ADEME.Architecture\" width=\"900\" height=\"1270\" \/><\/a><\/p>\n<p><a href=\"http:\/\/nyanpereira.fr\/dessinateur\/photomontage-pub\/\"><img loading=\"lazy\" class=\"alignleft size-full wp-image-3272\" src=\"http:\/\/nyanpereira.fr\/dessinateur\/wp-content\/uploads\/2015\/05\/Photomontage.Publicit\u00e9.photographe.LeroyMerlin.Casorama.bricolage.terrasse.ADEME_.jpg\" alt=\"Photomontage.Publicit\u00e9.photographe.LeroyMerlin.Casorama.bricolage.terrasse.ADEME\" width=\"900\" height=\"1270\" \/><\/a><\/p>\n<p><a href=\"http:\/\/nyanpereira.fr\/dessinateur\/photomontage-pub\/\"><img loading=\"lazy\" class=\"alignleft size-full wp-image-3270\" src=\"http:\/\/nyanpereira.fr\/dessinateur\/wp-content\/uploads\/2015\/05\/Photomontage.Publicit\u00e9.photographe.LeroyMerlin.Casorama.bricolage.terrasse.jpg\" alt=\"42-26695187\" width=\"900\" height=\"1270\" \/><\/a><\/p>\n<p><a href=\"http:\/\/nyanpereira.fr\/dessinateur\/photomontage-pub\/\"><img loading=\"lazy\" class=\"alignleft size-full wp-image-3269\" src=\"http:\/\/nyanpereira.fr\/dessinateur\/wp-content\/uploads\/2015\/05\/Photomontage.Publicit\u00e9.photographe.LeroyMerlin.Casorama.bricolage.carrelage.maison.jpg\" alt=\"42-26695187\" width=\"900\" height=\"1270\" \/><\/a><\/p>\n<p><a href=\"http:\/\/nyanpereira.fr\/dessinateur\/photomontage-pub\/\"><img loading=\"lazy\" class=\"alignleft size-full wp-image-2868\" src=\"http:\/\/nyanpereira.fr\/dessinateur\/wp-content\/uploads\/2014\/03\/1.Photoraphe-photomontage-en-Paca.Total-Covering-Eurpcar.jpg\" alt=\"1.Photoraphe-photomontage-en-Paca.Total-Covering-Eurpcar\" width=\"709\" height=\"1358\" \/><\/a><\/p>\n<p><a href=\"http:\/\/nyanpereira.fr\/dessinateur\/photomontage-pub\/\"><img loading=\"lazy\" class=\"alignleft size-full wp-image-2752\" src=\"http:\/\/nyanpereira.fr\/dessinateur\/wp-content\/uploads\/2014\/03\/Photomontage.-heytenS.jpg\" alt=\"photographe-Photomontage-heytens-d\u00e9coration\" width=\"566\" height=\"798\" \/><\/a><\/p>\n<p><a href=\"http:\/\/nyanpereira.fr\/dessinateur\/photomontage-pub\/\"><img loading=\"lazy\" class=\"alignleft size-full wp-image-2234\" src=\"http:\/\/nyanpereira.fr\/dessinateur\/wp-content\/uploads\/2014\/03\/2014-Photomotage.Alimentaire1.jpg\" alt=\"2014-Photomotage.Alimentaire\" width=\"1273\" height=\"900\" \/><\/a><\/p>\n<p><a href=\"http:\/\/nyanpereira.fr\/dessinateur\/photomontage-pub\/\"><img loading=\"lazy\" class=\"alignleft size-full wp-image-2138\" src=\"http:\/\/nyanpereira.fr\/dessinateur\/wp-content\/uploads\/2013\/10\/UNE.porte_.cass\u00e9.jpg\" alt=\"UNE.porte.cass\u00e9\" width=\"840\" height=\"575\" \/><\/a><\/p>\n<p><a href=\"http:\/\/nyanpereira.fr\/dessinateur\/photomontage-pub\/\"><img loading=\"lazy\" class=\"alignleft size-full wp-image-2137\" src=\"http:\/\/nyanpereira.fr\/dessinateur\/wp-content\/uploads\/2013\/10\/Porte.cass\u00e9.Dentifrice.petite-sourie.dent_.forte_.jpg\" alt=\"Porte.cass\u00e9.Dentifrice.petite-sourie.dent.forte\" width=\"840\" height=\"575\" \/><\/a><\/p>\n<p><a href=\"http:\/\/nyanpereira.fr\/dessinateur\/photomontage-pub\/\"><img loading=\"lazy\" class=\"alignleft size-full wp-image-2133\" src=\"http:\/\/nyanpereira.fr\/dessinateur\/wp-content\/uploads\/2013\/10\/R\u00e9vision.Medecin.Tracteur.puzzle.metal_.yann_.pereira.roughman.photorough.jpg\" alt=\"R\u00e9vision.Medecin.Tracteur.puzzle.metal.yann.pereira.roughman.photorough\" width=\"567\" height=\"739\" \/><\/a><\/p>\n<p><a href=\"http:\/\/nyanpereira.fr\/dessinateur\/photomontage-pub\/\"><img loading=\"lazy\" class=\"alignleft size-full wp-image-1605\" src=\"http:\/\/nyanpereira.fr\/dessinateur\/wp-content\/uploads\/2013\/08\/Photomontage.photographie.Roughman.dessin.couleur.yann_.pereira.1fuse.illustration.png\" alt=\"Photomontage.photographie.Roughman.dessin.couleur.yann.pereira.1fuse.illustration\" width=\"1280\" height=\"480\" \/><\/a><\/p>\n<p><a href=\"http:\/\/nyanpereira.fr\/dessinateur\/photomontage-pub\/\"><img loading=\"lazy\" class=\"alignleft size-full wp-image-1608\" src=\"http:\/\/nyanpereira.fr\/dessinateur\/wp-content\/uploads\/2013\/08\/Revision.delko_.photographie.publicit\u00e9.objet_..jpg\" alt=\"Photographe studio &amp; Photomontage pub en PAca \/ Yann.pereira Revision.delko.publicit\u00e9.objet.\" width=\"840\" height=\"575\" \/><\/a><\/p>\n<p><a href=\"http:\/\/nyanpereira.fr\/dessinateur\/photomontage-pub\/\"><img loading=\"lazy\" class=\"alignleft size-full wp-image-1418\" src=\"http:\/\/nyanpereira.fr\/dessinateur\/wp-content\/uploads\/2013\/05\/LE.Morse_2.jpg\" alt=\"Photographe Animalier en PACA \/ YANN PEREIRA. Morse. photomontage.Retouchephoto.Publici\u00e9\" width=\"840\" height=\"575\" \/><\/a><\/p>\n<p><a href=\"http:\/\/nyanpereira.fr\/dessinateur\/photomontage-pub\/\"><img loading=\"lazy\" class=\"alignleft size-full wp-image-1419\" src=\"http:\/\/nyanpereira.fr\/dessinateur\/wp-content\/uploads\/2013\/05\/LE.Rhinoserose2.jpg\" alt=\"Photographe Animalier en PACA \/ YANN PEREIRA. Rhinoserose. photomontage.Retouchephoto.Publici\u00e9\" width=\"840\" height=\"575\" \/><\/a><\/p>\n<p><a href=\"http:\/\/nyanpereira.fr\/dessinateur\/photomontage-pub\/\"><img loading=\"lazy\" class=\"alignleft size-full wp-image-1417\" src=\"http:\/\/nyanpereira.fr\/dessinateur\/wp-content\/uploads\/2013\/05\/LA.banane.jpg\" alt=\"Photographe Alimentaire \u00e0 Nice \/ Yann PEREIRA banane, photomontage,retouche photo 1-fuse\" width=\"1095\" height=\"575\" \/><\/a><\/p>\n<p><a href=\"http:\/\/nyanpereira.fr\/dessinateur\/photomontage-pub\/\"><img loading=\"lazy\" class=\" wp-image-1421 alignleft\" src=\"http:\/\/nyanpereira.fr\/dessinateur\/wp-content\/uploads\/2013\/05\/revision.pneu_.garantie-avie.delko_.publicit\u00e9.promotion.promo_.offert.photographie.photorough.jpg\" alt=\" pneu.delko.publicit\u00e9.promotion.promo.offert.photographie.photomontage.photorough\" width=\"1076\" height=\"575\" \/><\/a><\/p>\n<p><a href=\"http:\/\/nyanpereira.fr\/dessinateur\/photomontage-pub\/\"><img loading=\"lazy\" class=\"alignleft size-full wp-image-1420\" src=\"http:\/\/nyanpereira.fr\/dessinateur\/wp-content\/uploads\/2013\/05\/moitier.pneu_.-delko.publicit\u00e9.promotion.promo_.offert.photographie.photorough.jpg\" alt=\"Photographe studio en PACA \/ YANN PEREIRA pneu.delko.publicit\u00e9.promotion.promo.offert.photographie.photomontage.photorough\" width=\"1076\" height=\"575\" \/><\/a><\/p>\n<p><a href=\"pneu.delko.publicit\u00e9.promotion.promo.offert.photographie.photomontage.photorough\"><img loading=\"lazy\" class=\"alignleft size-full wp-image-1422\" src=\"http:\/\/nyanpereira.fr\/dessinateur\/wp-content\/uploads\/2013\/05\/revision2.Cl\u00e9s.molette.Edition.-delko.publicit\u00e9.promotion.promo_.offert.photographie.photorough.jpg\" alt=\"Photographe Pub \u00e0 Marseille \/ YANN PEREIRA. Automobile.revision.molette.delko.publicit\u00e9.photomontage.photographie.photorough\" width=\"1076\" height=\"575\" \/><\/a><\/p>\n<p><a href=\"pneu.delko.publicit\u00e9.promotion.promo.offert.photographie.photomontage.photorough\"><img loading=\"lazy\" class=\"alignleft size-full wp-image-1424\" src=\"http:\/\/nyanpereira.fr\/dessinateur\/wp-content\/uploads\/2013\/05\/Bijoux.2.piscine.eau_.fond_.marin_..jpg\" alt=\"Studio photo VAR \/ photographie Bijoux piscine.eau.fond.marin.\" width=\"1076\" height=\"575\" \/><\/a><\/p>\n<p><a href=\"pneu.delko.publicit\u00e9.promotion.promo.offert.photographie.photomontage.photorough\"><img loading=\"lazy\" class=\"alignleft size-full wp-image-1423\" src=\"http:\/\/nyanpereira.fr\/dessinateur\/wp-content\/uploads\/2013\/05\/Bijoux.1.piscine.eau_.fond_.marin_..jpg\" alt=\"Photographe Objet VAR \/ photographie Bijoux piscine.eau.fond.marin.(2)\" width=\"1076\" height=\"575\" \/><\/a><\/p>\n","protected":false},"excerpt":{"rendered":"","protected":false},"author":1,"featured_media":7159,"comment_status":"closed","ping_status":"closed","sticky":false,"template":"","format":"standard","meta":[],"categories":[67,60],"tags":[385,174,204,64,205,154,206,142],"yoast_head":"<!-- This site is optimized with the Yoast SEO plugin v17.9 - https:\/\/yoast.com\/wordpress\/plugins\/seo\/ -->\n<title>Photomontages : Service &amp; Publicit\u00e9 - Service Cr\u00e9atif &amp; Pr\u00e9sentation Artistique<\/title>\n<meta name=\"robots\" content=\"index, follow, max-snippet:-1, max-image-preview:large, max-video-preview:-1\" \/>\n<link rel=\"canonical\" href=\"https:\/\/nyanpereira.fr\/dessinateur\/photomontage-pub\/\" \/>\n<meta property=\"og:locale\" content=\"fr_FR\" \/>\n<meta property=\"og:type\" content=\"article\" \/>\n<meta property=\"og:title\" content=\"Photomontages : Service &amp; Publicit\u00e9 - Service Cr\u00e9atif &amp; Pr\u00e9sentation Artistique\" \/>\n<meta property=\"og:url\" content=\"https:\/\/nyanpereira.fr\/dessinateur\/photomontage-pub\/\" \/>\n<meta property=\"og:site_name\" content=\"Service Cr\u00e9atif &amp; Pr\u00e9sentation Artistique\" \/>\n<meta property=\"article:published_time\" content=\"2015-10-05T09:10:22+00:00\" \/>\n<meta property=\"article:modified_time\" content=\"2020-05-12T07:58:52+00:00\" \/>\n<meta property=\"og:image\" content=\"https:\/\/nyanpereira.fr\/dessinateur\/wp-content\/uploads\/2020\/02\/Scenographie.video-motion.retouche-photo.Lapeyre.photohraphe.cuisine.stopmotion-2.jpg\" \/>\n\t<meta property=\"og:image:width\" content=\"400\" \/>\n\t<meta property=\"og:image:height\" content=\"222\" \/>\n\t<meta property=\"og:image:type\" content=\"image\/jpeg\" \/>\n<meta name=\"twitter:card\" content=\"summary_large_image\" \/>\n<meta name=\"twitter:label1\" content=\"\u00c9crit par\" \/>\n\t<meta name=\"twitter:data1\" content=\"dessinateur\" \/>\n<script type=\"application\/ld+json\" class=\"yoast-schema-graph\">{\"@context\":\"https:\/\/schema.org\",\"@graph\":[{\"@type\":\"Organization\",\"@id\":\"https:\/\/nyanpereira.fr\/dessinateur\/#organization\",\"name\":\"storyboarder Freelance\",\"url\":\"https:\/\/nyanpereira.fr\/dessinateur\/\",\"sameAs\":[],\"logo\":{\"@type\":\"ImageObject\",\"@id\":\"https:\/\/nyanpereira.fr\/dessinateur\/#logo\",\"inLanguage\":\"fr-FR\",\"url\":\"\",\"contentUrl\":\"\",\"caption\":\"storyboarder Freelance\"},\"image\":{\"@id\":\"https:\/\/nyanpereira.fr\/dessinateur\/#logo\"}},{\"@type\":\"WebSite\",\"@id\":\"https:\/\/nyanpereira.fr\/dessinateur\/#website\",\"url\":\"https:\/\/nyanpereira.fr\/dessinateur\/\",\"name\":\"Service Cr\\u00e9atif &amp; Pr\\u00e9sentation Artistique\",\"description\":\"Roughs, Storyboard, Antimatic &amp; Photomontage\",\"publisher\":{\"@id\":\"https:\/\/nyanpereira.fr\/dessinateur\/#organization\"},\"potentialAction\":[{\"@type\":\"SearchAction\",\"target\":{\"@type\":\"EntryPoint\",\"urlTemplate\":\"https:\/\/nyanpereira.fr\/dessinateur\/?s={search_term_string}\"},\"query-input\":\"required name=search_term_string\"}],\"inLanguage\":\"fr-FR\"},{\"@type\":\"ImageObject\",\"@id\":\"https:\/\/nyanpereira.fr\/dessinateur\/photomontage-pub\/#primaryimage\",\"inLanguage\":\"fr-FR\",\"url\":\"https:\/\/nyanpereira.fr\/dessinateur\/wp-content\/uploads\/2020\/02\/Scenographie.video-motion.retouche-photo.Lapeyre.photohraphe.cuisine.stopmotion-2.jpg\",\"contentUrl\":\"https:\/\/nyanpereira.fr\/dessinateur\/wp-content\/uploads\/2020\/02\/Scenographie.video-motion.retouche-photo.Lapeyre.photohraphe.cuisine.stopmotion-2.jpg\",\"width\":400,\"height\":222,\"caption\":\"Scenographie.video-motion.retouche-photo.Lapeyre.photohraphe.cuisine.stopmotion-2\"},{\"@type\":\"WebPage\",\"@id\":\"https:\/\/nyanpereira.fr\/dessinateur\/photomontage-pub\/#webpage\",\"url\":\"https:\/\/nyanpereira.fr\/dessinateur\/photomontage-pub\/\",\"name\":\"Photomontages : Service & Publicit\\u00e9 - Service Cr\\u00e9atif &amp; Pr\\u00e9sentation Artistique\",\"isPartOf\":{\"@id\":\"https:\/\/nyanpereira.fr\/dessinateur\/#website\"},\"primaryImageOfPage\":{\"@id\":\"https:\/\/nyanpereira.fr\/dessinateur\/photomontage-pub\/#primaryimage\"},\"datePublished\":\"2015-10-05T09:10:22+00:00\",\"dateModified\":\"2020-05-12T07:58:52+00:00\",\"breadcrumb\":{\"@id\":\"https:\/\/nyanpereira.fr\/dessinateur\/photomontage-pub\/#breadcrumb\"},\"inLanguage\":\"fr-FR\",\"potentialAction\":[{\"@type\":\"ReadAction\",\"target\":[\"https:\/\/nyanpereira.fr\/dessinateur\/photomontage-pub\/\"]}]},{\"@type\":\"BreadcrumbList\",\"@id\":\"https:\/\/nyanpereira.fr\/dessinateur\/photomontage-pub\/#breadcrumb\",\"itemListElement\":[{\"@type\":\"ListItem\",\"position\":1,\"name\":\"Accueil\",\"item\":\"https:\/\/nyanpereira.fr\/dessinateur\/\"},{\"@type\":\"ListItem\",\"position\":2,\"name\":\"Photomontages : Service &#038; Publicit\\u00e9\"}]},{\"@type\":\"Article\",\"@id\":\"https:\/\/nyanpereira.fr\/dessinateur\/photomontage-pub\/#article\",\"isPartOf\":{\"@id\":\"https:\/\/nyanpereira.fr\/dessinateur\/photomontage-pub\/#webpage\"},\"author\":{\"@id\":\"https:\/\/nyanpereira.fr\/dessinateur\/#\/schema\/person\/d771f144e8b1bdf8b790b02ba31f71d2\"},\"headline\":\"Photomontages : Service &#038; Publicit\\u00e9\",\"datePublished\":\"2015-10-05T09:10:22+00:00\",\"dateModified\":\"2020-05-12T07:58:52+00:00\",\"mainEntityOfPage\":{\"@id\":\"https:\/\/nyanpereira.fr\/dessinateur\/photomontage-pub\/#webpage\"},\"wordCount\":44,\"publisher\":{\"@id\":\"https:\/\/nyanpereira.fr\/dessinateur\/#organization\"},\"image\":{\"@id\":\"https:\/\/nyanpereira.fr\/dessinateur\/photomontage-pub\/#primaryimage\"},\"thumbnailUrl\":\"https:\/\/nyanpereira.fr\/dessinateur\/wp-content\/uploads\/2020\/02\/Scenographie.video-motion.retouche-photo.Lapeyre.photohraphe.cuisine.stopmotion-2.jpg\",\"keywords\":[\"Animateur 2D Freelance Paris \/ \\u00eele de France\",\"Artiste Freelance PACA\",\"clash of clans illustration photo\",\"Illustration photo &amp; PhotoMontage paris \\u00eele-de-france\",\"Photographe retouche\",\"Photographe Studio PACA-VAR(83)\",\"Photomontage Arm\\u00e9e de Nains\",\"Virginie.fr- Agent d'illustrateurs &amp; roughman\"],\"articleSection\":[\"Photo Retouche &amp; Retoucheur freelance\",\"PhotoMontage &amp; Publicit\\u00e9\"],\"inLanguage\":\"fr-FR\"},{\"@type\":\"Person\",\"@id\":\"https:\/\/nyanpereira.fr\/dessinateur\/#\/schema\/person\/d771f144e8b1bdf8b790b02ba31f71d2\",\"name\":\"dessinateur\",\"image\":{\"@type\":\"ImageObject\",\"@id\":\"https:\/\/nyanpereira.fr\/dessinateur\/#personlogo\",\"inLanguage\":\"fr-FR\",\"url\":\"https:\/\/secure.gravatar.com\/avatar\/acd3615833cd4e0b23d9f45973008c34?s=96&d=mm&r=g\",\"contentUrl\":\"https:\/\/secure.gravatar.com\/avatar\/acd3615833cd4e0b23d9f45973008c34?s=96&d=mm&r=g\",\"caption\":\"dessinateur\"},\"url\":\"https:\/\/nyanpereira.fr\/dessinateur\/author\/dessinateur\/\"}]}<\/script>\n<!-- \/ Yoast SEO plugin. -->","yoast_head_json":{"title":"Photomontages : Service & Publicit\u00e9 - Service Cr\u00e9atif &amp; Pr\u00e9sentation Artistique","robots":{"index":"index","follow":"follow","max-snippet":"max-snippet:-1","max-image-preview":"max-image-preview:large","max-video-preview":"max-video-preview:-1"},"canonical":"https:\/\/nyanpereira.fr\/dessinateur\/photomontage-pub\/","og_locale":"fr_FR","og_type":"article","og_title":"Photomontages : Service & Publicit\u00e9 - Service Cr\u00e9atif &amp; Pr\u00e9sentation Artistique","og_url":"https:\/\/nyanpereira.fr\/dessinateur\/photomontage-pub\/","og_site_name":"Service Cr\u00e9atif &amp; Pr\u00e9sentation Artistique","article_published_time":"2015-10-05T09:10:22+00:00","article_modified_time":"2020-05-12T07:58:52+00:00","og_image":[{"width":400,"height":222,"url":"https:\/\/nyanpereira.fr\/dessinateur\/wp-content\/uploads\/2020\/02\/Scenographie.video-motion.retouche-photo.Lapeyre.photohraphe.cuisine.stopmotion-2.jpg","type":"image\/jpeg"}],"twitter_card":"summary_large_image","twitter_misc":{"\u00c9crit par":"dessinateur"},"schema":{"@context":"https:\/\/schema.org","@graph":[{"@type":"Organization","@id":"https:\/\/nyanpereira.fr\/dessinateur\/#organization","name":"storyboarder Freelance","url":"https:\/\/nyanpereira.fr\/dessinateur\/","sameAs":[],"logo":{"@type":"ImageObject","@id":"https:\/\/nyanpereira.fr\/dessinateur\/#logo","inLanguage":"fr-FR","url":"","contentUrl":"","caption":"storyboarder Freelance"},"image":{"@id":"https:\/\/nyanpereira.fr\/dessinateur\/#logo"}},{"@type":"WebSite","@id":"https:\/\/nyanpereira.fr\/dessinateur\/#website","url":"https:\/\/nyanpereira.fr\/dessinateur\/","name":"Service Cr\u00e9atif &amp; Pr\u00e9sentation Artistique","description":"Roughs, Storyboard, Antimatic &amp; Photomontage","publisher":{"@id":"https:\/\/nyanpereira.fr\/dessinateur\/#organization"},"potentialAction":[{"@type":"SearchAction","target":{"@type":"EntryPoint","urlTemplate":"https:\/\/nyanpereira.fr\/dessinateur\/?s={search_term_string}"},"query-input":"required name=search_term_string"}],"inLanguage":"fr-FR"},{"@type":"ImageObject","@id":"https:\/\/nyanpereira.fr\/dessinateur\/photomontage-pub\/#primaryimage","inLanguage":"fr-FR","url":"https:\/\/nyanpereira.fr\/dessinateur\/wp-content\/uploads\/2020\/02\/Scenographie.video-motion.retouche-photo.Lapeyre.photohraphe.cuisine.stopmotion-2.jpg","contentUrl":"https:\/\/nyanpereira.fr\/dessinateur\/wp-content\/uploads\/2020\/02\/Scenographie.video-motion.retouche-photo.Lapeyre.photohraphe.cuisine.stopmotion-2.jpg","width":400,"height":222,"caption":"Scenographie.video-motion.retouche-photo.Lapeyre.photohraphe.cuisine.stopmotion-2"},{"@type":"WebPage","@id":"https:\/\/nyanpereira.fr\/dessinateur\/photomontage-pub\/#webpage","url":"https:\/\/nyanpereira.fr\/dessinateur\/photomontage-pub\/","name":"Photomontages : Service & Publicit\u00e9 - Service Cr\u00e9atif &amp; Pr\u00e9sentation Artistique","isPartOf":{"@id":"https:\/\/nyanpereira.fr\/dessinateur\/#website"},"primaryImageOfPage":{"@id":"https:\/\/nyanpereira.fr\/dessinateur\/photomontage-pub\/#primaryimage"},"datePublished":"2015-10-05T09:10:22+00:00","dateModified":"2020-05-12T07:58:52+00:00","breadcrumb":{"@id":"https:\/\/nyanpereira.fr\/dessinateur\/photomontage-pub\/#breadcrumb"},"inLanguage":"fr-FR","potentialAction":[{"@type":"ReadAction","target":["https:\/\/nyanpereira.fr\/dessinateur\/photomontage-pub\/"]}]},{"@type":"BreadcrumbList","@id":"https:\/\/nyanpereira.fr\/dessinateur\/photomontage-pub\/#breadcrumb","itemListElement":[{"@type":"ListItem","position":1,"name":"Accueil","item":"https:\/\/nyanpereira.fr\/dessinateur\/"},{"@type":"ListItem","position":2,"name":"Photomontages : Service &#038; Publicit\u00e9"}]},{"@type":"Article","@id":"https:\/\/nyanpereira.fr\/dessinateur\/photomontage-pub\/#article","isPartOf":{"@id":"https:\/\/nyanpereira.fr\/dessinateur\/photomontage-pub\/#webpage"},"author":{"@id":"https:\/\/nyanpereira.fr\/dessinateur\/#\/schema\/person\/d771f144e8b1bdf8b790b02ba31f71d2"},"headline":"Photomontages : Service &#038; Publicit\u00e9","datePublished":"2015-10-05T09:10:22+00:00","dateModified":"2020-05-12T07:58:52+00:00","mainEntityOfPage":{"@id":"https:\/\/nyanpereira.fr\/dessinateur\/photomontage-pub\/#webpage"},"wordCount":44,"publisher":{"@id":"https:\/\/nyanpereira.fr\/dessinateur\/#organization"},"image":{"@id":"https:\/\/nyanpereira.fr\/dessinateur\/photomontage-pub\/#primaryimage"},"thumbnailUrl":"https:\/\/nyanpereira.fr\/dessinateur\/wp-content\/uploads\/2020\/02\/Scenographie.video-motion.retouche-photo.Lapeyre.photohraphe.cuisine.stopmotion-2.jpg","keywords":["Animateur 2D Freelance Paris \/ \u00eele de France","Artiste Freelance PACA","clash of clans illustration photo","Illustration photo &amp; PhotoMontage paris \u00eele-de-france","Photographe retouche","Photographe Studio PACA-VAR(83)","Photomontage Arm\u00e9e de Nains","Virginie.fr- Agent d'illustrateurs &amp; roughman"],"articleSection":["Photo Retouche &amp; Retoucheur freelance","PhotoMontage &amp; Publicit\u00e9"],"inLanguage":"fr-FR"},{"@type":"Person","@id":"https:\/\/nyanpereira.fr\/dessinateur\/#\/schema\/person\/d771f144e8b1bdf8b790b02ba31f71d2","name":"dessinateur","image":{"@type":"ImageObject","@id":"https:\/\/nyanpereira.fr\/dessinateur\/#personlogo","inLanguage":"fr-FR","url":"https:\/\/secure.gravatar.com\/avatar\/acd3615833cd4e0b23d9f45973008c34?s=96&d=mm&r=g","contentUrl":"https:\/\/secure.gravatar.com\/avatar\/acd3615833cd4e0b23d9f45973008c34?s=96&d=mm&r=g","caption":"dessinateur"},"url":"https:\/\/nyanpereira.fr\/dessinateur\/author\/dessinateur\/"}]}},"_links":{"self":[{"href":"https:\/\/nyanpereira.fr\/dessinateur\/wp-json\/wp\/v2\/posts\/3614"}],"collection":[{"href":"https:\/\/nyanpereira.fr\/dessinateur\/wp-json\/wp\/v2\/posts"}],"about":[{"href":"https:\/\/nyanpereira.fr\/dessinateur\/wp-json\/wp\/v2\/types\/post"}],"author":[{"embeddable":true,"href":"https:\/\/nyanpereira.fr\/dessinateur\/wp-json\/wp\/v2\/users\/1"}],"replies":[{"embeddable":true,"href":"https:\/\/nyanpereira.fr\/dessinateur\/wp-json\/wp\/v2\/comments?post=3614"}],"version-history":[{"count":34,"href":"https:\/\/nyanpereira.fr\/dessinateur\/wp-json\/wp\/v2\/posts\/3614\/revisions"}],"predecessor-version":[{"id":3616,"href":"https:\/\/nyanpereira.fr\/dessinateur\/wp-json\/wp\/v2\/posts\/3614\/revisions\/3616"}],"wp:featuredmedia":[{"embeddable":true,"href":"https:\/\/nyanpereira.fr\/dessinateur\/wp-json\/wp\/v2\/media\/7159"}],"wp:attachment":[{"href":"https:\/\/nyanpereira.fr\/dessinateur\/wp-json\/wp\/v2\/media?parent=3614"}],"wp:term":[{"taxonomy":"category","embeddable":true,"href":"https:\/\/nyanpereira.fr\/dessinateur\/wp-json\/wp\/v2\/categories?post=3614"},{"taxonomy":"post_tag","embeddable":true,"href":"https:\/\/nyanpereira.fr\/dessinateur\/wp-json\/wp\/v2\/tags?post=3614"}],"curies":[{"name":"wp","href":"https:\/\/api.w.org\/{rel}","templated":true}]}}