{"id":3501,"date":"2019-02-09T09:14:04","date_gmt":"2019-02-09T08:14:04","guid":{"rendered":"http:\/\/nyanpereira.fr\/dessinateur\/?p=3501"},"modified":"2020-06-09T15:50:20","modified_gmt":"2020-06-09T14:50:20","slug":"photomontage-total-covering-campagne-vehicule-utilitaire-jcb-france","status":"publish","type":"post","link":"https:\/\/nyanpereira.fr\/dessinateur\/photomontage-total-covering-campagne-vehicule-utilitaire-jcb-france\/","title":{"rendered":"TOTAL COVERING &#8211; Campagne v\u00e9hicule utilitaire"},"content":{"rendered":"<p>&nbsp;<\/p>\n<div class=\"video-container\"><iframe src=\"https:\/\/player.vimeo.com\/video\/128993003?title=0&amp;byline=0&amp;portrait=0\" width=\"\" height=\"\" frameborder=\"0\" webkitallowfullscreen mozallowfullscreen allowfullscreen><\/iframe><\/div>\n<p><a href=\"https:\/\/nyanpereira.fr\/dessinateur\/wp-content\/uploads\/2017\/03\/Photographe..studio.publiciter.campagne.communication.ad_.jpg\"><img loading=\"lazy\" class=\"aligncenter wp-image-4578 size-full\" src=\"https:\/\/nyanpereira.fr\/dessinateur\/wp-content\/uploads\/2017\/03\/Photographe..studio.publiciter.campagne.communication.ad_.jpg\" alt=\"total covering Campagne v\u00e9hicule utilitaire\" width=\"650\" height=\"945\" \/><\/a><strong>Le photomontage est un art au service de vos Total Covering qui permet de fusionner les univers entre eux et ainsi donner naissance \u00e0 une <span class=\"module__title__link\">campagne v\u00e9hicule utilitaire<\/span> \u00e9tonnante et d\u00e9cal\u00e9e. D\u00e9couvrez le Making-Of de cette campagne v\u00e9hicule utilitaire JCB avec des photomontages trompe-l\u2019\u0153il en <span class=\"module__title__link\">Total covering<\/span>.<\/strong><\/p>\n<p>JCB| Service Assistance renforce sa communication avec une nouvelle campagne \u00ab\u00a0Adh\u00e9sive\u00a0\u00bb sur sa flotte de v\u00e9hicules utilitaires. <span style=\"color: #999999;\">(ou Covering)<\/span><br \/>\nUne campagne v\u00e9hicule compos\u00e9e de plusieurs visuel Trompe-l&rsquo;oeil. Le premier illustre les interventions terrain et l&rsquo;efficacit\u00e9 de leurs techniciens \u00e0 s&rsquo;adapter tout type de situation <span style=\"color: #999999;\">(Urgence, absence de courant, intep\u00e9rie&#8230;)<\/span> Et le second pr\u00e9sente une intervention garage et l&rsquo;avanc\u00e9e technologique des engins de chantier JCB.<\/p>\n<hr \/>\n<h6 style=\"text-align: center;\">Saviez-vous qu&rsquo;un utilitaire mobile est 5 fois plus visible qu&rsquo;une publicit\u00e9 sur un panneau statique ?<\/h6>\n<hr \/>\n<p>C&rsquo;est sur ce constat que l\u2019enseigne JCB, leader mondial en chargeuse pelleteuse a d\u00e9velopp\u00e9 sa strat\u00e9gie de communication SAV. Avec une campagne print compos\u00e9e de 2 COVERING trompe-l\u2019\u0153il \u00e0 la r\u00e9alisation \u00e9pur\u00e9e. Deux photographies de type studio qui illustrent leurs techniciens en intervention.<\/p>\n<p><strong>\u2022 UN VISUEL CHANTIER qui souligne la flexibilit\u00e9 et l&rsquo;adaptation des techniciens aux d\u00e9pannages d&rsquo;urgence.<\/strong><\/p>\n<p><strong>\u2022 UN VISUEL ATELIER qui illustre l\u2019\u00e9quipement du garage et les innovations technologiques n\u00e9cessaires \u00e0 l&rsquo;entretien des engins JCB.<\/strong><\/p>\n<p><strong>Gage de qualit\u00e9 pour les clients !<\/strong> Cette campagne publicitaire mobile renforce la pr\u00e9sence de la marque sur le terrain. Et au Service Assistance de JCB FRANCE de gagner de nouvelles parts de march\u00e9 dans le secteur de l&rsquo;industrie et du BTP.<\/p>\n<div id=\"attachment_3506\" style=\"width: 1034px\" class=\"wp-caption aligncenter\"><a href=\"https:\/\/nyanpereira.fr\/dessinateur\/galleries\/photomontage-jcb\/\"><img aria-describedby=\"caption-attachment-3506\" loading=\"lazy\" class=\"wp-image-3506 size-large\" src=\"https:\/\/nyanpereira.fr\/dessinateur\/wp-content\/uploads\/2015\/06\/JCB.SAV_.Camion.trompeloeil.visuel.photographe.1-1024x576.jpg\" alt=\"JCB.SAV.Camion.trompel'oeil.visuel.photographe.1\" width=\"1024\" height=\"576\" \/><\/a><p id=\"caption-attachment-3506\" class=\"wp-caption-text\">Total covering Campagne v\u00e9hicule utilitaire<\/p><\/div>\n<p><strong><a href=\"https:\/\/nyanpereira.fr\/dessinateur\/wp-content\/uploads\/2015\/06\/JCB.SAV_.Camion.Caros_.nice_.06.trompeloeil.visuel.Pose_.totalCovering..jpg\"><img loading=\"lazy\" class=\"aligncenter wp-image-3504 size-large\" src=\"https:\/\/nyanpereira.fr\/dessinateur\/wp-content\/uploads\/2015\/06\/JCB.SAV_.Camion.Caros_.nice_.06.trompeloeil.visuel.Pose_.totalCovering.-1024x576.jpg\" alt=\"Total Covering total Campagne v\u00e9hicule camion\" width=\"1024\" height=\"576\" \/><\/a><\/strong><\/p>\n<p>&nbsp;<\/p>\n<hr \/>\n<h6>Les \u00e9tapes d&rsquo;une campagne de Covering r\u00e9ussie<\/h6>\n<p><span style=\"color: #663399;\"><strong>Cet article illustre notre m\u00e9thodologie. Une m\u00e9thode cr\u00e9ative pour accompagner nos clients de la conception \u00e0 la production d&rsquo;une campagne de publicit\u00e9.<\/strong><\/span><\/p>\n<p>Du storyboard au Photomontage ou de l&rsquo;impression \u00e0 la pose des adh\u00e9sifs. <span style=\"color: #888888;\">(Casting, Rep\u00e9rage, r\u00e9git, cromalin, BAT&#8230;) <\/span>Nous sommes une structure mobile et r\u00e9active, compos\u00e9e d&rsquo;une \u00e9quipe de 6 artistes qui travaille en partenariat avec de nombreux cr\u00e9atifs. Story-boardeur, d<span class=\"module__title__link\">\u00e9veloppeur<\/span>, photographe, <a href=\"http:\/\/www.make-ep.fr\" target=\"_blank\" rel=\"noopener noreferrer\">maquilleuse<\/a>, coiffeur, stylistes, <a href=\"https:\/\/www.decoader.com\">imprimeur<\/a>\u2026Bref un groupement d\u2019artiste r\u00e9uni <strong>pour s\u2019adapter aux march\u00e9s de la communication et des nouvelles technologies.<\/strong><\/p>\n<p>&nbsp;<\/p>\n<p><img loading=\"lazy\" class=\"alignleft size-full wp-image-7598\" src=\"https:\/\/nyanpereira.fr\/dessinateur\/wp-content\/uploads\/2019\/02\/JCB.SAV_.rough_.dessinateur.publicite-.camion12.jpg\" alt=\"\" width=\"1075\" height=\"605\" \/><img loading=\"lazy\" class=\"alignleft size-full wp-image-7599\" src=\"https:\/\/nyanpereira.fr\/dessinateur\/wp-content\/uploads\/2019\/02\/JCB.SAV_.rough_.dessinateur.publicite.total_.covering.camion.jpg\" alt=\"\" width=\"1075\" height=\"605\" \/><\/p>\n<p>&nbsp;<\/p>\n<h6><span style=\"color: #663399;\"><strong>N\u00b01 RoughMan &amp; conception :<\/strong><\/span><\/h6>\n<p>Premi\u00e8rement, pour toutes nos pr\u00e9sentations clients, nous r\u00e9alisons des roughs ou croquis rapides. Ils permettent d&rsquo;exprimer nos id\u00e9es et surtout \u00e9changer sur le sujet. Corrig\u00e9s, modifi\u00e9s, optimiser puis valid\u00e9. Ils servent de cahier des charges \u00e0 la direction artistique et \u00e0 l&rsquo;organisation de ses \u00e9quipes lors de la prise de vue. <strong>Mais surtout ils nous permettent de d\u00e9finir une strat\u00e9gie de production en vue du budget disponible.<\/strong> <span style=\"color: #999999;\"><em>(prise de vue studio, fabrication de d\u00e9cors, retouche en milieu naturel, cr\u00e9ation de costume, nombre de mannequin, &#8230;)<\/em> <\/span><\/p>\n<p>En d&rsquo;autres termes, ces roughs sont indispensables au bon d\u00e9roulement d&rsquo;une campagne Covering.<\/p>\n<a class=\"button small \" onclick=\"window.open('https:\/\/nyanpereira.fr\/dessinateur\/universcience-expo-effets-speciaux\/', '_self')\"><strong>D\u00e9couvrir d&rsquo;autres roughs &amp; croquis ? <\/strong><\/a>\n<p>&nbsp;<\/p>\n<p><a href=\"https:\/\/nyanpereira.fr\/dessinateur\/wp-content\/uploads\/2015\/06\/JCB.SAV_.Engin_.Chantier.photographe.professionel.1.jpg\"><img loading=\"lazy\" class=\"aligncenter wp-image-3518 size-large\" src=\"https:\/\/nyanpereira.fr\/dessinateur\/wp-content\/uploads\/2015\/06\/JCB.SAV_.Engin_.Chantier.photographe.professionel.1-1024x576.jpg\" alt=\"Phototgraphe professionel Engin Chantier JCB\" width=\"1024\" height=\"576\" \/><\/a><\/p>\n<p><a href=\"https:\/\/nyanpereira.fr\/dessinateur\/wp-content\/uploads\/2015\/06\/JCB.SAV_.Engin_.Chantier.photographe.professionel.2.jpg\"><img loading=\"lazy\" class=\"aligncenter wp-image-3519 size-large\" src=\"https:\/\/nyanpereira.fr\/dessinateur\/wp-content\/uploads\/2015\/06\/JCB.SAV_.Engin_.Chantier.photographe.professionel.2-1024x576.jpg\" alt=\"Phototgraphe professionel Engin Chantier JCB\" width=\"1024\" height=\"576\" \/><\/a><\/p>\n<h6><span style=\"color: #663399;\"><strong>N\u00b02 STRAT\u00c9GIE DE PRODUCTION, PLUSIEURS OPTIONS S\u2019OFFRENT A VOUS:<\/strong><\/span><\/h6>\n<p><strong>Les strat\u00e9gies de production sont nombreuses ce n&rsquo;est pas le sujet de cet article&#8230; <\/strong>Sur cette campagne nous avons privil\u00e9gi\u00e9 le photomontage et sa post-production car contrairement \u00e0 la <b>prise<\/b><strong> de vue photographique qui ne permet pas de revenir sur le visuel une fois immortalis\u00e9<\/strong>. Le photomontage, plus souple permet de travailler tout les \u00e9l\u00e9ments s\u00e9par\u00e9ment puis \u00e0 la fin, de composer le visuel. <span style=\"color: #999999;\">( Engins, atelier, mannequin, paysage&#8230;) <\/span> Important : pour cette option une r\u00e9el connaissance des outils num\u00e9riques est n\u00e9cessaire et il est imp\u00e9ratif de pouvoir anticiper les diff\u00e9rentes \u00e9tapes du <b>montage<\/b> au moment de la prise de vue. <span style=\"color: #999999;\">(d\u00e9tourages , retouches, coh\u00e9rences des lumi\u00e8res&#8230;)<\/span><\/p>\n<h6>le photomontage<\/h6>\n<p>Cette strat\u00e9gie de production est certe plus longue \u00e0 mettre en place mais par la suite est un r\u00e9el gain de temps. Elle permet d&rsquo;anticiper les changements de format d&rsquo;impression <span style=\"color: #999999;\"><em><span style=\"color: #000000;\">ou nouveaux mod\u00e8les v\u00e9hicule<\/span> (trafic, jumpy&#8230;)<\/em> <\/span>Et l\u2019absorbion des corrections de derni\u00e8re minute des clients<span style=\"color: #999999;\"><em>.<\/em><\/span><\/p>\n<a class=\"button small \" onclick=\"window.open('https:\/\/nyanpereira.fr\/dessinateur\/universcience-expo-effets-speciaux\/', '_self')\"><strong>D\u00e9couvrir d&rsquo;autres strat\u00e9gies de production ? <\/strong><\/a>\n<p><span style=\"color: #999999;\"> Ps : Pour la prise de vue des engins de chantier de plus 10 tonnes qui ne rentre pas dans un studio. Pas dans le miens du moins&#8230; <\/span><span style=\"color: #999999;\">Travaillez de nuit pour ne pas que les lumi\u00e8res ext\u00e9rieures et la courbe du soleil perturbent la coh\u00e9rence de vos lumi\u00e8res.<\/span><\/p>\n<p><a href=\"https:\/\/nyanpereira.fr\/dessinateur\/wp-content\/uploads\/2015\/06\/JCB.SAV_.Cromalin.trompeloeil.visuel.photographe.professionel.jpg\"><img loading=\"lazy\" class=\"aligncenter wp-image-3511 size-large\" src=\"https:\/\/nyanpereira.fr\/dessinateur\/wp-content\/uploads\/2015\/06\/JCB.SAV_.Cromalin.trompeloeil.visuel.photographe.professionel-1024x576.jpg\" alt=\"Cromalin.impression.photographie.camion\" width=\"1024\" height=\"576\" \/><\/a><\/p>\n<p><a href=\"https:\/\/nyanpereira.fr\/dessinateur\/wp-content\/uploads\/2015\/06\/JCB.SAV_.6.jpg\"><img loading=\"lazy\" class=\"aligncenter wp-image-3531 size-large\" src=\"https:\/\/nyanpereira.fr\/dessinateur\/wp-content\/uploads\/2015\/06\/JCB.SAV_.6-1024x576.jpg\" alt=\"Cromalin.test.impression.BAT.sticker.camion\" width=\"1024\" height=\"576\" \/><\/a><\/p>\n<h6><span style=\"color: #663399;\"><strong>N\u00b03 <\/strong><\/span><span style=\"color: #663399;\"><strong>Impression de Cromalin num\u00e9rique certifi\u00e9e :<\/strong><\/span><\/h6>\n<p>Rien ne remplace une impression papier pour v\u00e9rifier les petits d\u00e9tails et passer au peigne fin les oublis de l&rsquo;\u00e9cran. Surtout sur des formats si grands ! L&rsquo;impression d&rsquo;un cromalin num\u00e9rique certifi\u00e9e avant de lancer la production est indispensable. Indispensable pour v\u00e9rifier la coh\u00e9rence des nuances et la conformit\u00e9 des couleurs de la charte graphique. Vous \u00eates satisfait du rendu ? Validons le B.A.T (Bon \u00e0 tirer). Il servira \u00ab d&rsquo;image r\u00e9f\u00e9rence \u00bb tout au long du tirage. En clair, c&rsquo;est la r\u00e9f\u00e9rence colorim\u00e9trique de votre image et m\u00eame si vous changez d&rsquo;imprimeries, les couleurs ne changeront pas.<\/p>\n<h6><span style=\"color: #663399;\"><strong><a href=\"https:\/\/nyanpereira.fr\/dessinateur\/galleries\/photomontage-jcb\/\"><img loading=\"lazy\" class=\"aligncenter wp-image-3507 size-large\" src=\"https:\/\/nyanpereira.fr\/dessinateur\/wp-content\/uploads\/2015\/06\/JCB.SAV_.Camion.trompeloeil.visuel.photographe.2-1024x576.jpg\" alt=\"Pose sticker adesif camion utilitaire\" width=\"1024\" height=\"576\" \/><\/a><a href=\"https:\/\/nyanpereira.fr\/dessinateur\/wp-content\/uploads\/2015\/06\/JCB.1fuse.Philosophie.pose_.sticker..jpg\"><img loading=\"lazy\" class=\"aligncenter wp-image-3533 size-large\" src=\"https:\/\/nyanpereira.fr\/dessinateur\/wp-content\/uploads\/2015\/06\/JCB.1fuse.Philosophie.pose_.sticker.-1024x576.jpg\" alt=\"DECOADER \/ Pose sticker adesif camion utilitaire\" width=\"1024\" height=\"576\" \/><\/a><\/strong><\/span><\/h6>\n<p><img loading=\"lazy\" class=\"size-full wp-image-9076 aligncenter\" src=\"https:\/\/nyanpereira.fr\/dessinateur\/wp-content\/uploads\/2020\/01\/10.photomontage.photomanipulation.pub_.photographe.freelance.paris4_.jpg\" alt=\"\" width=\"650\" height=\"945\" \/><\/p>\n<h6><span style=\"color: #663399;\"><strong>N\u00b04 Pose d&rsquo;Adhesif Total Covering &amp; Poseurs Adh\u00e9sif Vinyle pro<br \/>\n<\/strong><\/span><\/h6>\n<p><span style=\"color: #000000;\">M\u00e9thode de pose s\u00e8che ou mouill\u00e9e sur v\u00e9hicule l&rsquo; habillage de <b>v\u00e9hicules<\/b> ou Totalcovering utilitaire <strong>requiert un savoir-faire sp\u00e9cifique qui combine \u00e0 la fois pr\u00e9cision, qualit\u00e9 et rapidit\u00e9.<\/strong> <\/span><span style=\"color: #000000;\"> Des projets d&rsquo;envergure comme un TOTAL COVERING ou le d\u00e9ploiement d&rsquo;une Campagne v\u00e9hicule utilitaire au sein d&rsquo;un r\u00e9seau font l&rsquo;objet d&rsquo;une gestion logistique sur-mesure.<br \/>\n<\/span><\/p>\n<p>Avant de commencer la pose, il est important de savoir que le support doit \u00eatre \u00e0 une temp\u00e9rature de 15 \u00e0 20\u00b0 C <span style=\"color: #999999;\"><em>(en particulier pour les poses mouill\u00e9es)<\/em><\/span>. Et que l&rsquo;adh\u00e9rence de l\u2019adh\u00e9sif est seulement optimum apr\u00e8s 36 heures. Si vous ne pouvez pas conserver votre support \u00e0 cette temp\u00e9rature pendant ce laps de temps, il est fortement recommand\u00e9 de faire appel a un professionnel.<\/p>\n<a class=\"button small \"><strong>Contacter un techniciens professionnel ? <\/strong><\/a>\n<p><span style=\"color: #999999;\">Ceci \u00e9tant dit voici une petite notice : <\/span><br \/>\n<span style=\"color: #999999;\">&#8211; D\u00e9graissez le support \u00e0 l&rsquo;aide d&rsquo;un nettoyant pour vitres par exemple.<\/span><br \/>\n<span style=\"color: #999999;\">&#8211; Positionnez vos laises autocollantes et composer votre visuel \u00e0 l&rsquo;endroit voulu sur le support \u00e0 l&rsquo;aide de scotch ou d&rsquo;aimant puissant<\/span><br \/>\n<span style=\"color: #999999;\">&#8211; Lisser l&rsquo;autocollant de haut en bas par petites avanc\u00e9es de mani\u00e8re \u00e0 chasser les bulles d&rsquo;air entre la laise et le support<\/span><br \/>\n<span style=\"color: #999999;\">&#8211; Retirez progressivement le papier silicon\u00e9<\/span><br \/>\n<span style=\"color: #999999;\">&#8211; Retirer le papier d&rsquo;application en le faisant glisser \u00e0 plat.<\/span><\/p>\n<p><span style=\"color: #999999;\"> Ps : Bien que la pose par beau temps soit id\u00e9ale, il est d\u00e9conseill\u00e9 de poser les autocollants avec le soleil dans le dos, le soleil frappant directemente le support. Et cela augmente tr\u00e8s fortement la formation de bulles.<\/span><\/p>\n<p><img loading=\"lazy\" class=\"alignleft wp-image-3532 size-large\" src=\"https:\/\/nyanpereira.fr\/dessinateur\/wp-content\/uploads\/2015\/06\/JCB.1fuse.Philosophie-1024x576.jpg\" alt=\"Philosophie politique d'entreprise\" width=\"1024\" height=\"576\" \/><\/p>\n<p>&nbsp;<\/p>\n<p><strong>Client : JCB FRANCE \/\/ Service Assistance<br \/>\n<\/strong><strong>Conception &amp; Creation :<\/strong> 1-fuse communication<br \/>\n<strong>Photographe freelance Paris :<\/strong>\u00a0 Yann PEREIRA<br \/>\n<strong>Impression &amp; Pose :<\/strong> <a href=\"http:\/\/www.decoader.com\/fr\" target=\"_blank\" rel=\"noopener noreferrer\">DECO<strong>ADER<\/strong><\/a><\/p>\n","protected":false},"excerpt":{"rendered":"","protected":false},"author":1,"featured_media":7162,"comment_status":"closed","ping_status":"closed","sticky":false,"template":"","format":"video","meta":[],"categories":[376,67,60],"tags":[358,353,356,355,354,357,365,349,191,364,154,171,156,363,348,347,392,352],"yoast_head":"<!-- This site is optimized with the Yoast SEO plugin v17.9 - https:\/\/yoast.com\/wordpress\/plugins\/seo\/ -->\n<title>TOTAL COVERING - Campagne v\u00e9hicule utilitaire \/\/ JCB FRANCE<\/title>\n<meta name=\"description\" content=\"Le photomontage au service de du Total Covering. Fusionnez les univers et donnez naissance \u00e0 une campagne v\u00e9hicule utilitaire \u00e9tonnantes \/\/ JCB FRANCE\" \/>\n<meta name=\"robots\" content=\"index, follow, max-snippet:-1, max-image-preview:large, max-video-preview:-1\" \/>\n<link rel=\"canonical\" href=\"https:\/\/nyanpereira.fr\/dessinateur\/photomontage-total-covering-campagne-vehicule-utilitaire-jcb-france\/\" \/>\n<meta property=\"og:locale\" content=\"fr_FR\" \/>\n<meta property=\"og:type\" content=\"article\" \/>\n<meta property=\"og:title\" content=\"TOTAL COVERING - Campagne v\u00e9hicule utilitaire \/\/ JCB FRANCE\" \/>\n<meta property=\"og:description\" content=\"Le photomontage au service de du Total Covering. Fusionnez les univers et donnez naissance \u00e0 une campagne v\u00e9hicule utilitaire \u00e9tonnantes \/\/ JCB FRANCE\" \/>\n<meta property=\"og:url\" content=\"https:\/\/nyanpereira.fr\/dessinateur\/photomontage-total-covering-campagne-vehicule-utilitaire-jcb-france\/\" \/>\n<meta property=\"og:site_name\" content=\"Service Cr\u00e9atif &amp; Pr\u00e9sentation Artistique\" \/>\n<meta property=\"article:published_time\" content=\"2019-02-09T08:14:04+00:00\" \/>\n<meta property=\"article:modified_time\" content=\"2020-06-09T14:50:20+00:00\" \/>\n<meta property=\"og:image\" content=\"https:\/\/nyanpereira.fr\/dessinateur\/wp-content\/uploads\/2020\/02\/Videomaking-of-photomontage.JCB_.sticker.total_.covering.campagne.PUB_.2.jpg\" \/>\n\t<meta property=\"og:image:width\" content=\"400\" \/>\n\t<meta property=\"og:image:height\" content=\"222\" \/>\n\t<meta property=\"og:image:type\" content=\"image\/jpeg\" \/>\n<meta name=\"twitter:card\" content=\"summary_large_image\" \/>\n<meta name=\"twitter:label1\" content=\"\u00c9crit par\" \/>\n\t<meta name=\"twitter:data1\" content=\"dessinateur\" \/>\n\t<meta name=\"twitter:label2\" content=\"Dur\u00e9e de lecture estim\u00e9e\" \/>\n\t<meta name=\"twitter:data2\" content=\"6 minutes\" \/>\n<script type=\"application\/ld+json\" class=\"yoast-schema-graph\">{\"@context\":\"https:\/\/schema.org\",\"@graph\":[{\"@type\":\"Organization\",\"@id\":\"https:\/\/nyanpereira.fr\/dessinateur\/#organization\",\"name\":\"storyboarder Freelance\",\"url\":\"https:\/\/nyanpereira.fr\/dessinateur\/\",\"sameAs\":[],\"logo\":{\"@type\":\"ImageObject\",\"@id\":\"https:\/\/nyanpereira.fr\/dessinateur\/#logo\",\"inLanguage\":\"fr-FR\",\"url\":\"\",\"contentUrl\":\"\",\"caption\":\"storyboarder Freelance\"},\"image\":{\"@id\":\"https:\/\/nyanpereira.fr\/dessinateur\/#logo\"}},{\"@type\":\"WebSite\",\"@id\":\"https:\/\/nyanpereira.fr\/dessinateur\/#website\",\"url\":\"https:\/\/nyanpereira.fr\/dessinateur\/\",\"name\":\"Service Cr\\u00e9atif &amp; Pr\\u00e9sentation Artistique\",\"description\":\"Roughs, Storyboard, Antimatic &amp; Photomontage\",\"publisher\":{\"@id\":\"https:\/\/nyanpereira.fr\/dessinateur\/#organization\"},\"potentialAction\":[{\"@type\":\"SearchAction\",\"target\":{\"@type\":\"EntryPoint\",\"urlTemplate\":\"https:\/\/nyanpereira.fr\/dessinateur\/?s={search_term_string}\"},\"query-input\":\"required name=search_term_string\"}],\"inLanguage\":\"fr-FR\"},{\"@type\":\"ImageObject\",\"@id\":\"https:\/\/nyanpereira.fr\/dessinateur\/photomontage-total-covering-campagne-vehicule-utilitaire-jcb-france\/#primaryimage\",\"inLanguage\":\"fr-FR\",\"url\":\"https:\/\/nyanpereira.fr\/dessinateur\/wp-content\/uploads\/2020\/02\/Videomaking-of-photomontage.JCB_.sticker.total_.covering.campagne.PUB_.2.jpg\",\"contentUrl\":\"https:\/\/nyanpereira.fr\/dessinateur\/wp-content\/uploads\/2020\/02\/Videomaking-of-photomontage.JCB_.sticker.total_.covering.campagne.PUB_.2.jpg\",\"width\":400,\"height\":222,\"caption\":\"Videomaking-of-photomontage.JCB.sticker.total.covering.campagne.PUB.2\"},{\"@type\":\"WebPage\",\"@id\":\"https:\/\/nyanpereira.fr\/dessinateur\/photomontage-total-covering-campagne-vehicule-utilitaire-jcb-france\/#webpage\",\"url\":\"https:\/\/nyanpereira.fr\/dessinateur\/photomontage-total-covering-campagne-vehicule-utilitaire-jcb-france\/\",\"name\":\"TOTAL COVERING - Campagne v\\u00e9hicule utilitaire \/\/ JCB FRANCE\",\"isPartOf\":{\"@id\":\"https:\/\/nyanpereira.fr\/dessinateur\/#website\"},\"primaryImageOfPage\":{\"@id\":\"https:\/\/nyanpereira.fr\/dessinateur\/photomontage-total-covering-campagne-vehicule-utilitaire-jcb-france\/#primaryimage\"},\"datePublished\":\"2019-02-09T08:14:04+00:00\",\"dateModified\":\"2020-06-09T14:50:20+00:00\",\"description\":\"Le photomontage au service de du Total Covering. Fusionnez les univers et donnez naissance \\u00e0 une campagne v\\u00e9hicule utilitaire \\u00e9tonnantes \/\/ JCB FRANCE\",\"breadcrumb\":{\"@id\":\"https:\/\/nyanpereira.fr\/dessinateur\/photomontage-total-covering-campagne-vehicule-utilitaire-jcb-france\/#breadcrumb\"},\"inLanguage\":\"fr-FR\",\"potentialAction\":[{\"@type\":\"ReadAction\",\"target\":[\"https:\/\/nyanpereira.fr\/dessinateur\/photomontage-total-covering-campagne-vehicule-utilitaire-jcb-france\/\"]}]},{\"@type\":\"BreadcrumbList\",\"@id\":\"https:\/\/nyanpereira.fr\/dessinateur\/photomontage-total-covering-campagne-vehicule-utilitaire-jcb-france\/#breadcrumb\",\"itemListElement\":[{\"@type\":\"ListItem\",\"position\":1,\"name\":\"Accueil\",\"item\":\"https:\/\/nyanpereira.fr\/dessinateur\/\"},{\"@type\":\"ListItem\",\"position\":2,\"name\":\"TOTAL COVERING &#8211; Campagne v\\u00e9hicule utilitaire\"}]},{\"@type\":\"Article\",\"@id\":\"https:\/\/nyanpereira.fr\/dessinateur\/photomontage-total-covering-campagne-vehicule-utilitaire-jcb-france\/#article\",\"isPartOf\":{\"@id\":\"https:\/\/nyanpereira.fr\/dessinateur\/photomontage-total-covering-campagne-vehicule-utilitaire-jcb-france\/#webpage\"},\"author\":{\"@id\":\"https:\/\/nyanpereira.fr\/dessinateur\/#\/schema\/person\/d771f144e8b1bdf8b790b02ba31f71d2\"},\"headline\":\"TOTAL COVERING &#8211; Campagne v\\u00e9hicule utilitaire\",\"datePublished\":\"2019-02-09T08:14:04+00:00\",\"dateModified\":\"2020-06-09T14:50:20+00:00\",\"mainEntityOfPage\":{\"@id\":\"https:\/\/nyanpereira.fr\/dessinateur\/photomontage-total-covering-campagne-vehicule-utilitaire-jcb-france\/#webpage\"},\"wordCount\":1189,\"publisher\":{\"@id\":\"https:\/\/nyanpereira.fr\/dessinateur\/#organization\"},\"image\":{\"@id\":\"https:\/\/nyanpereira.fr\/dessinateur\/photomontage-total-covering-campagne-vehicule-utilitaire-jcb-france\/#primaryimage\"},\"thumbnailUrl\":\"https:\/\/nyanpereira.fr\/dessinateur\/wp-content\/uploads\/2020\/02\/Videomaking-of-photomontage.JCB_.sticker.total_.covering.campagne.PUB_.2.jpg\",\"keywords\":[\"agence communication VAR\",\"Campagne publicit\\u00e9 v\\u00e9hicule\",\"covering adh\\u00e9sif utilitaire\",\"covering adh\\u00e9sif voiture\",\"COVERING v\\u00e9hicule en effet Trompe-l'oeil\",\"Covering Vehicule Marquage Adhesif Pose\",\"Freelance Photographe photomontage Pub \\u00e0 NIce \/ Cote d'Azur\",\"Photographe campagne publicit\\u00e9 europcar\",\"Photographe Professionnel PUB\",\"Photographe Pub \\u00e0 Nice \/ Cote d'Azur\",\"Photographe Studio PACA-VAR(83)\",\"Photographe Studio PARIS\",\"photographie &amp; PhotoRetouche\",\"Photographie studio - Photographe freelance \\u00e0 Nice\",\"Photographie studio - Photographe freelance \\u00e0 Paris\",\"PHOTOMONTAGE \/ Photographe freelance Paris\",\"PUB \/ Retoucheur photo freelance \\u00e0 PARIS\",\"TOTAL COVERING utilitaire\"],\"articleSection\":[\"Making-Of\",\"Photo Retouche &amp; Retoucheur freelance\",\"PhotoMontage &amp; Publicit\\u00e9\"],\"inLanguage\":\"fr-FR\"},{\"@type\":\"Person\",\"@id\":\"https:\/\/nyanpereira.fr\/dessinateur\/#\/schema\/person\/d771f144e8b1bdf8b790b02ba31f71d2\",\"name\":\"dessinateur\",\"image\":{\"@type\":\"ImageObject\",\"@id\":\"https:\/\/nyanpereira.fr\/dessinateur\/#personlogo\",\"inLanguage\":\"fr-FR\",\"url\":\"https:\/\/secure.gravatar.com\/avatar\/acd3615833cd4e0b23d9f45973008c34?s=96&d=mm&r=g\",\"contentUrl\":\"https:\/\/secure.gravatar.com\/avatar\/acd3615833cd4e0b23d9f45973008c34?s=96&d=mm&r=g\",\"caption\":\"dessinateur\"},\"url\":\"https:\/\/nyanpereira.fr\/dessinateur\/author\/dessinateur\/\"}]}<\/script>\n<!-- \/ Yoast SEO plugin. -->","yoast_head_json":{"title":"TOTAL COVERING - Campagne v\u00e9hicule utilitaire \/\/ JCB FRANCE","description":"Le photomontage au service de du Total Covering. Fusionnez les univers et donnez naissance \u00e0 une campagne v\u00e9hicule utilitaire \u00e9tonnantes \/\/ JCB FRANCE","robots":{"index":"index","follow":"follow","max-snippet":"max-snippet:-1","max-image-preview":"max-image-preview:large","max-video-preview":"max-video-preview:-1"},"canonical":"https:\/\/nyanpereira.fr\/dessinateur\/photomontage-total-covering-campagne-vehicule-utilitaire-jcb-france\/","og_locale":"fr_FR","og_type":"article","og_title":"TOTAL COVERING - Campagne v\u00e9hicule utilitaire \/\/ JCB FRANCE","og_description":"Le photomontage au service de du Total Covering. Fusionnez les univers et donnez naissance \u00e0 une campagne v\u00e9hicule utilitaire \u00e9tonnantes \/\/ JCB FRANCE","og_url":"https:\/\/nyanpereira.fr\/dessinateur\/photomontage-total-covering-campagne-vehicule-utilitaire-jcb-france\/","og_site_name":"Service Cr\u00e9atif &amp; Pr\u00e9sentation Artistique","article_published_time":"2019-02-09T08:14:04+00:00","article_modified_time":"2020-06-09T14:50:20+00:00","og_image":[{"width":400,"height":222,"url":"https:\/\/nyanpereira.fr\/dessinateur\/wp-content\/uploads\/2020\/02\/Videomaking-of-photomontage.JCB_.sticker.total_.covering.campagne.PUB_.2.jpg","type":"image\/jpeg"}],"twitter_card":"summary_large_image","twitter_misc":{"\u00c9crit par":"dessinateur","Dur\u00e9e de lecture estim\u00e9e":"6 minutes"},"schema":{"@context":"https:\/\/schema.org","@graph":[{"@type":"Organization","@id":"https:\/\/nyanpereira.fr\/dessinateur\/#organization","name":"storyboarder Freelance","url":"https:\/\/nyanpereira.fr\/dessinateur\/","sameAs":[],"logo":{"@type":"ImageObject","@id":"https:\/\/nyanpereira.fr\/dessinateur\/#logo","inLanguage":"fr-FR","url":"","contentUrl":"","caption":"storyboarder Freelance"},"image":{"@id":"https:\/\/nyanpereira.fr\/dessinateur\/#logo"}},{"@type":"WebSite","@id":"https:\/\/nyanpereira.fr\/dessinateur\/#website","url":"https:\/\/nyanpereira.fr\/dessinateur\/","name":"Service Cr\u00e9atif &amp; Pr\u00e9sentation Artistique","description":"Roughs, Storyboard, Antimatic &amp; Photomontage","publisher":{"@id":"https:\/\/nyanpereira.fr\/dessinateur\/#organization"},"potentialAction":[{"@type":"SearchAction","target":{"@type":"EntryPoint","urlTemplate":"https:\/\/nyanpereira.fr\/dessinateur\/?s={search_term_string}"},"query-input":"required name=search_term_string"}],"inLanguage":"fr-FR"},{"@type":"ImageObject","@id":"https:\/\/nyanpereira.fr\/dessinateur\/photomontage-total-covering-campagne-vehicule-utilitaire-jcb-france\/#primaryimage","inLanguage":"fr-FR","url":"https:\/\/nyanpereira.fr\/dessinateur\/wp-content\/uploads\/2020\/02\/Videomaking-of-photomontage.JCB_.sticker.total_.covering.campagne.PUB_.2.jpg","contentUrl":"https:\/\/nyanpereira.fr\/dessinateur\/wp-content\/uploads\/2020\/02\/Videomaking-of-photomontage.JCB_.sticker.total_.covering.campagne.PUB_.2.jpg","width":400,"height":222,"caption":"Videomaking-of-photomontage.JCB.sticker.total.covering.campagne.PUB.2"},{"@type":"WebPage","@id":"https:\/\/nyanpereira.fr\/dessinateur\/photomontage-total-covering-campagne-vehicule-utilitaire-jcb-france\/#webpage","url":"https:\/\/nyanpereira.fr\/dessinateur\/photomontage-total-covering-campagne-vehicule-utilitaire-jcb-france\/","name":"TOTAL COVERING - Campagne v\u00e9hicule utilitaire \/\/ JCB FRANCE","isPartOf":{"@id":"https:\/\/nyanpereira.fr\/dessinateur\/#website"},"primaryImageOfPage":{"@id":"https:\/\/nyanpereira.fr\/dessinateur\/photomontage-total-covering-campagne-vehicule-utilitaire-jcb-france\/#primaryimage"},"datePublished":"2019-02-09T08:14:04+00:00","dateModified":"2020-06-09T14:50:20+00:00","description":"Le photomontage au service de du Total Covering. Fusionnez les univers et donnez naissance \u00e0 une campagne v\u00e9hicule utilitaire \u00e9tonnantes \/\/ JCB FRANCE","breadcrumb":{"@id":"https:\/\/nyanpereira.fr\/dessinateur\/photomontage-total-covering-campagne-vehicule-utilitaire-jcb-france\/#breadcrumb"},"inLanguage":"fr-FR","potentialAction":[{"@type":"ReadAction","target":["https:\/\/nyanpereira.fr\/dessinateur\/photomontage-total-covering-campagne-vehicule-utilitaire-jcb-france\/"]}]},{"@type":"BreadcrumbList","@id":"https:\/\/nyanpereira.fr\/dessinateur\/photomontage-total-covering-campagne-vehicule-utilitaire-jcb-france\/#breadcrumb","itemListElement":[{"@type":"ListItem","position":1,"name":"Accueil","item":"https:\/\/nyanpereira.fr\/dessinateur\/"},{"@type":"ListItem","position":2,"name":"TOTAL COVERING &#8211; Campagne v\u00e9hicule utilitaire"}]},{"@type":"Article","@id":"https:\/\/nyanpereira.fr\/dessinateur\/photomontage-total-covering-campagne-vehicule-utilitaire-jcb-france\/#article","isPartOf":{"@id":"https:\/\/nyanpereira.fr\/dessinateur\/photomontage-total-covering-campagne-vehicule-utilitaire-jcb-france\/#webpage"},"author":{"@id":"https:\/\/nyanpereira.fr\/dessinateur\/#\/schema\/person\/d771f144e8b1bdf8b790b02ba31f71d2"},"headline":"TOTAL COVERING &#8211; Campagne v\u00e9hicule utilitaire","datePublished":"2019-02-09T08:14:04+00:00","dateModified":"2020-06-09T14:50:20+00:00","mainEntityOfPage":{"@id":"https:\/\/nyanpereira.fr\/dessinateur\/photomontage-total-covering-campagne-vehicule-utilitaire-jcb-france\/#webpage"},"wordCount":1189,"publisher":{"@id":"https:\/\/nyanpereira.fr\/dessinateur\/#organization"},"image":{"@id":"https:\/\/nyanpereira.fr\/dessinateur\/photomontage-total-covering-campagne-vehicule-utilitaire-jcb-france\/#primaryimage"},"thumbnailUrl":"https:\/\/nyanpereira.fr\/dessinateur\/wp-content\/uploads\/2020\/02\/Videomaking-of-photomontage.JCB_.sticker.total_.covering.campagne.PUB_.2.jpg","keywords":["agence communication VAR","Campagne publicit\u00e9 v\u00e9hicule","covering adh\u00e9sif utilitaire","covering adh\u00e9sif voiture","COVERING v\u00e9hicule en effet Trompe-l'oeil","Covering Vehicule Marquage Adhesif Pose","Freelance Photographe photomontage Pub \u00e0 NIce \/ Cote d'Azur","Photographe campagne publicit\u00e9 europcar","Photographe Professionnel PUB","Photographe Pub \u00e0 Nice \/ Cote d'Azur","Photographe Studio PACA-VAR(83)","Photographe Studio PARIS","photographie &amp; PhotoRetouche","Photographie studio - Photographe freelance \u00e0 Nice","Photographie studio - Photographe freelance \u00e0 Paris","PHOTOMONTAGE \/ Photographe freelance Paris","PUB \/ Retoucheur photo freelance \u00e0 PARIS","TOTAL COVERING utilitaire"],"articleSection":["Making-Of","Photo Retouche &amp; Retoucheur freelance","PhotoMontage &amp; Publicit\u00e9"],"inLanguage":"fr-FR"},{"@type":"Person","@id":"https:\/\/nyanpereira.fr\/dessinateur\/#\/schema\/person\/d771f144e8b1bdf8b790b02ba31f71d2","name":"dessinateur","image":{"@type":"ImageObject","@id":"https:\/\/nyanpereira.fr\/dessinateur\/#personlogo","inLanguage":"fr-FR","url":"https:\/\/secure.gravatar.com\/avatar\/acd3615833cd4e0b23d9f45973008c34?s=96&d=mm&r=g","contentUrl":"https:\/\/secure.gravatar.com\/avatar\/acd3615833cd4e0b23d9f45973008c34?s=96&d=mm&r=g","caption":"dessinateur"},"url":"https:\/\/nyanpereira.fr\/dessinateur\/author\/dessinateur\/"}]}},"_links":{"self":[{"href":"https:\/\/nyanpereira.fr\/dessinateur\/wp-json\/wp\/v2\/posts\/3501"}],"collection":[{"href":"https:\/\/nyanpereira.fr\/dessinateur\/wp-json\/wp\/v2\/posts"}],"about":[{"href":"https:\/\/nyanpereira.fr\/dessinateur\/wp-json\/wp\/v2\/types\/post"}],"author":[{"embeddable":true,"href":"https:\/\/nyanpereira.fr\/dessinateur\/wp-json\/wp\/v2\/users\/1"}],"replies":[{"embeddable":true,"href":"https:\/\/nyanpereira.fr\/dessinateur\/wp-json\/wp\/v2\/comments?post=3501"}],"version-history":[{"count":107,"href":"https:\/\/nyanpereira.fr\/dessinateur\/wp-json\/wp\/v2\/posts\/3501\/revisions"}],"predecessor-version":[{"id":9109,"href":"https:\/\/nyanpereira.fr\/dessinateur\/wp-json\/wp\/v2\/posts\/3501\/revisions\/9109"}],"wp:featuredmedia":[{"embeddable":true,"href":"https:\/\/nyanpereira.fr\/dessinateur\/wp-json\/wp\/v2\/media\/7162"}],"wp:attachment":[{"href":"https:\/\/nyanpereira.fr\/dessinateur\/wp-json\/wp\/v2\/media?parent=3501"}],"wp:term":[{"taxonomy":"category","embeddable":true,"href":"https:\/\/nyanpereira.fr\/dessinateur\/wp-json\/wp\/v2\/categories?post=3501"},{"taxonomy":"post_tag","embeddable":true,"href":"https:\/\/nyanpereira.fr\/dessinateur\/wp-json\/wp\/v2\/tags?post=3501"}],"curies":[{"name":"wp","href":"https:\/\/api.w.org\/{rel}","templated":true}]}}