{"id":3266,"date":"2015-05-13T13:50:59","date_gmt":"2015-05-13T12:50:59","guid":{"rendered":"http:\/\/nyanpereira.fr\/dessinateur\/?p=3266"},"modified":"2020-01-31T15:51:28","modified_gmt":"2020-01-31T14:51:28","slug":"photomontage","status":"publish","type":"post","link":"https:\/\/nyanpereira.fr\/dessinateur\/photomontage\/","title":{"rendered":"Photomontages Travaux"},"content":{"rendered":"<h4><span style=\"color: #663399;\">Mr Bricolage<\/span><\/h4>\n<p><strong>R\u00e9alisation d&rsquo;une s\u00e9rie de\u00a0 <a href=\"http:\/\/nyanpereira.fr\/dessinateur\/gallery\/photoroughs-photographie-photomontage-region-paca\/\" target=\"_blank\" rel=\"noopener\">photomontage<\/a> pour le secteur de la publicit\u00e9<\/strong> des <strong>travaux professionnel<\/strong> \u00e0 <strong>la grande distribution<\/strong> <em><span style=\"color: #888888;\">( Promo bricolage, cible particulier non professionnel)<\/span><\/em>\u00a0et du\u00a0<strong>Certificats d&rsquo;\u00e9conomies d&rsquo;\u00e9nergie<\/strong><span style=\"color: #888888;\"><em> ( Cible professionnel &amp; Aider \u00e0 la ma\u00eetrise des \u00e9volutions d\u2019\u00e9nergie)<\/em><\/span><\/p>\n<p><strong>Artiste : <\/strong><a href=\"http:\/\/www.nyanpereira.fr\">Yann PEREIRA<\/a><br \/>\n<strong>Agent :<\/strong> <a href=\"http:\/\/www.virginie.fr\" target=\"_blank\" rel=\"noopener\">Virginie.fr<\/a><a href=\"http:\/\/www.geometry.com\" target=\"_blank\" rel=\"noopener\"><br \/>\n<\/a><\/p>\n<p>&nbsp;<\/p>\n","protected":false},"excerpt":{"rendered":"","protected":false},"author":1,"featured_media":0,"comment_status":"closed","ping_status":"closed","sticky":false,"template":"","format":"gallery","meta":[],"categories":[67,60],"tags":[174,110,64,154,157],"yoast_head":"<!-- This site is optimized with the Yoast SEO plugin v17.9 - https:\/\/yoast.com\/wordpress\/plugins\/seo\/ -->\n<title>Photomontages Travaux - Service Cr\u00e9atif &amp; Pr\u00e9sentation Artistique<\/title>\n<meta name=\"robots\" content=\"index, follow, max-snippet:-1, max-image-preview:large, max-video-preview:-1\" \/>\n<link rel=\"canonical\" href=\"https:\/\/nyanpereira.fr\/dessinateur\/photomontage\/\" \/>\n<meta property=\"og:locale\" content=\"fr_FR\" \/>\n<meta property=\"og:type\" content=\"article\" \/>\n<meta property=\"og:title\" content=\"Photomontages Travaux - Service Cr\u00e9atif &amp; Pr\u00e9sentation Artistique\" \/>\n<meta property=\"og:url\" content=\"https:\/\/nyanpereira.fr\/dessinateur\/photomontage\/\" \/>\n<meta property=\"og:site_name\" content=\"Service Cr\u00e9atif &amp; Pr\u00e9sentation Artistique\" \/>\n<meta property=\"article:published_time\" content=\"2015-05-13T12:50:59+00:00\" \/>\n<meta property=\"article:modified_time\" content=\"2020-01-31T14:51:28+00:00\" \/>\n<meta name=\"twitter:card\" content=\"summary_large_image\" \/>\n<meta name=\"twitter:label1\" content=\"\u00c9crit par\" \/>\n\t<meta name=\"twitter:data1\" content=\"dessinateur\" \/>\n<script type=\"application\/ld+json\" class=\"yoast-schema-graph\">{\"@context\":\"https:\/\/schema.org\",\"@graph\":[{\"@type\":\"Organization\",\"@id\":\"https:\/\/nyanpereira.fr\/dessinateur\/#organization\",\"name\":\"storyboarder Freelance\",\"url\":\"https:\/\/nyanpereira.fr\/dessinateur\/\",\"sameAs\":[],\"logo\":{\"@type\":\"ImageObject\",\"@id\":\"https:\/\/nyanpereira.fr\/dessinateur\/#logo\",\"inLanguage\":\"fr-FR\",\"url\":\"\",\"contentUrl\":\"\",\"caption\":\"storyboarder Freelance\"},\"image\":{\"@id\":\"https:\/\/nyanpereira.fr\/dessinateur\/#logo\"}},{\"@type\":\"WebSite\",\"@id\":\"https:\/\/nyanpereira.fr\/dessinateur\/#website\",\"url\":\"https:\/\/nyanpereira.fr\/dessinateur\/\",\"name\":\"Service Cr\\u00e9atif &amp; Pr\\u00e9sentation Artistique\",\"description\":\"Roughs, Storyboard, Antimatic &amp; Photomontage\",\"publisher\":{\"@id\":\"https:\/\/nyanpereira.fr\/dessinateur\/#organization\"},\"potentialAction\":[{\"@type\":\"SearchAction\",\"target\":{\"@type\":\"EntryPoint\",\"urlTemplate\":\"https:\/\/nyanpereira.fr\/dessinateur\/?s={search_term_string}\"},\"query-input\":\"required name=search_term_string\"}],\"inLanguage\":\"fr-FR\"},{\"@type\":\"WebPage\",\"@id\":\"https:\/\/nyanpereira.fr\/dessinateur\/photomontage\/#webpage\",\"url\":\"https:\/\/nyanpereira.fr\/dessinateur\/photomontage\/\",\"name\":\"Photomontages Travaux - Service Cr\\u00e9atif &amp; Pr\\u00e9sentation Artistique\",\"isPartOf\":{\"@id\":\"https:\/\/nyanpereira.fr\/dessinateur\/#website\"},\"datePublished\":\"2015-05-13T12:50:59+00:00\",\"dateModified\":\"2020-01-31T14:51:28+00:00\",\"breadcrumb\":{\"@id\":\"https:\/\/nyanpereira.fr\/dessinateur\/photomontage\/#breadcrumb\"},\"inLanguage\":\"fr-FR\",\"potentialAction\":[{\"@type\":\"ReadAction\",\"target\":[\"https:\/\/nyanpereira.fr\/dessinateur\/photomontage\/\"]}]},{\"@type\":\"BreadcrumbList\",\"@id\":\"https:\/\/nyanpereira.fr\/dessinateur\/photomontage\/#breadcrumb\",\"itemListElement\":[{\"@type\":\"ListItem\",\"position\":1,\"name\":\"Accueil\",\"item\":\"https:\/\/nyanpereira.fr\/dessinateur\/\"},{\"@type\":\"ListItem\",\"position\":2,\"name\":\"Photomontages Travaux\"}]},{\"@type\":\"Article\",\"@id\":\"https:\/\/nyanpereira.fr\/dessinateur\/photomontage\/#article\",\"isPartOf\":{\"@id\":\"https:\/\/nyanpereira.fr\/dessinateur\/photomontage\/#webpage\"},\"author\":{\"@id\":\"https:\/\/nyanpereira.fr\/dessinateur\/#\/schema\/person\/d771f144e8b1bdf8b790b02ba31f71d2\"},\"headline\":\"Photomontages Travaux\",\"datePublished\":\"2015-05-13T12:50:59+00:00\",\"dateModified\":\"2020-01-31T14:51:28+00:00\",\"mainEntityOfPage\":{\"@id\":\"https:\/\/nyanpereira.fr\/dessinateur\/photomontage\/#webpage\"},\"wordCount\":54,\"publisher\":{\"@id\":\"https:\/\/nyanpereira.fr\/dessinateur\/#organization\"},\"keywords\":[\"Artiste Freelance PACA\",\"Illustrateur Photographe PACA-VAR\",\"Illustration photo &amp; PhotoMontage paris \\u00eele-de-france\",\"Photographe Studio PACA-VAR(83)\",\"Studio Photographe Alpes-Maritimes(06)\"],\"articleSection\":[\"Photo Retouche &amp; Retoucheur freelance\",\"PhotoMontage &amp; Publicit\\u00e9\"],\"inLanguage\":\"fr-FR\"},{\"@type\":\"Person\",\"@id\":\"https:\/\/nyanpereira.fr\/dessinateur\/#\/schema\/person\/d771f144e8b1bdf8b790b02ba31f71d2\",\"name\":\"dessinateur\",\"image\":{\"@type\":\"ImageObject\",\"@id\":\"https:\/\/nyanpereira.fr\/dessinateur\/#personlogo\",\"inLanguage\":\"fr-FR\",\"url\":\"https:\/\/secure.gravatar.com\/avatar\/acd3615833cd4e0b23d9f45973008c34?s=96&d=mm&r=g\",\"contentUrl\":\"https:\/\/secure.gravatar.com\/avatar\/acd3615833cd4e0b23d9f45973008c34?s=96&d=mm&r=g\",\"caption\":\"dessinateur\"},\"url\":\"https:\/\/nyanpereira.fr\/dessinateur\/author\/dessinateur\/\"}]}<\/script>\n<!-- \/ Yoast SEO plugin. -->","yoast_head_json":{"title":"Photomontages Travaux - Service Cr\u00e9atif &amp; Pr\u00e9sentation Artistique","robots":{"index":"index","follow":"follow","max-snippet":"max-snippet:-1","max-image-preview":"max-image-preview:large","max-video-preview":"max-video-preview:-1"},"canonical":"https:\/\/nyanpereira.fr\/dessinateur\/photomontage\/","og_locale":"fr_FR","og_type":"article","og_title":"Photomontages Travaux - Service Cr\u00e9atif &amp; Pr\u00e9sentation Artistique","og_url":"https:\/\/nyanpereira.fr\/dessinateur\/photomontage\/","og_site_name":"Service Cr\u00e9atif &amp; Pr\u00e9sentation Artistique","article_published_time":"2015-05-13T12:50:59+00:00","article_modified_time":"2020-01-31T14:51:28+00:00","twitter_card":"summary_large_image","twitter_misc":{"\u00c9crit par":"dessinateur"},"schema":{"@context":"https:\/\/schema.org","@graph":[{"@type":"Organization","@id":"https:\/\/nyanpereira.fr\/dessinateur\/#organization","name":"storyboarder Freelance","url":"https:\/\/nyanpereira.fr\/dessinateur\/","sameAs":[],"logo":{"@type":"ImageObject","@id":"https:\/\/nyanpereira.fr\/dessinateur\/#logo","inLanguage":"fr-FR","url":"","contentUrl":"","caption":"storyboarder Freelance"},"image":{"@id":"https:\/\/nyanpereira.fr\/dessinateur\/#logo"}},{"@type":"WebSite","@id":"https:\/\/nyanpereira.fr\/dessinateur\/#website","url":"https:\/\/nyanpereira.fr\/dessinateur\/","name":"Service Cr\u00e9atif &amp; Pr\u00e9sentation Artistique","description":"Roughs, Storyboard, Antimatic &amp; Photomontage","publisher":{"@id":"https:\/\/nyanpereira.fr\/dessinateur\/#organization"},"potentialAction":[{"@type":"SearchAction","target":{"@type":"EntryPoint","urlTemplate":"https:\/\/nyanpereira.fr\/dessinateur\/?s={search_term_string}"},"query-input":"required name=search_term_string"}],"inLanguage":"fr-FR"},{"@type":"WebPage","@id":"https:\/\/nyanpereira.fr\/dessinateur\/photomontage\/#webpage","url":"https:\/\/nyanpereira.fr\/dessinateur\/photomontage\/","name":"Photomontages Travaux - Service Cr\u00e9atif &amp; Pr\u00e9sentation Artistique","isPartOf":{"@id":"https:\/\/nyanpereira.fr\/dessinateur\/#website"},"datePublished":"2015-05-13T12:50:59+00:00","dateModified":"2020-01-31T14:51:28+00:00","breadcrumb":{"@id":"https:\/\/nyanpereira.fr\/dessinateur\/photomontage\/#breadcrumb"},"inLanguage":"fr-FR","potentialAction":[{"@type":"ReadAction","target":["https:\/\/nyanpereira.fr\/dessinateur\/photomontage\/"]}]},{"@type":"BreadcrumbList","@id":"https:\/\/nyanpereira.fr\/dessinateur\/photomontage\/#breadcrumb","itemListElement":[{"@type":"ListItem","position":1,"name":"Accueil","item":"https:\/\/nyanpereira.fr\/dessinateur\/"},{"@type":"ListItem","position":2,"name":"Photomontages Travaux"}]},{"@type":"Article","@id":"https:\/\/nyanpereira.fr\/dessinateur\/photomontage\/#article","isPartOf":{"@id":"https:\/\/nyanpereira.fr\/dessinateur\/photomontage\/#webpage"},"author":{"@id":"https:\/\/nyanpereira.fr\/dessinateur\/#\/schema\/person\/d771f144e8b1bdf8b790b02ba31f71d2"},"headline":"Photomontages Travaux","datePublished":"2015-05-13T12:50:59+00:00","dateModified":"2020-01-31T14:51:28+00:00","mainEntityOfPage":{"@id":"https:\/\/nyanpereira.fr\/dessinateur\/photomontage\/#webpage"},"wordCount":54,"publisher":{"@id":"https:\/\/nyanpereira.fr\/dessinateur\/#organization"},"keywords":["Artiste Freelance PACA","Illustrateur Photographe PACA-VAR","Illustration photo &amp; PhotoMontage paris \u00eele-de-france","Photographe Studio PACA-VAR(83)","Studio Photographe Alpes-Maritimes(06)"],"articleSection":["Photo Retouche &amp; Retoucheur freelance","PhotoMontage &amp; Publicit\u00e9"],"inLanguage":"fr-FR"},{"@type":"Person","@id":"https:\/\/nyanpereira.fr\/dessinateur\/#\/schema\/person\/d771f144e8b1bdf8b790b02ba31f71d2","name":"dessinateur","image":{"@type":"ImageObject","@id":"https:\/\/nyanpereira.fr\/dessinateur\/#personlogo","inLanguage":"fr-FR","url":"https:\/\/secure.gravatar.com\/avatar\/acd3615833cd4e0b23d9f45973008c34?s=96&d=mm&r=g","contentUrl":"https:\/\/secure.gravatar.com\/avatar\/acd3615833cd4e0b23d9f45973008c34?s=96&d=mm&r=g","caption":"dessinateur"},"url":"https:\/\/nyanpereira.fr\/dessinateur\/author\/dessinateur\/"}]}},"_links":{"self":[{"href":"https:\/\/nyanpereira.fr\/dessinateur\/wp-json\/wp\/v2\/posts\/3266"}],"collection":[{"href":"https:\/\/nyanpereira.fr\/dessinateur\/wp-json\/wp\/v2\/posts"}],"about":[{"href":"https:\/\/nyanpereira.fr\/dessinateur\/wp-json\/wp\/v2\/types\/post"}],"author":[{"embeddable":true,"href":"https:\/\/nyanpereira.fr\/dessinateur\/wp-json\/wp\/v2\/users\/1"}],"replies":[{"embeddable":true,"href":"https:\/\/nyanpereira.fr\/dessinateur\/wp-json\/wp\/v2\/comments?post=3266"}],"version-history":[{"count":15,"href":"https:\/\/nyanpereira.fr\/dessinateur\/wp-json\/wp\/v2\/posts\/3266\/revisions"}],"predecessor-version":[{"id":5669,"href":"https:\/\/nyanpereira.fr\/dessinateur\/wp-json\/wp\/v2\/posts\/3266\/revisions\/5669"}],"wp:attachment":[{"href":"https:\/\/nyanpereira.fr\/dessinateur\/wp-json\/wp\/v2\/media?parent=3266"}],"wp:term":[{"taxonomy":"category","embeddable":true,"href":"https:\/\/nyanpereira.fr\/dessinateur\/wp-json\/wp\/v2\/categories?post=3266"},{"taxonomy":"post_tag","embeddable":true,"href":"https:\/\/nyanpereira.fr\/dessinateur\/wp-json\/wp\/v2\/tags?post=3266"}],"curies":[{"name":"wp","href":"https:\/\/api.w.org\/{rel}","templated":true}]}}