{"id":3077,"date":"2014-12-01T13:37:01","date_gmt":"2014-12-01T12:37:01","guid":{"rendered":"http:\/\/nyanpereira.fr\/dessinateur\/?p=3077"},"modified":"2020-01-31T15:52:33","modified_gmt":"2020-01-31T14:52:33","slug":"vitrine-camion-decoration-utilitaire-noel","status":"publish","type":"post","link":"https:\/\/nyanpereira.fr\/dessinateur\/vitrine-camion-decoration-utilitaire-noel\/","title":{"rendered":"d\u00e9coration Utilitaires de No\u00ebl"},"content":{"rendered":"<h4>D\u00e9corez AUSSI vos Utilitaires !<\/h4>\n<h4><span style=\"color: #663399;\">Nos peintures \u00e0 la Main vous rendent visible !<\/span><\/h4>\n<p>Un paysagiste Varois <strong>utilise son v\u00e9hicule utilitaire comme support de communication et\u00a0<\/strong> souhaite vous souhaite un Joyeux de No\u00ebl.<br \/>\n<strong>Optimise votre visibilit\u00e9<\/strong> pendant les f\u00eates avec une d\u00e9coration humoristique personnalis\u00e9e.<br \/>\nAS Paysages vous souhaite de Joyeuses F\u00eates<br \/>\n<strong>Artiste<\/strong> : <a href=\"http:\/\/www.nyanpereira.fr\" target=\"_blank\" rel=\"noopener\">Yann PEREIRA<\/a><br \/>\n&nbsp;<\/p>\n","protected":false},"excerpt":{"rendered":"","protected":false},"author":1,"featured_media":0,"comment_status":"closed","ping_status":"closed","sticky":false,"template":"","format":"gallery","meta":[],"categories":[80],"tags":[174,179,180,178,71,199],"yoast_head":"<!-- This site is optimized with the Yoast SEO plugin v17.9 - https:\/\/yoast.com\/wordpress\/plugins\/seo\/ -->\n<title>d\u00e9coration Utilitaires de No\u00ebl - Service Cr\u00e9atif &amp; Pr\u00e9sentation Artistique<\/title>\n<meta name=\"robots\" content=\"index, follow, max-snippet:-1, max-image-preview:large, max-video-preview:-1\" \/>\n<link rel=\"canonical\" href=\"https:\/\/nyanpereira.fr\/dessinateur\/vitrine-camion-decoration-utilitaire-noel\/\" \/>\n<meta property=\"og:locale\" content=\"fr_FR\" \/>\n<meta property=\"og:type\" content=\"article\" \/>\n<meta property=\"og:title\" content=\"d\u00e9coration Utilitaires de No\u00ebl - Service Cr\u00e9atif &amp; Pr\u00e9sentation Artistique\" \/>\n<meta property=\"og:url\" content=\"https:\/\/nyanpereira.fr\/dessinateur\/vitrine-camion-decoration-utilitaire-noel\/\" \/>\n<meta property=\"og:site_name\" content=\"Service Cr\u00e9atif &amp; Pr\u00e9sentation Artistique\" \/>\n<meta property=\"article:published_time\" content=\"2014-12-01T12:37:01+00:00\" \/>\n<meta property=\"article:modified_time\" content=\"2020-01-31T14:52:33+00:00\" \/>\n<meta name=\"twitter:card\" content=\"summary_large_image\" \/>\n<meta name=\"twitter:label1\" content=\"\u00c9crit par\" \/>\n\t<meta name=\"twitter:data1\" content=\"dessinateur\" \/>\n<script type=\"application\/ld+json\" class=\"yoast-schema-graph\">{\"@context\":\"https:\/\/schema.org\",\"@graph\":[{\"@type\":\"Organization\",\"@id\":\"https:\/\/nyanpereira.fr\/dessinateur\/#organization\",\"name\":\"storyboarder Freelance\",\"url\":\"https:\/\/nyanpereira.fr\/dessinateur\/\",\"sameAs\":[],\"logo\":{\"@type\":\"ImageObject\",\"@id\":\"https:\/\/nyanpereira.fr\/dessinateur\/#logo\",\"inLanguage\":\"fr-FR\",\"url\":\"\",\"contentUrl\":\"\",\"caption\":\"storyboarder Freelance\"},\"image\":{\"@id\":\"https:\/\/nyanpereira.fr\/dessinateur\/#logo\"}},{\"@type\":\"WebSite\",\"@id\":\"https:\/\/nyanpereira.fr\/dessinateur\/#website\",\"url\":\"https:\/\/nyanpereira.fr\/dessinateur\/\",\"name\":\"Service Cr\\u00e9atif &amp; Pr\\u00e9sentation Artistique\",\"description\":\"Roughs, Storyboard, Antimatic &amp; Photomontage\",\"publisher\":{\"@id\":\"https:\/\/nyanpereira.fr\/dessinateur\/#organization\"},\"potentialAction\":[{\"@type\":\"SearchAction\",\"target\":{\"@type\":\"EntryPoint\",\"urlTemplate\":\"https:\/\/nyanpereira.fr\/dessinateur\/?s={search_term_string}\"},\"query-input\":\"required name=search_term_string\"}],\"inLanguage\":\"fr-FR\"},{\"@type\":\"WebPage\",\"@id\":\"https:\/\/nyanpereira.fr\/dessinateur\/vitrine-camion-decoration-utilitaire-noel\/#webpage\",\"url\":\"https:\/\/nyanpereira.fr\/dessinateur\/vitrine-camion-decoration-utilitaire-noel\/\",\"name\":\"d\\u00e9coration Utilitaires de No\\u00ebl - Service Cr\\u00e9atif &amp; Pr\\u00e9sentation Artistique\",\"isPartOf\":{\"@id\":\"https:\/\/nyanpereira.fr\/dessinateur\/#website\"},\"datePublished\":\"2014-12-01T12:37:01+00:00\",\"dateModified\":\"2020-01-31T14:52:33+00:00\",\"breadcrumb\":{\"@id\":\"https:\/\/nyanpereira.fr\/dessinateur\/vitrine-camion-decoration-utilitaire-noel\/#breadcrumb\"},\"inLanguage\":\"fr-FR\",\"potentialAction\":[{\"@type\":\"ReadAction\",\"target\":[\"https:\/\/nyanpereira.fr\/dessinateur\/vitrine-camion-decoration-utilitaire-noel\/\"]}]},{\"@type\":\"BreadcrumbList\",\"@id\":\"https:\/\/nyanpereira.fr\/dessinateur\/vitrine-camion-decoration-utilitaire-noel\/#breadcrumb\",\"itemListElement\":[{\"@type\":\"ListItem\",\"position\":1,\"name\":\"Accueil\",\"item\":\"https:\/\/nyanpereira.fr\/dessinateur\/\"},{\"@type\":\"ListItem\",\"position\":2,\"name\":\"d\\u00e9coration Utilitaires de No\\u00ebl\"}]},{\"@type\":\"Article\",\"@id\":\"https:\/\/nyanpereira.fr\/dessinateur\/vitrine-camion-decoration-utilitaire-noel\/#article\",\"isPartOf\":{\"@id\":\"https:\/\/nyanpereira.fr\/dessinateur\/vitrine-camion-decoration-utilitaire-noel\/#webpage\"},\"author\":{\"@id\":\"https:\/\/nyanpereira.fr\/dessinateur\/#\/schema\/person\/d771f144e8b1bdf8b790b02ba31f71d2\"},\"headline\":\"d\\u00e9coration Utilitaires de No\\u00ebl\",\"datePublished\":\"2014-12-01T12:37:01+00:00\",\"dateModified\":\"2020-01-31T14:52:33+00:00\",\"mainEntityOfPage\":{\"@id\":\"https:\/\/nyanpereira.fr\/dessinateur\/vitrine-camion-decoration-utilitaire-noel\/#webpage\"},\"wordCount\":65,\"publisher\":{\"@id\":\"https:\/\/nyanpereira.fr\/dessinateur\/#organization\"},\"keywords\":[\"Artiste Freelance PACA\",\"D\\u00e9coration dessin\\u00e9e &amp; peinte \\u00e0 la main\",\"Dessinateur Freelance\",\"peinture sur camion\",\"Peinture sur vitrine magasin-VAR-83\",\"search recherche peintre artistique\"],\"articleSection\":[\"Peinture sur Vitrine Magasin\"],\"inLanguage\":\"fr-FR\"},{\"@type\":\"Person\",\"@id\":\"https:\/\/nyanpereira.fr\/dessinateur\/#\/schema\/person\/d771f144e8b1bdf8b790b02ba31f71d2\",\"name\":\"dessinateur\",\"image\":{\"@type\":\"ImageObject\",\"@id\":\"https:\/\/nyanpereira.fr\/dessinateur\/#personlogo\",\"inLanguage\":\"fr-FR\",\"url\":\"https:\/\/secure.gravatar.com\/avatar\/acd3615833cd4e0b23d9f45973008c34?s=96&d=mm&r=g\",\"contentUrl\":\"https:\/\/secure.gravatar.com\/avatar\/acd3615833cd4e0b23d9f45973008c34?s=96&d=mm&r=g\",\"caption\":\"dessinateur\"},\"url\":\"https:\/\/nyanpereira.fr\/dessinateur\/author\/dessinateur\/\"}]}<\/script>\n<!-- \/ Yoast SEO plugin. -->","yoast_head_json":{"title":"d\u00e9coration Utilitaires de No\u00ebl - Service Cr\u00e9atif &amp; Pr\u00e9sentation Artistique","robots":{"index":"index","follow":"follow","max-snippet":"max-snippet:-1","max-image-preview":"max-image-preview:large","max-video-preview":"max-video-preview:-1"},"canonical":"https:\/\/nyanpereira.fr\/dessinateur\/vitrine-camion-decoration-utilitaire-noel\/","og_locale":"fr_FR","og_type":"article","og_title":"d\u00e9coration Utilitaires de No\u00ebl - Service Cr\u00e9atif &amp; Pr\u00e9sentation Artistique","og_url":"https:\/\/nyanpereira.fr\/dessinateur\/vitrine-camion-decoration-utilitaire-noel\/","og_site_name":"Service Cr\u00e9atif &amp; Pr\u00e9sentation Artistique","article_published_time":"2014-12-01T12:37:01+00:00","article_modified_time":"2020-01-31T14:52:33+00:00","twitter_card":"summary_large_image","twitter_misc":{"\u00c9crit par":"dessinateur"},"schema":{"@context":"https:\/\/schema.org","@graph":[{"@type":"Organization","@id":"https:\/\/nyanpereira.fr\/dessinateur\/#organization","name":"storyboarder Freelance","url":"https:\/\/nyanpereira.fr\/dessinateur\/","sameAs":[],"logo":{"@type":"ImageObject","@id":"https:\/\/nyanpereira.fr\/dessinateur\/#logo","inLanguage":"fr-FR","url":"","contentUrl":"","caption":"storyboarder Freelance"},"image":{"@id":"https:\/\/nyanpereira.fr\/dessinateur\/#logo"}},{"@type":"WebSite","@id":"https:\/\/nyanpereira.fr\/dessinateur\/#website","url":"https:\/\/nyanpereira.fr\/dessinateur\/","name":"Service Cr\u00e9atif &amp; Pr\u00e9sentation Artistique","description":"Roughs, Storyboard, Antimatic &amp; Photomontage","publisher":{"@id":"https:\/\/nyanpereira.fr\/dessinateur\/#organization"},"potentialAction":[{"@type":"SearchAction","target":{"@type":"EntryPoint","urlTemplate":"https:\/\/nyanpereira.fr\/dessinateur\/?s={search_term_string}"},"query-input":"required name=search_term_string"}],"inLanguage":"fr-FR"},{"@type":"WebPage","@id":"https:\/\/nyanpereira.fr\/dessinateur\/vitrine-camion-decoration-utilitaire-noel\/#webpage","url":"https:\/\/nyanpereira.fr\/dessinateur\/vitrine-camion-decoration-utilitaire-noel\/","name":"d\u00e9coration Utilitaires de No\u00ebl - Service Cr\u00e9atif &amp; Pr\u00e9sentation Artistique","isPartOf":{"@id":"https:\/\/nyanpereira.fr\/dessinateur\/#website"},"datePublished":"2014-12-01T12:37:01+00:00","dateModified":"2020-01-31T14:52:33+00:00","breadcrumb":{"@id":"https:\/\/nyanpereira.fr\/dessinateur\/vitrine-camion-decoration-utilitaire-noel\/#breadcrumb"},"inLanguage":"fr-FR","potentialAction":[{"@type":"ReadAction","target":["https:\/\/nyanpereira.fr\/dessinateur\/vitrine-camion-decoration-utilitaire-noel\/"]}]},{"@type":"BreadcrumbList","@id":"https:\/\/nyanpereira.fr\/dessinateur\/vitrine-camion-decoration-utilitaire-noel\/#breadcrumb","itemListElement":[{"@type":"ListItem","position":1,"name":"Accueil","item":"https:\/\/nyanpereira.fr\/dessinateur\/"},{"@type":"ListItem","position":2,"name":"d\u00e9coration Utilitaires de No\u00ebl"}]},{"@type":"Article","@id":"https:\/\/nyanpereira.fr\/dessinateur\/vitrine-camion-decoration-utilitaire-noel\/#article","isPartOf":{"@id":"https:\/\/nyanpereira.fr\/dessinateur\/vitrine-camion-decoration-utilitaire-noel\/#webpage"},"author":{"@id":"https:\/\/nyanpereira.fr\/dessinateur\/#\/schema\/person\/d771f144e8b1bdf8b790b02ba31f71d2"},"headline":"d\u00e9coration Utilitaires de No\u00ebl","datePublished":"2014-12-01T12:37:01+00:00","dateModified":"2020-01-31T14:52:33+00:00","mainEntityOfPage":{"@id":"https:\/\/nyanpereira.fr\/dessinateur\/vitrine-camion-decoration-utilitaire-noel\/#webpage"},"wordCount":65,"publisher":{"@id":"https:\/\/nyanpereira.fr\/dessinateur\/#organization"},"keywords":["Artiste Freelance PACA","D\u00e9coration dessin\u00e9e &amp; peinte \u00e0 la main","Dessinateur Freelance","peinture sur camion","Peinture sur vitrine magasin-VAR-83","search recherche peintre artistique"],"articleSection":["Peinture sur Vitrine Magasin"],"inLanguage":"fr-FR"},{"@type":"Person","@id":"https:\/\/nyanpereira.fr\/dessinateur\/#\/schema\/person\/d771f144e8b1bdf8b790b02ba31f71d2","name":"dessinateur","image":{"@type":"ImageObject","@id":"https:\/\/nyanpereira.fr\/dessinateur\/#personlogo","inLanguage":"fr-FR","url":"https:\/\/secure.gravatar.com\/avatar\/acd3615833cd4e0b23d9f45973008c34?s=96&d=mm&r=g","contentUrl":"https:\/\/secure.gravatar.com\/avatar\/acd3615833cd4e0b23d9f45973008c34?s=96&d=mm&r=g","caption":"dessinateur"},"url":"https:\/\/nyanpereira.fr\/dessinateur\/author\/dessinateur\/"}]}},"_links":{"self":[{"href":"https:\/\/nyanpereira.fr\/dessinateur\/wp-json\/wp\/v2\/posts\/3077"}],"collection":[{"href":"https:\/\/nyanpereira.fr\/dessinateur\/wp-json\/wp\/v2\/posts"}],"about":[{"href":"https:\/\/nyanpereira.fr\/dessinateur\/wp-json\/wp\/v2\/types\/post"}],"author":[{"embeddable":true,"href":"https:\/\/nyanpereira.fr\/dessinateur\/wp-json\/wp\/v2\/users\/1"}],"replies":[{"embeddable":true,"href":"https:\/\/nyanpereira.fr\/dessinateur\/wp-json\/wp\/v2\/comments?post=3077"}],"version-history":[{"count":31,"href":"https:\/\/nyanpereira.fr\/dessinateur\/wp-json\/wp\/v2\/posts\/3077\/revisions"}],"predecessor-version":[{"id":5677,"href":"https:\/\/nyanpereira.fr\/dessinateur\/wp-json\/wp\/v2\/posts\/3077\/revisions\/5677"}],"wp:attachment":[{"href":"https:\/\/nyanpereira.fr\/dessinateur\/wp-json\/wp\/v2\/media?parent=3077"}],"wp:term":[{"taxonomy":"category","embeddable":true,"href":"https:\/\/nyanpereira.fr\/dessinateur\/wp-json\/wp\/v2\/categories?post=3077"},{"taxonomy":"post_tag","embeddable":true,"href":"https:\/\/nyanpereira.fr\/dessinateur\/wp-json\/wp\/v2\/tags?post=3077"}],"curies":[{"name":"wp","href":"https:\/\/api.w.org\/{rel}","templated":true}]}}