{"id":2871,"date":"2014-05-05T17:38:44","date_gmt":"2014-05-05T16:38:44","guid":{"rendered":"http:\/\/nyanpereira.fr\/dessinateur\/?p=2871"},"modified":"2021-04-29T15:08:44","modified_gmt":"2021-04-29T14:08:44","slug":"photomontage-total-covering-creatif-impactante-decalee-region-paca","status":"publish","type":"post","link":"https:\/\/nyanpereira.fr\/dessinateur\/photomontage-total-covering-creatif-impactante-decalee-region-paca\/","title":{"rendered":"INTER RENT \/\/ Street Marketing &#038; Total Covering"},"content":{"rendered":"<h2>Street Marketing d\u00e9couvrez les secrets d&rsquo;un Total Covering r\u00e9ussie<\/h2>\n<p>Le Street Marketing est technique int\u00e9ressante, surtout pour le lancement d&rsquo;une marque ou d&rsquo;un service. En d\u00e9veloppent par exemple <strong> total covering cr\u00e9atif ou autre dispositif op\u00e9rationnel mobile<\/strong>. Il est facilement possible d&rsquo;augmenter votre audience et votre visibilit\u00e9 . Nous proposons simplement de vous \u00e9pauler dans la conception &amp; laproduction d&rsquo;une campagne covering v\u00e9hicule mobile r\u00e9ussie.<\/p>\n<hr \/>\n<h6>Saviez-vous qu\u2019un covering v\u00e9hicule mobile est 5 fois plus visible qu\u2019une publicit\u00e9 sur un panneau statique ?<\/h6>\n<hr \/>\n<p>C\u2019est sur ce constat que l\u2019enseigne INTERRENT, leader europ\u00e9en de la location courte dur\u00e9e de v\u00e9hicules de tourisme et utilitaire. Reviens avec un total covering Cr\u00e9atif, Impactant &amp; D\u00e9cal\u00e9.<\/p>\n<p><a href=\"https:\/\/nyanpereira.fr\/dessinateur\/photomontage-total-covering-creatif-impactante-decalee-region-paca\/?preview=true&amp;preview_id=2871&amp;preview_nonce=d9ca86d978\"><img loading=\"lazy\" class=\"aligncenter wp-image-2869 size-large\" src=\"https:\/\/nyanpereira.fr\/dessinateur\/wp-content\/uploads\/2014\/03\/2.Photoraphe-photomontage-en-Paca.Total-Covering-Eurpcar.jpg-686x1024.jpg\" alt=\"2.Photoraphe-photomontage-en-Paca.Total-Covering-Eurpcar.jpg\" width=\"686\" height=\"1024\" \/><\/a><\/p>\n<div id=\"attachment_7650\" style=\"width: 660px\" class=\"wp-caption aligncenter\"><a href=\"https:\/\/nyanpereira.fr\/dessinateur\/gallery\/photoroughs-photographie-photomontage-region-paca\/\"><img aria-describedby=\"caption-attachment-7650\" loading=\"lazy\" class=\"wp-image-7650 size-full\" src=\"https:\/\/nyanpereira.fr\/dessinateur\/wp-content\/uploads\/2020\/01\/16.photomontage.total_.covering.photographe.freelance.publicite.nice_.cote_.azur3_.jpg\" alt=\"photo manipulation photomontage TOTAL COVERING INTERRENT\" width=\"650\" height=\"945\" \/><\/a><p id=\"caption-attachment-7650\" class=\"wp-caption-text\">Photographe &amp; photo- manipulation : Yann PEREIRA\u00a9 \/ Directeur Artistique : Goran Milanovic \/ Agence : Geometry<\/p><\/div>\n<p><strong>Un coup de com marketing et une offre claire, pr\u00e9cise et limit\u00e9e dans temps&#8230;<\/strong>\u00a0 Arr\u00eatez de vous serez la ceinture !!\u00a0\u00a0 Avec cette campagne out-store INTERRENT joue la carte de l&rsquo;humour et developpe une image de marque sympas, d\u00e9cal\u00e9 et cr\u00e9ative pour attirer ses consommateurs. <span style=\"color: #999999;\"><em>(Marketing G\u00e9neration Y)<\/em><\/span><\/p>\n<p>Aujourd\u2019hui, beaucoup d\u2019entreprises choisissent le digitale pour communiquer une offre. Certes, la strat\u00e9gie en elle-m\u00eame n\u2019est pas une mauvaise id\u00e9e, loin de l\u00e0 ! Mais un support num\u00e9rique contenant diverses offres ne travaille pas votre notori\u00e9t\u00e9 et n\u2019attire pas forc\u00e9ment de nouveau client.<\/p>\n<p class=\"\">\n<p><img loading=\"lazy\" class=\"size-full wp-image-7782 aligncenter\" src=\"https:\/\/nyanpereira.fr\/dessinateur\/wp-content\/uploads\/2020\/02\/10.Photomontage.phtographe.studio.freelance.paris_.spectacle.publicite.france.paris12-min.jpg\" alt=\"photo manipulation campagne covering europcar Tetris game photographe studio freelance paris\" width=\"650\" height=\"945\" \/><img loading=\"lazy\" class=\"size-full wp-image-7784 aligncenter\" src=\"https:\/\/nyanpereira.fr\/dessinateur\/wp-content\/uploads\/2020\/02\/11.campagnecovering.dragon.got_.s8.fr_.phtographe.studio.freelance.paris_.publicite.france.pdf-min.jpg\" alt=\"photo manipulation campagne covering europcar dragon got-s8 HBO photographe studio freelance.paris\" width=\"650\" height=\"945\" \/><img loading=\"lazy\" class=\"size-full wp-image-7784 aligncenter\" src=\"https:\/\/nyanpereira.fr\/dessinateur\/wp-content\/uploads\/2020\/02\/11.campagnecovering.dragon.got_.s8.fr_.phtographe.studio.freelance.paris_.publicite.france.pdf-min.jpg\" alt=\"photo manipulation campagne covering europcar dragon got-s8 HBO photographe studio freelance.paris\" width=\"650\" height=\"945\" \/> <img loading=\"lazy\" class=\"size-full wp-image-7782 aligncenter\" src=\"https:\/\/nyanpereira.fr\/dessinateur\/wp-content\/uploads\/2020\/02\/10.Photomontage.phtographe.studio.freelance.paris_.spectacle.publicite.france.paris12-min.jpg\" alt=\"photo manipulation campagne covering europcar Tetris game photographe studio freelance paris\" width=\"650\" height=\"945\" \/> <img loading=\"lazy\" class=\"size-full wp-image-7782 aligncenter\" src=\"https:\/\/nyanpereira.fr\/dessinateur\/wp-content\/uploads\/2020\/02\/10.Photomontage.phtographe.studio.freelance.paris_.spectacle.publicite.france.paris12-min.jpg\" alt=\"photo manipulation campagne covering europcar Tetris game photographe studio freelance paris\" width=\"650\" height=\"945\" \/><img loading=\"lazy\" class=\"size-full wp-image-9589 aligncenter\" src=\"https:\/\/nyanpereira.fr\/dessinateur\/wp-content\/uploads\/2020\/07\/05.devis_.prix_.Flocage.camion.utilitaire.europcar.tetris.jeu_.enfant.total_.covering.draguignan.83.var_.france.jpg\" alt=\"Devis.prix.Flocage.camion.utilitaire.europcar.tetris.jeu.enfant.total.covering.draguignan.83.var.france\" width=\"650\" height=\"945\" \/><\/p>\n<p><img loading=\"lazy\" class=\"size-full wp-image-9585 aligncenter\" src=\"https:\/\/nyanpereira.fr\/dessinateur\/wp-content\/uploads\/2021\/04\/01.devis_.prix_.Flocage.camion.utilitaire.europcar.tetris.jeu_.enfant.total_.covering.draguignan.83.var_.france.jpg\" alt=\"Devis.prix.Flocage.camion.utilitaire.europcar.tetris.jeu.enfant.total.covering.draguignan.83.var.france\" width=\"650\" height=\"945\" \/><\/p>\n","protected":false},"excerpt":{"rendered":"","protected":false},"author":1,"featured_media":8881,"comment_status":"closed","ping_status":"closed","sticky":false,"template":"","format":"gallery","meta":[],"categories":[67],"tags":[211,110,64,154,171,156,392,203],"yoast_head":"<!-- This site is optimized with the Yoast SEO plugin v17.9 - https:\/\/yoast.com\/wordpress\/plugins\/seo\/ -->\n<title>Street Marketing \/\/ D\u00e9couvrez les secrets d&#039;un TOTAL_COVERING r\u00e9ussie<\/title>\n<meta name=\"robots\" content=\"index, follow, max-snippet:-1, max-image-preview:large, max-video-preview:-1\" \/>\n<link rel=\"canonical\" href=\"https:\/\/nyanpereira.fr\/dessinateur\/photomontage-total-covering-creatif-impactante-decalee-region-paca\/\" \/>\n<meta property=\"og:locale\" content=\"fr_FR\" \/>\n<meta property=\"og:type\" content=\"article\" \/>\n<meta property=\"og:title\" content=\"Street Marketing \/\/ D\u00e9couvrez les secrets d&#039;un TOTAL_COVERING r\u00e9ussie\" \/>\n<meta property=\"og:url\" content=\"https:\/\/nyanpereira.fr\/dessinateur\/photomontage-total-covering-creatif-impactante-decalee-region-paca\/\" \/>\n<meta property=\"og:site_name\" content=\"Service Cr\u00e9atif &amp; Pr\u00e9sentation Artistique\" \/>\n<meta property=\"article:published_time\" content=\"2014-05-05T16:38:44+00:00\" \/>\n<meta property=\"article:modified_time\" content=\"2021-04-29T14:08:44+00:00\" \/>\n<meta property=\"og:image\" content=\"https:\/\/nyanpereira.fr\/dessinateur\/wp-content\/uploads\/2014\/05\/Photo.manipulation.total_.covering.vehicule.tourisme.jpg\" \/>\n\t<meta property=\"og:image:width\" content=\"400\" \/>\n\t<meta property=\"og:image:height\" content=\"222\" \/>\n\t<meta property=\"og:image:type\" content=\"image\/jpeg\" \/>\n<meta name=\"twitter:card\" content=\"summary_large_image\" \/>\n<meta name=\"twitter:label1\" content=\"\u00c9crit par\" \/>\n\t<meta name=\"twitter:data1\" content=\"dessinateur\" \/>\n\t<meta name=\"twitter:label2\" content=\"Dur\u00e9e de lecture estim\u00e9e\" \/>\n\t<meta name=\"twitter:data2\" content=\"3 minutes\" \/>\n<script type=\"application\/ld+json\" class=\"yoast-schema-graph\">{\"@context\":\"https:\/\/schema.org\",\"@graph\":[{\"@type\":\"Organization\",\"@id\":\"https:\/\/nyanpereira.fr\/dessinateur\/#organization\",\"name\":\"storyboarder Freelance\",\"url\":\"https:\/\/nyanpereira.fr\/dessinateur\/\",\"sameAs\":[],\"logo\":{\"@type\":\"ImageObject\",\"@id\":\"https:\/\/nyanpereira.fr\/dessinateur\/#logo\",\"inLanguage\":\"fr-FR\",\"url\":\"\",\"contentUrl\":\"\",\"caption\":\"storyboarder Freelance\"},\"image\":{\"@id\":\"https:\/\/nyanpereira.fr\/dessinateur\/#logo\"}},{\"@type\":\"WebSite\",\"@id\":\"https:\/\/nyanpereira.fr\/dessinateur\/#website\",\"url\":\"https:\/\/nyanpereira.fr\/dessinateur\/\",\"name\":\"Service Cr\\u00e9atif &amp; Pr\\u00e9sentation Artistique\",\"description\":\"Roughs, Storyboard, Antimatic &amp; Photomontage\",\"publisher\":{\"@id\":\"https:\/\/nyanpereira.fr\/dessinateur\/#organization\"},\"potentialAction\":[{\"@type\":\"SearchAction\",\"target\":{\"@type\":\"EntryPoint\",\"urlTemplate\":\"https:\/\/nyanpereira.fr\/dessinateur\/?s={search_term_string}\"},\"query-input\":\"required name=search_term_string\"}],\"inLanguage\":\"fr-FR\"},{\"@type\":\"ImageObject\",\"@id\":\"https:\/\/nyanpereira.fr\/dessinateur\/photomontage-total-covering-creatif-impactante-decalee-region-paca\/#primaryimage\",\"inLanguage\":\"fr-FR\",\"url\":\"https:\/\/nyanpereira.fr\/dessinateur\/wp-content\/uploads\/2014\/05\/Photo.manipulation.total_.covering.vehicule.tourisme.jpg\",\"contentUrl\":\"https:\/\/nyanpereira.fr\/dessinateur\/wp-content\/uploads\/2014\/05\/Photo.manipulation.total_.covering.vehicule.tourisme.jpg\",\"width\":400,\"height\":222,\"caption\":\"Photo manipulation total.covering vehicule tourisme sticker voiture\"},{\"@type\":\"WebPage\",\"@id\":\"https:\/\/nyanpereira.fr\/dessinateur\/photomontage-total-covering-creatif-impactante-decalee-region-paca\/#webpage\",\"url\":\"https:\/\/nyanpereira.fr\/dessinateur\/photomontage-total-covering-creatif-impactante-decalee-region-paca\/\",\"name\":\"Street Marketing \/\/ D\\u00e9couvrez les secrets d'un TOTAL_COVERING r\\u00e9ussie\",\"isPartOf\":{\"@id\":\"https:\/\/nyanpereira.fr\/dessinateur\/#website\"},\"primaryImageOfPage\":{\"@id\":\"https:\/\/nyanpereira.fr\/dessinateur\/photomontage-total-covering-creatif-impactante-decalee-region-paca\/#primaryimage\"},\"datePublished\":\"2014-05-05T16:38:44+00:00\",\"dateModified\":\"2021-04-29T14:08:44+00:00\",\"breadcrumb\":{\"@id\":\"https:\/\/nyanpereira.fr\/dessinateur\/photomontage-total-covering-creatif-impactante-decalee-region-paca\/#breadcrumb\"},\"inLanguage\":\"fr-FR\",\"potentialAction\":[{\"@type\":\"ReadAction\",\"target\":[\"https:\/\/nyanpereira.fr\/dessinateur\/photomontage-total-covering-creatif-impactante-decalee-region-paca\/\"]}]},{\"@type\":\"BreadcrumbList\",\"@id\":\"https:\/\/nyanpereira.fr\/dessinateur\/photomontage-total-covering-creatif-impactante-decalee-region-paca\/#breadcrumb\",\"itemListElement\":[{\"@type\":\"ListItem\",\"position\":1,\"name\":\"Accueil\",\"item\":\"https:\/\/nyanpereira.fr\/dessinateur\/\"},{\"@type\":\"ListItem\",\"position\":2,\"name\":\"INTER RENT \/\/ Street Marketing &#038; Total Covering\"}]},{\"@type\":\"Article\",\"@id\":\"https:\/\/nyanpereira.fr\/dessinateur\/photomontage-total-covering-creatif-impactante-decalee-region-paca\/#article\",\"isPartOf\":{\"@id\":\"https:\/\/nyanpereira.fr\/dessinateur\/photomontage-total-covering-creatif-impactante-decalee-region-paca\/#webpage\"},\"author\":{\"@id\":\"https:\/\/nyanpereira.fr\/dessinateur\/#\/schema\/person\/d771f144e8b1bdf8b790b02ba31f71d2\"},\"headline\":\"INTER RENT \/\/ Street Marketing &#038; Total Covering\",\"datePublished\":\"2014-05-05T16:38:44+00:00\",\"dateModified\":\"2021-04-29T14:08:44+00:00\",\"mainEntityOfPage\":{\"@id\":\"https:\/\/nyanpereira.fr\/dessinateur\/photomontage-total-covering-creatif-impactante-decalee-region-paca\/#webpage\"},\"wordCount\":255,\"publisher\":{\"@id\":\"https:\/\/nyanpereira.fr\/dessinateur\/#organization\"},\"image\":{\"@id\":\"https:\/\/nyanpereira.fr\/dessinateur\/photomontage-total-covering-creatif-impactante-decalee-region-paca\/#primaryimage\"},\"thumbnailUrl\":\"https:\/\/nyanpereira.fr\/dessinateur\/wp-content\/uploads\/2014\/05\/Photo.manipulation.total_.covering.vehicule.tourisme.jpg\",\"keywords\":[\"DecoAder professionnels de la s\\u00e9rigraphie\",\"Illustrateur Photographe PACA-VAR\",\"Illustration photo &amp; PhotoMontage paris \\u00eele-de-france\",\"Photographe Studio PACA-VAR(83)\",\"Photographe Studio PARIS\",\"photographie &amp; PhotoRetouche\",\"PUB \/ Retoucheur photo freelance \\u00e0 PARIS\",\"search recherche photographe professionel PACA\"],\"articleSection\":[\"Photo Retouche &amp; Retoucheur freelance\"],\"inLanguage\":\"fr-FR\"},{\"@type\":\"Person\",\"@id\":\"https:\/\/nyanpereira.fr\/dessinateur\/#\/schema\/person\/d771f144e8b1bdf8b790b02ba31f71d2\",\"name\":\"dessinateur\",\"image\":{\"@type\":\"ImageObject\",\"@id\":\"https:\/\/nyanpereira.fr\/dessinateur\/#personlogo\",\"inLanguage\":\"fr-FR\",\"url\":\"https:\/\/secure.gravatar.com\/avatar\/acd3615833cd4e0b23d9f45973008c34?s=96&d=mm&r=g\",\"contentUrl\":\"https:\/\/secure.gravatar.com\/avatar\/acd3615833cd4e0b23d9f45973008c34?s=96&d=mm&r=g\",\"caption\":\"dessinateur\"},\"url\":\"https:\/\/nyanpereira.fr\/dessinateur\/author\/dessinateur\/\"}]}<\/script>\n<!-- \/ Yoast SEO plugin. -->","yoast_head_json":{"title":"Street Marketing \/\/ D\u00e9couvrez les secrets d'un TOTAL_COVERING r\u00e9ussie","robots":{"index":"index","follow":"follow","max-snippet":"max-snippet:-1","max-image-preview":"max-image-preview:large","max-video-preview":"max-video-preview:-1"},"canonical":"https:\/\/nyanpereira.fr\/dessinateur\/photomontage-total-covering-creatif-impactante-decalee-region-paca\/","og_locale":"fr_FR","og_type":"article","og_title":"Street Marketing \/\/ D\u00e9couvrez les secrets d'un TOTAL_COVERING r\u00e9ussie","og_url":"https:\/\/nyanpereira.fr\/dessinateur\/photomontage-total-covering-creatif-impactante-decalee-region-paca\/","og_site_name":"Service Cr\u00e9atif &amp; Pr\u00e9sentation Artistique","article_published_time":"2014-05-05T16:38:44+00:00","article_modified_time":"2021-04-29T14:08:44+00:00","og_image":[{"width":400,"height":222,"url":"https:\/\/nyanpereira.fr\/dessinateur\/wp-content\/uploads\/2014\/05\/Photo.manipulation.total_.covering.vehicule.tourisme.jpg","type":"image\/jpeg"}],"twitter_card":"summary_large_image","twitter_misc":{"\u00c9crit par":"dessinateur","Dur\u00e9e de lecture estim\u00e9e":"3 minutes"},"schema":{"@context":"https:\/\/schema.org","@graph":[{"@type":"Organization","@id":"https:\/\/nyanpereira.fr\/dessinateur\/#organization","name":"storyboarder Freelance","url":"https:\/\/nyanpereira.fr\/dessinateur\/","sameAs":[],"logo":{"@type":"ImageObject","@id":"https:\/\/nyanpereira.fr\/dessinateur\/#logo","inLanguage":"fr-FR","url":"","contentUrl":"","caption":"storyboarder Freelance"},"image":{"@id":"https:\/\/nyanpereira.fr\/dessinateur\/#logo"}},{"@type":"WebSite","@id":"https:\/\/nyanpereira.fr\/dessinateur\/#website","url":"https:\/\/nyanpereira.fr\/dessinateur\/","name":"Service Cr\u00e9atif &amp; Pr\u00e9sentation Artistique","description":"Roughs, Storyboard, Antimatic &amp; Photomontage","publisher":{"@id":"https:\/\/nyanpereira.fr\/dessinateur\/#organization"},"potentialAction":[{"@type":"SearchAction","target":{"@type":"EntryPoint","urlTemplate":"https:\/\/nyanpereira.fr\/dessinateur\/?s={search_term_string}"},"query-input":"required name=search_term_string"}],"inLanguage":"fr-FR"},{"@type":"ImageObject","@id":"https:\/\/nyanpereira.fr\/dessinateur\/photomontage-total-covering-creatif-impactante-decalee-region-paca\/#primaryimage","inLanguage":"fr-FR","url":"https:\/\/nyanpereira.fr\/dessinateur\/wp-content\/uploads\/2014\/05\/Photo.manipulation.total_.covering.vehicule.tourisme.jpg","contentUrl":"https:\/\/nyanpereira.fr\/dessinateur\/wp-content\/uploads\/2014\/05\/Photo.manipulation.total_.covering.vehicule.tourisme.jpg","width":400,"height":222,"caption":"Photo manipulation total.covering vehicule tourisme sticker voiture"},{"@type":"WebPage","@id":"https:\/\/nyanpereira.fr\/dessinateur\/photomontage-total-covering-creatif-impactante-decalee-region-paca\/#webpage","url":"https:\/\/nyanpereira.fr\/dessinateur\/photomontage-total-covering-creatif-impactante-decalee-region-paca\/","name":"Street Marketing \/\/ D\u00e9couvrez les secrets d'un TOTAL_COVERING r\u00e9ussie","isPartOf":{"@id":"https:\/\/nyanpereira.fr\/dessinateur\/#website"},"primaryImageOfPage":{"@id":"https:\/\/nyanpereira.fr\/dessinateur\/photomontage-total-covering-creatif-impactante-decalee-region-paca\/#primaryimage"},"datePublished":"2014-05-05T16:38:44+00:00","dateModified":"2021-04-29T14:08:44+00:00","breadcrumb":{"@id":"https:\/\/nyanpereira.fr\/dessinateur\/photomontage-total-covering-creatif-impactante-decalee-region-paca\/#breadcrumb"},"inLanguage":"fr-FR","potentialAction":[{"@type":"ReadAction","target":["https:\/\/nyanpereira.fr\/dessinateur\/photomontage-total-covering-creatif-impactante-decalee-region-paca\/"]}]},{"@type":"BreadcrumbList","@id":"https:\/\/nyanpereira.fr\/dessinateur\/photomontage-total-covering-creatif-impactante-decalee-region-paca\/#breadcrumb","itemListElement":[{"@type":"ListItem","position":1,"name":"Accueil","item":"https:\/\/nyanpereira.fr\/dessinateur\/"},{"@type":"ListItem","position":2,"name":"INTER RENT \/\/ Street Marketing &#038; Total Covering"}]},{"@type":"Article","@id":"https:\/\/nyanpereira.fr\/dessinateur\/photomontage-total-covering-creatif-impactante-decalee-region-paca\/#article","isPartOf":{"@id":"https:\/\/nyanpereira.fr\/dessinateur\/photomontage-total-covering-creatif-impactante-decalee-region-paca\/#webpage"},"author":{"@id":"https:\/\/nyanpereira.fr\/dessinateur\/#\/schema\/person\/d771f144e8b1bdf8b790b02ba31f71d2"},"headline":"INTER RENT \/\/ Street Marketing &#038; Total Covering","datePublished":"2014-05-05T16:38:44+00:00","dateModified":"2021-04-29T14:08:44+00:00","mainEntityOfPage":{"@id":"https:\/\/nyanpereira.fr\/dessinateur\/photomontage-total-covering-creatif-impactante-decalee-region-paca\/#webpage"},"wordCount":255,"publisher":{"@id":"https:\/\/nyanpereira.fr\/dessinateur\/#organization"},"image":{"@id":"https:\/\/nyanpereira.fr\/dessinateur\/photomontage-total-covering-creatif-impactante-decalee-region-paca\/#primaryimage"},"thumbnailUrl":"https:\/\/nyanpereira.fr\/dessinateur\/wp-content\/uploads\/2014\/05\/Photo.manipulation.total_.covering.vehicule.tourisme.jpg","keywords":["DecoAder professionnels de la s\u00e9rigraphie","Illustrateur Photographe PACA-VAR","Illustration photo &amp; PhotoMontage paris \u00eele-de-france","Photographe Studio PACA-VAR(83)","Photographe Studio PARIS","photographie &amp; PhotoRetouche","PUB \/ Retoucheur photo freelance \u00e0 PARIS","search recherche photographe professionel PACA"],"articleSection":["Photo Retouche &amp; Retoucheur freelance"],"inLanguage":"fr-FR"},{"@type":"Person","@id":"https:\/\/nyanpereira.fr\/dessinateur\/#\/schema\/person\/d771f144e8b1bdf8b790b02ba31f71d2","name":"dessinateur","image":{"@type":"ImageObject","@id":"https:\/\/nyanpereira.fr\/dessinateur\/#personlogo","inLanguage":"fr-FR","url":"https:\/\/secure.gravatar.com\/avatar\/acd3615833cd4e0b23d9f45973008c34?s=96&d=mm&r=g","contentUrl":"https:\/\/secure.gravatar.com\/avatar\/acd3615833cd4e0b23d9f45973008c34?s=96&d=mm&r=g","caption":"dessinateur"},"url":"https:\/\/nyanpereira.fr\/dessinateur\/author\/dessinateur\/"}]}},"_links":{"self":[{"href":"https:\/\/nyanpereira.fr\/dessinateur\/wp-json\/wp\/v2\/posts\/2871"}],"collection":[{"href":"https:\/\/nyanpereira.fr\/dessinateur\/wp-json\/wp\/v2\/posts"}],"about":[{"href":"https:\/\/nyanpereira.fr\/dessinateur\/wp-json\/wp\/v2\/types\/post"}],"author":[{"embeddable":true,"href":"https:\/\/nyanpereira.fr\/dessinateur\/wp-json\/wp\/v2\/users\/1"}],"replies":[{"embeddable":true,"href":"https:\/\/nyanpereira.fr\/dessinateur\/wp-json\/wp\/v2\/comments?post=2871"}],"version-history":[{"count":28,"href":"https:\/\/nyanpereira.fr\/dessinateur\/wp-json\/wp\/v2\/posts\/2871\/revisions"}],"predecessor-version":[{"id":9592,"href":"https:\/\/nyanpereira.fr\/dessinateur\/wp-json\/wp\/v2\/posts\/2871\/revisions\/9592"}],"wp:featuredmedia":[{"embeddable":true,"href":"https:\/\/nyanpereira.fr\/dessinateur\/wp-json\/wp\/v2\/media\/8881"}],"wp:attachment":[{"href":"https:\/\/nyanpereira.fr\/dessinateur\/wp-json\/wp\/v2\/media?parent=2871"}],"wp:term":[{"taxonomy":"category","embeddable":true,"href":"https:\/\/nyanpereira.fr\/dessinateur\/wp-json\/wp\/v2\/categories?post=2871"},{"taxonomy":"post_tag","embeddable":true,"href":"https:\/\/nyanpereira.fr\/dessinateur\/wp-json\/wp\/v2\/tags?post=2871"}],"curies":[{"name":"wp","href":"https:\/\/api.w.org\/{rel}","templated":true}]}}