{"id":2832,"date":"2014-04-09T08:18:23","date_gmt":"2014-04-09T07:18:23","guid":{"rendered":"http:\/\/nyanpereira.fr\/dessinateur\/?p=2832"},"modified":"2020-05-29T14:20:19","modified_gmt":"2020-05-29T13:20:19","slug":"photomontage-videomotion","status":"publish","type":"post","link":"https:\/\/nyanpereira.fr\/dessinateur\/photomontage-videomotion\/","title":{"rendered":"Vid\u00e9o &#038; PhotoMontage"},"content":{"rendered":"<h4>Photographies Cr\u00e9atives &amp; <span style=\"color: #663399;\">Photomontages Publicitaires<\/span><\/h4>\n<p>Prise de vue studio, travail de mise en sc\u00e8ne et <span style=\"color: #663399;\"><strong><a href=\"http:\/\/nyanpereira.fr\/dessinateur\/gallery\/photoroughs-photographie-photomontage\/\"><span style=\"color: #663399;\">cr\u00e9ation d\u2019univers photographiques<\/span><\/a> <\/strong><\/span>via des retouches et le montage en post-traitement, <a href=\"http:\/\/nyanpereira.fr\/dessinateur\/photomontage-videomotion\/\">post-production<\/a> pour le secteur de la publicit\u00e9.<\/p>\n<p><strong>Avant :<\/strong><br \/>\n<a href=\"http:\/\/nyanpereira.fr\/dessinateur\/photomontage-videomotion\/\"><img loading=\"lazy\" class=\"alignleft size-full wp-image-2834\" alt=\"Dessin d'intention avant shooting\" src=\"http:\/\/nyanpereira.fr\/dessinateur\/wp-content\/uploads\/2013\/12\/Dessin-dintention-avant-shooting.png\" width=\"817\" height=\"763\" \/><\/a><\/p>\n<p><strong>Apr\u00e8s :<\/strong><br \/>\n<a href=\"http:\/\/nyanpereira.fr\/dessinateur\/gallery\/photoroughs-photographie-photomontage\/\"><img class=\"alignleft size-full wp-image-2856\" alt=\"Photographe-studio-Photomontage-paca-Yann PEREIRA - publicit\u00e9 dentiste vacance\" src=\"http:\/\/nyanpereira.fr\/dessinateur\/wp-content\/uploads\/2014\/03\/Photographe-studio-Photomontage-paca-Yann.jpg\" \/><\/a><br \/>\n<strong>Musique<\/strong> :\u00a0Clappas Riddim<br \/>\n<strong>PhotoMontage, PhotoRetouche, <strong>Vid\u00e9oMotion\u00a0<\/strong>&amp; Photographie\u00a0<\/strong>: Yann PEREIRA<br \/>\n<strong>Agent<\/strong> : www.Virginie.fr<a href=\"http:\/\/www.virginie.fr\" target=\"_blank\" rel=\"noopener noreferrer\"><br \/>\n<\/a><\/p>\n","protected":false},"excerpt":{"rendered":"","protected":false},"author":1,"featured_media":0,"comment_status":"closed","ping_status":"closed","sticky":false,"template":"","format":"video","meta":[],"categories":[67,60],"tags":[110,64,93,154,392,157],"yoast_head":"<!-- This site is optimized with the Yoast SEO plugin v17.9 - https:\/\/yoast.com\/wordpress\/plugins\/seo\/ -->\n<title>Vid\u00e9o &amp; PhotoMontage - Service Cr\u00e9atif &amp; Pr\u00e9sentation Artistique<\/title>\n<meta name=\"robots\" content=\"index, follow, max-snippet:-1, max-image-preview:large, max-video-preview:-1\" \/>\n<link rel=\"canonical\" href=\"https:\/\/nyanpereira.fr\/dessinateur\/photomontage-videomotion\/\" \/>\n<meta property=\"og:locale\" content=\"fr_FR\" \/>\n<meta property=\"og:type\" content=\"article\" \/>\n<meta property=\"og:title\" content=\"Vid\u00e9o &amp; PhotoMontage - Service Cr\u00e9atif &amp; Pr\u00e9sentation Artistique\" \/>\n<meta property=\"og:url\" content=\"https:\/\/nyanpereira.fr\/dessinateur\/photomontage-videomotion\/\" \/>\n<meta property=\"og:site_name\" content=\"Service Cr\u00e9atif &amp; Pr\u00e9sentation Artistique\" \/>\n<meta property=\"article:published_time\" content=\"2014-04-09T07:18:23+00:00\" \/>\n<meta property=\"article:modified_time\" content=\"2020-05-29T13:20:19+00:00\" \/>\n<meta property=\"og:image\" content=\"http:\/\/nyanpereira.fr\/dessinateur\/wp-content\/uploads\/2013\/12\/Dessin-dintention-avant-shooting.png\" \/>\n<meta name=\"twitter:card\" content=\"summary_large_image\" \/>\n<meta name=\"twitter:label1\" content=\"\u00c9crit par\" \/>\n\t<meta name=\"twitter:data1\" content=\"dessinateur\" \/>\n<script type=\"application\/ld+json\" class=\"yoast-schema-graph\">{\"@context\":\"https:\/\/schema.org\",\"@graph\":[{\"@type\":\"Organization\",\"@id\":\"https:\/\/nyanpereira.fr\/dessinateur\/#organization\",\"name\":\"storyboarder Freelance\",\"url\":\"https:\/\/nyanpereira.fr\/dessinateur\/\",\"sameAs\":[],\"logo\":{\"@type\":\"ImageObject\",\"@id\":\"https:\/\/nyanpereira.fr\/dessinateur\/#logo\",\"inLanguage\":\"fr-FR\",\"url\":\"\",\"contentUrl\":\"\",\"caption\":\"storyboarder Freelance\"},\"image\":{\"@id\":\"https:\/\/nyanpereira.fr\/dessinateur\/#logo\"}},{\"@type\":\"WebSite\",\"@id\":\"https:\/\/nyanpereira.fr\/dessinateur\/#website\",\"url\":\"https:\/\/nyanpereira.fr\/dessinateur\/\",\"name\":\"Service Cr\\u00e9atif &amp; Pr\\u00e9sentation Artistique\",\"description\":\"Roughs, Storyboard, Antimatic &amp; Photomontage\",\"publisher\":{\"@id\":\"https:\/\/nyanpereira.fr\/dessinateur\/#organization\"},\"potentialAction\":[{\"@type\":\"SearchAction\",\"target\":{\"@type\":\"EntryPoint\",\"urlTemplate\":\"https:\/\/nyanpereira.fr\/dessinateur\/?s={search_term_string}\"},\"query-input\":\"required name=search_term_string\"}],\"inLanguage\":\"fr-FR\"},{\"@type\":\"ImageObject\",\"@id\":\"https:\/\/nyanpereira.fr\/dessinateur\/photomontage-videomotion\/#primaryimage\",\"inLanguage\":\"fr-FR\",\"url\":\"http:\/\/nyanpereira.fr\/dessinateur\/wp-content\/uploads\/2013\/12\/Dessin-dintention-avant-shooting.png\",\"contentUrl\":\"http:\/\/nyanpereira.fr\/dessinateur\/wp-content\/uploads\/2013\/12\/Dessin-dintention-avant-shooting.png\"},{\"@type\":\"WebPage\",\"@id\":\"https:\/\/nyanpereira.fr\/dessinateur\/photomontage-videomotion\/#webpage\",\"url\":\"https:\/\/nyanpereira.fr\/dessinateur\/photomontage-videomotion\/\",\"name\":\"Vid\\u00e9o & PhotoMontage - Service Cr\\u00e9atif &amp; Pr\\u00e9sentation Artistique\",\"isPartOf\":{\"@id\":\"https:\/\/nyanpereira.fr\/dessinateur\/#website\"},\"primaryImageOfPage\":{\"@id\":\"https:\/\/nyanpereira.fr\/dessinateur\/photomontage-videomotion\/#primaryimage\"},\"datePublished\":\"2014-04-09T07:18:23+00:00\",\"dateModified\":\"2020-05-29T13:20:19+00:00\",\"breadcrumb\":{\"@id\":\"https:\/\/nyanpereira.fr\/dessinateur\/photomontage-videomotion\/#breadcrumb\"},\"inLanguage\":\"fr-FR\",\"potentialAction\":[{\"@type\":\"ReadAction\",\"target\":[\"https:\/\/nyanpereira.fr\/dessinateur\/photomontage-videomotion\/\"]}]},{\"@type\":\"BreadcrumbList\",\"@id\":\"https:\/\/nyanpereira.fr\/dessinateur\/photomontage-videomotion\/#breadcrumb\",\"itemListElement\":[{\"@type\":\"ListItem\",\"position\":1,\"name\":\"Accueil\",\"item\":\"https:\/\/nyanpereira.fr\/dessinateur\/\"},{\"@type\":\"ListItem\",\"position\":2,\"name\":\"Vid\\u00e9o &#038; PhotoMontage\"}]},{\"@type\":\"Article\",\"@id\":\"https:\/\/nyanpereira.fr\/dessinateur\/photomontage-videomotion\/#article\",\"isPartOf\":{\"@id\":\"https:\/\/nyanpereira.fr\/dessinateur\/photomontage-videomotion\/#webpage\"},\"author\":{\"@id\":\"https:\/\/nyanpereira.fr\/dessinateur\/#\/schema\/person\/d771f144e8b1bdf8b790b02ba31f71d2\"},\"headline\":\"Vid\\u00e9o &#038; PhotoMontage\",\"datePublished\":\"2014-04-09T07:18:23+00:00\",\"dateModified\":\"2020-05-29T13:20:19+00:00\",\"mainEntityOfPage\":{\"@id\":\"https:\/\/nyanpereira.fr\/dessinateur\/photomontage-videomotion\/#webpage\"},\"wordCount\":58,\"publisher\":{\"@id\":\"https:\/\/nyanpereira.fr\/dessinateur\/#organization\"},\"image\":{\"@id\":\"https:\/\/nyanpereira.fr\/dessinateur\/photomontage-videomotion\/#primaryimage\"},\"thumbnailUrl\":\"http:\/\/nyanpereira.fr\/dessinateur\/wp-content\/uploads\/2013\/12\/Dessin-dintention-avant-shooting.png\",\"keywords\":[\"Illustrateur Photographe PACA-VAR\",\"Illustration photo &amp; PhotoMontage paris \\u00eele-de-france\",\"Motion designer PACA freelance\",\"Photographe Studio PACA-VAR(83)\",\"PUB \/ Retoucheur photo freelance \\u00e0 PARIS\",\"Studio Photographe Alpes-Maritimes(06)\"],\"articleSection\":[\"Photo Retouche &amp; Retoucheur freelance\",\"PhotoMontage &amp; Publicit\\u00e9\"],\"inLanguage\":\"fr-FR\"},{\"@type\":\"Person\",\"@id\":\"https:\/\/nyanpereira.fr\/dessinateur\/#\/schema\/person\/d771f144e8b1bdf8b790b02ba31f71d2\",\"name\":\"dessinateur\",\"image\":{\"@type\":\"ImageObject\",\"@id\":\"https:\/\/nyanpereira.fr\/dessinateur\/#personlogo\",\"inLanguage\":\"fr-FR\",\"url\":\"https:\/\/secure.gravatar.com\/avatar\/acd3615833cd4e0b23d9f45973008c34?s=96&d=mm&r=g\",\"contentUrl\":\"https:\/\/secure.gravatar.com\/avatar\/acd3615833cd4e0b23d9f45973008c34?s=96&d=mm&r=g\",\"caption\":\"dessinateur\"},\"url\":\"https:\/\/nyanpereira.fr\/dessinateur\/author\/dessinateur\/\"}]}<\/script>\n<!-- \/ Yoast SEO plugin. -->","yoast_head_json":{"title":"Vid\u00e9o & PhotoMontage - Service Cr\u00e9atif &amp; Pr\u00e9sentation Artistique","robots":{"index":"index","follow":"follow","max-snippet":"max-snippet:-1","max-image-preview":"max-image-preview:large","max-video-preview":"max-video-preview:-1"},"canonical":"https:\/\/nyanpereira.fr\/dessinateur\/photomontage-videomotion\/","og_locale":"fr_FR","og_type":"article","og_title":"Vid\u00e9o & PhotoMontage - Service Cr\u00e9atif &amp; Pr\u00e9sentation Artistique","og_url":"https:\/\/nyanpereira.fr\/dessinateur\/photomontage-videomotion\/","og_site_name":"Service Cr\u00e9atif &amp; Pr\u00e9sentation Artistique","article_published_time":"2014-04-09T07:18:23+00:00","article_modified_time":"2020-05-29T13:20:19+00:00","og_image":[{"url":"http:\/\/nyanpereira.fr\/dessinateur\/wp-content\/uploads\/2013\/12\/Dessin-dintention-avant-shooting.png"}],"twitter_card":"summary_large_image","twitter_misc":{"\u00c9crit par":"dessinateur"},"schema":{"@context":"https:\/\/schema.org","@graph":[{"@type":"Organization","@id":"https:\/\/nyanpereira.fr\/dessinateur\/#organization","name":"storyboarder Freelance","url":"https:\/\/nyanpereira.fr\/dessinateur\/","sameAs":[],"logo":{"@type":"ImageObject","@id":"https:\/\/nyanpereira.fr\/dessinateur\/#logo","inLanguage":"fr-FR","url":"","contentUrl":"","caption":"storyboarder Freelance"},"image":{"@id":"https:\/\/nyanpereira.fr\/dessinateur\/#logo"}},{"@type":"WebSite","@id":"https:\/\/nyanpereira.fr\/dessinateur\/#website","url":"https:\/\/nyanpereira.fr\/dessinateur\/","name":"Service Cr\u00e9atif &amp; Pr\u00e9sentation Artistique","description":"Roughs, Storyboard, Antimatic &amp; Photomontage","publisher":{"@id":"https:\/\/nyanpereira.fr\/dessinateur\/#organization"},"potentialAction":[{"@type":"SearchAction","target":{"@type":"EntryPoint","urlTemplate":"https:\/\/nyanpereira.fr\/dessinateur\/?s={search_term_string}"},"query-input":"required name=search_term_string"}],"inLanguage":"fr-FR"},{"@type":"ImageObject","@id":"https:\/\/nyanpereira.fr\/dessinateur\/photomontage-videomotion\/#primaryimage","inLanguage":"fr-FR","url":"http:\/\/nyanpereira.fr\/dessinateur\/wp-content\/uploads\/2013\/12\/Dessin-dintention-avant-shooting.png","contentUrl":"http:\/\/nyanpereira.fr\/dessinateur\/wp-content\/uploads\/2013\/12\/Dessin-dintention-avant-shooting.png"},{"@type":"WebPage","@id":"https:\/\/nyanpereira.fr\/dessinateur\/photomontage-videomotion\/#webpage","url":"https:\/\/nyanpereira.fr\/dessinateur\/photomontage-videomotion\/","name":"Vid\u00e9o & PhotoMontage - Service Cr\u00e9atif &amp; Pr\u00e9sentation Artistique","isPartOf":{"@id":"https:\/\/nyanpereira.fr\/dessinateur\/#website"},"primaryImageOfPage":{"@id":"https:\/\/nyanpereira.fr\/dessinateur\/photomontage-videomotion\/#primaryimage"},"datePublished":"2014-04-09T07:18:23+00:00","dateModified":"2020-05-29T13:20:19+00:00","breadcrumb":{"@id":"https:\/\/nyanpereira.fr\/dessinateur\/photomontage-videomotion\/#breadcrumb"},"inLanguage":"fr-FR","potentialAction":[{"@type":"ReadAction","target":["https:\/\/nyanpereira.fr\/dessinateur\/photomontage-videomotion\/"]}]},{"@type":"BreadcrumbList","@id":"https:\/\/nyanpereira.fr\/dessinateur\/photomontage-videomotion\/#breadcrumb","itemListElement":[{"@type":"ListItem","position":1,"name":"Accueil","item":"https:\/\/nyanpereira.fr\/dessinateur\/"},{"@type":"ListItem","position":2,"name":"Vid\u00e9o &#038; PhotoMontage"}]},{"@type":"Article","@id":"https:\/\/nyanpereira.fr\/dessinateur\/photomontage-videomotion\/#article","isPartOf":{"@id":"https:\/\/nyanpereira.fr\/dessinateur\/photomontage-videomotion\/#webpage"},"author":{"@id":"https:\/\/nyanpereira.fr\/dessinateur\/#\/schema\/person\/d771f144e8b1bdf8b790b02ba31f71d2"},"headline":"Vid\u00e9o &#038; PhotoMontage","datePublished":"2014-04-09T07:18:23+00:00","dateModified":"2020-05-29T13:20:19+00:00","mainEntityOfPage":{"@id":"https:\/\/nyanpereira.fr\/dessinateur\/photomontage-videomotion\/#webpage"},"wordCount":58,"publisher":{"@id":"https:\/\/nyanpereira.fr\/dessinateur\/#organization"},"image":{"@id":"https:\/\/nyanpereira.fr\/dessinateur\/photomontage-videomotion\/#primaryimage"},"thumbnailUrl":"http:\/\/nyanpereira.fr\/dessinateur\/wp-content\/uploads\/2013\/12\/Dessin-dintention-avant-shooting.png","keywords":["Illustrateur Photographe PACA-VAR","Illustration photo &amp; PhotoMontage paris \u00eele-de-france","Motion designer PACA freelance","Photographe Studio PACA-VAR(83)","PUB \/ Retoucheur photo freelance \u00e0 PARIS","Studio Photographe Alpes-Maritimes(06)"],"articleSection":["Photo Retouche &amp; Retoucheur freelance","PhotoMontage &amp; Publicit\u00e9"],"inLanguage":"fr-FR"},{"@type":"Person","@id":"https:\/\/nyanpereira.fr\/dessinateur\/#\/schema\/person\/d771f144e8b1bdf8b790b02ba31f71d2","name":"dessinateur","image":{"@type":"ImageObject","@id":"https:\/\/nyanpereira.fr\/dessinateur\/#personlogo","inLanguage":"fr-FR","url":"https:\/\/secure.gravatar.com\/avatar\/acd3615833cd4e0b23d9f45973008c34?s=96&d=mm&r=g","contentUrl":"https:\/\/secure.gravatar.com\/avatar\/acd3615833cd4e0b23d9f45973008c34?s=96&d=mm&r=g","caption":"dessinateur"},"url":"https:\/\/nyanpereira.fr\/dessinateur\/author\/dessinateur\/"}]}},"_links":{"self":[{"href":"https:\/\/nyanpereira.fr\/dessinateur\/wp-json\/wp\/v2\/posts\/2832"}],"collection":[{"href":"https:\/\/nyanpereira.fr\/dessinateur\/wp-json\/wp\/v2\/posts"}],"about":[{"href":"https:\/\/nyanpereira.fr\/dessinateur\/wp-json\/wp\/v2\/types\/post"}],"author":[{"embeddable":true,"href":"https:\/\/nyanpereira.fr\/dessinateur\/wp-json\/wp\/v2\/users\/1"}],"replies":[{"embeddable":true,"href":"https:\/\/nyanpereira.fr\/dessinateur\/wp-json\/wp\/v2\/comments?post=2832"}],"version-history":[{"count":28,"href":"https:\/\/nyanpereira.fr\/dessinateur\/wp-json\/wp\/v2\/posts\/2832\/revisions"}],"predecessor-version":[{"id":8730,"href":"https:\/\/nyanpereira.fr\/dessinateur\/wp-json\/wp\/v2\/posts\/2832\/revisions\/8730"}],"wp:attachment":[{"href":"https:\/\/nyanpereira.fr\/dessinateur\/wp-json\/wp\/v2\/media?parent=2832"}],"wp:term":[{"taxonomy":"category","embeddable":true,"href":"https:\/\/nyanpereira.fr\/dessinateur\/wp-json\/wp\/v2\/categories?post=2832"},{"taxonomy":"post_tag","embeddable":true,"href":"https:\/\/nyanpereira.fr\/dessinateur\/wp-json\/wp\/v2\/tags?post=2832"}],"curies":[{"name":"wp","href":"https:\/\/api.w.org\/{rel}","templated":true}]}}