{"id":2778,"date":"2013-03-24T13:27:35","date_gmt":"2013-03-24T12:27:35","guid":{"rendered":"http:\/\/nyanpereira.fr\/dessinateur\/?p=2778"},"modified":"2020-06-15T16:05:38","modified_gmt":"2020-06-15T15:05:38","slug":"photographe-portrait-barilla","status":"publish","type":"post","link":"https:\/\/nyanpereira.fr\/dessinateur\/photographe-portrait-barilla\/","title":{"rendered":"S\u00e9rie portrait publicitaire \/\/  BARILLA"},"content":{"rendered":"<p><strong>Photographe de portrait publicitaire ou retoucheur freelance ? Aujourd&rsquo;hui\u00a0 ils sont indissociable pour r\u00e9aliser des images publicitaire de qualit\u00e9.<\/strong> Du <a href=\"https:\/\/nyanpereira.fr\/dessinateur\/gallery\/roughman-dessinnateur-croquis-crayon-papier-paris\/\">dessin pr\u00e9paratoire<\/a> aux<strong> casting, <\/strong>en passant par le <strong>stylisme<\/strong>, la <strong>cr\u00e9ation de d\u00e9cors de shooting<\/strong> ! Un studio de cr\u00e9ation sp\u00e9cialis\u00e9 dans la photographie publicitaire, la retouche et la <a href=\"https:\/\/nyanpereira.fr\/dessinateur\/gallery\/photoroughs-photographie-photomontage-region-paca\/\">photo manipulation<\/a>.<\/p>\n<p><a href=\"https:\/\/nyanpereira.fr\/dessinateur\/wp-content\/uploads\/2013\/10\/UNE.femmeB2.jpg\"><img loading=\"lazy\" class=\"aligncenter wp-image-2146 size-full\" src=\"https:\/\/nyanpereira.fr\/dessinateur\/wp-content\/uploads\/2013\/10\/UNE.femmeB2.jpg\" alt=\"photographe portrait publicitaire, portrait femme, campagne pub barilla\" width=\"840\" height=\"575\" \/><\/a><\/p>\n<h3><strong>Photographe : S\u00e9rie portrait publicitaire <\/strong><\/h3>\n<p><strong>Partant du constat que les p\u00e2tes \u00e0 cuisson rapide gagnent du terrain.<\/strong> <a href=\"https:\/\/www.barilla.com\/fr-fr\" target=\"_blank\" rel=\"noopener noreferrer\">BARILLA<\/a>, en tant leader sur le march\u00e9 des p\u00e2tes. Souhaite se positionner et ainsi devenir un incontournable de la cuisson ultra rapide.<\/p>\n<p>Ainsi, la signature \u201c<strong><em>Les seules pr\u00eates en 3 minutes<\/em><\/strong>\u201d est n\u00e9e et par la m\u00eame occasion, un <a href=\"https:\/\/www.definitions-marketing.com\/definition\/ghost-en-publicite\/\" target=\"_blank\" rel=\"noopener noreferrer\"><strong>ghost publicitaire<\/strong><\/a> qui se d\u00e9marque des campagnes habituelles. Un ghost qui illustre la cuisson des p\u00e2tes en parall\u00e8le avec une action quotidienne qui parle a tout le monde, celle de s&rsquo;appr\u00eater.<\/p>\n<p>Une <strong>s\u00e9rie de portrait<\/strong> marqu\u00e9 par la surprise des femmes qui se laissent surprendre par la rapidit\u00e9 de cuisson. Avec une touche d&rsquo;humour et des gros plans sur des visages f\u00e9minins stup\u00e9fait, \u00e0 moiti\u00e9 maquill\u00e9 et les cheveux \u00e9bouriff\u00e9s ou encore sous la douche&#8230; Une <strong>s\u00e9rie de portrait publicitaires<\/strong> qui oppose la l\u00e9gendaire rapidit\u00e9 f\u00e9minine \u00e0 se pr\u00e9parer \u00e0 la nouvelle cuisson ultra rapide des p\u00e2tes Brailla !<\/p>\n<p>&nbsp;<\/p>\n<a class=\"button small \" onclick=\"window.open('https:\/\/nyanpereira.fr\/dessinateur\/gallery\/photoroughs-photographie-photomontage-region-paca\/', '_self')\">Book du photographe freelance <\/a>\n<p><img loading=\"lazy\" class=\"aligncenter wp-image-2145 size-full\" src=\"https:\/\/nyanpereira.fr\/dessinateur\/wp-content\/uploads\/2013\/10\/Une.femmeB1.jpg\" alt=\"photographe portrait publicitaire, portrait femme, campagne pub barilla\" width=\"840\" height=\"575\" \/><a href=\"https:\/\/nyanpereira.fr\/dessinateur\/wp-content\/uploads\/2013\/10\/UNE.femmeB2.jpg\"><img loading=\"lazy\" class=\"size-full wp-image-2147 aligncenter\" src=\"https:\/\/nyanpereira.fr\/dessinateur\/wp-content\/uploads\/2013\/10\/UNE.femmeB3.jpg\" alt=\"\" width=\"840\" height=\"575\" \/><\/a><\/p>\n<h3>C&rsquo;est quoi un Ghost publicitaire ?<\/h3>\n<p><strong>En publicit\u00e9 un ghost est une campagne de publicit\u00e9 qui est pens\u00e9e et r\u00e9alis\u00e9 sans qu&rsquo;un annonceur ne l&rsquo;est demand\u00e9.<\/strong> L&rsquo;id\u00e9e \u00e9tant d&rsquo;etre proactif et de toujours devance la demande. Sans pour autant avoir fait l&rsquo;objet d&rsquo;une r\u00e9elle publication avec un achat d&rsquo;espace.<\/p>\n<p>Elle est en grande partie pens\u00e9e pour postuler et tenter de remporter Troph\u00e9es d&rsquo;Innovation Publicitaire. R\u00e9compenses qui sont ensuite utilis\u00e9es pour sa propre communication et \u00e0 destination des annonceurs. <strong>Il ne s&rsquo;agit donc g\u00e9n\u00e9ralement pas d&rsquo;une cr\u00e9ation r\u00e9ellement produite en r\u00e9ponse \u00e0 un brief annonceur.<\/strong><\/p>\n<p><strong>Les ghosts sont ainsi dite plus \u00ab\u00a0sexy\u00a0\u00bb car ils r\u00e9pondent \u00e0 un besoin cr\u00e9atif plus que budg\u00e9taire.<\/strong><\/p>\n<p><img loading=\"lazy\" class=\"size-full wp-image-9205 aligncenter\" src=\"https:\/\/nyanpereira.fr\/dessinateur\/wp-content\/uploads\/2013\/03\/15.photographie.pub_.serie_.portrait.femme_.campagne.publicitaire.barilla-min.jpg\" alt=\"photographie pub, serie portrait femme, campagne publicitaire, pub barilla\" width=\"650\" height=\"945\" \/><\/p>\n<p><img loading=\"lazy\" class=\"wp-image-9207 size-full aligncenter\" src=\"https:\/\/nyanpereira.fr\/dessinateur\/wp-content\/uploads\/2013\/03\/15.photographie.pub_.serie_.portrait.femme_.campagne.publicitaire.barilla3-min.jpg\" alt=\"photographie pub, serie portrait femme, campagne publicitaire, pub barilla\" width=\"650\" height=\"945\" \/><\/p>\n<p>&nbsp;<\/p>\n<p><img loading=\"lazy\" class=\"wp-image-9206 size-full aligncenter\" src=\"https:\/\/nyanpereira.fr\/dessinateur\/wp-content\/uploads\/2013\/03\/15.photographie.pub_.serie_.portrait.femme_.campagne.publicitaire.barilla2-min.jpg\" alt=\"photographe portrait publicitaire, serie portrait femme, campagne pub barilla\" width=\"650\" height=\"945\" \/><\/p>\n<div id=\"attachment_9207\" style=\"width: 660px\" class=\"wp-caption aligncenter\"><img aria-describedby=\"caption-attachment-9207\" loading=\"lazy\" class=\"wp-image-9207 size-full\" src=\"https:\/\/nyanpereira.fr\/dessinateur\/wp-content\/uploads\/2013\/03\/15.photographie.pub_.serie_.portrait.femme_.campagne.publicitaire.barilla3-min.jpg\" alt=\"photographie pub, serie portrait femme, campagne publicitaire, pub barilla\" width=\"650\" height=\"945\" \/><p id=\"caption-attachment-9207\" class=\"wp-caption-text\">exemple en situation<\/p><\/div>\n<h3>Conception du Visuel de campagne<\/h3>\n<p><strong>\u00c0 la recherche d&rsquo;un photographe freelance ou d&rsquo;un studio de retouche photo pour concevoir et r\u00e9aliser une s\u00e9rie de portrait ?<\/strong> De la cr\u00e9ation d&rsquo;un cahier des charges, en passant par la mise en page au suivis d&rsquo;impression du catalogue. Notre studio de photo freelance qui regroupe photographe pub, storyboarder,\u00a0 illustrateurs, costumi\u00e8re pour r\u00e9pondre \u00e0 tous vos projets de la conception \u00e0 l&rsquo;impression \u00e0 Paris ou \u00e0 Nice sur la Cote d&rsquo;azur.<\/p>\n<a class=\"button small \" onclick=\"window.open('https:\/\/nyanpereira.fr\/dessinateur\/gallery\/photoroughs-photographie-photomontage-region-paca\/', '_self')\">D&rsquo;autres visuel de campagne publicitaires ?<\/a>\n","protected":false},"excerpt":{"rendered":"","protected":false},"author":1,"featured_media":9205,"comment_status":"closed","ping_status":"closed","sticky":false,"template":"","format":"standard","meta":[],"categories":[67],"tags":[64,191,361,364,171,392,166,99,104,157],"yoast_head":"<!-- This site is optimized with the Yoast SEO plugin v17.9 - https:\/\/yoast.com\/wordpress\/plugins\/seo\/ -->\n<title>S\u00e9rie portrait publicitaire \/\/ BARILLA - PHOTOGRAPHE STUDIO freelance<\/title>\n<meta name=\"description\" content=\"Photographe : S\u00e9rie portrait publicitaire. Un studio de cr\u00e9ation sp\u00e9cialis\u00e9 dans la photographie publicitaire, la retouche et la photo manipulation pub.\" \/>\n<meta name=\"robots\" content=\"index, follow, max-snippet:-1, max-image-preview:large, max-video-preview:-1\" \/>\n<link rel=\"canonical\" href=\"https:\/\/nyanpereira.fr\/dessinateur\/photographe-portrait-barilla\/\" \/>\n<meta property=\"og:locale\" content=\"fr_FR\" \/>\n<meta property=\"og:type\" content=\"article\" \/>\n<meta property=\"og:title\" content=\"S\u00e9rie portrait publicitaire \/\/ BARILLA - PHOTOGRAPHE STUDIO freelance\" \/>\n<meta property=\"og:description\" content=\"Photographe : S\u00e9rie portrait publicitaire. Un studio de cr\u00e9ation sp\u00e9cialis\u00e9 dans la photographie publicitaire, la retouche et la photo manipulation pub.\" \/>\n<meta property=\"og:url\" content=\"https:\/\/nyanpereira.fr\/dessinateur\/photographe-portrait-barilla\/\" \/>\n<meta property=\"og:site_name\" content=\"Service Cr\u00e9atif &amp; Pr\u00e9sentation Artistique\" \/>\n<meta property=\"article:published_time\" content=\"2013-03-24T12:27:35+00:00\" \/>\n<meta property=\"article:modified_time\" content=\"2020-06-15T15:05:38+00:00\" \/>\n<meta property=\"og:image\" content=\"https:\/\/nyanpereira.fr\/dessinateur\/wp-content\/uploads\/2013\/03\/15.photographie.pub_.serie_.portrait.femme_.campagne.publicitaire.barilla-min.jpg\" \/>\n\t<meta property=\"og:image:width\" content=\"650\" \/>\n\t<meta property=\"og:image:height\" content=\"945\" \/>\n\t<meta property=\"og:image:type\" content=\"image\/jpeg\" \/>\n<meta name=\"twitter:card\" content=\"summary_large_image\" \/>\n<meta name=\"twitter:label1\" content=\"\u00c9crit par\" \/>\n\t<meta name=\"twitter:data1\" content=\"dessinateur\" \/>\n\t<meta name=\"twitter:label2\" content=\"Dur\u00e9e de lecture estim\u00e9e\" \/>\n\t<meta name=\"twitter:data2\" content=\"2 minutes\" \/>\n<script type=\"application\/ld+json\" class=\"yoast-schema-graph\">{\"@context\":\"https:\/\/schema.org\",\"@graph\":[{\"@type\":\"Organization\",\"@id\":\"https:\/\/nyanpereira.fr\/dessinateur\/#organization\",\"name\":\"storyboarder Freelance\",\"url\":\"https:\/\/nyanpereira.fr\/dessinateur\/\",\"sameAs\":[],\"logo\":{\"@type\":\"ImageObject\",\"@id\":\"https:\/\/nyanpereira.fr\/dessinateur\/#logo\",\"inLanguage\":\"fr-FR\",\"url\":\"\",\"contentUrl\":\"\",\"caption\":\"storyboarder Freelance\"},\"image\":{\"@id\":\"https:\/\/nyanpereira.fr\/dessinateur\/#logo\"}},{\"@type\":\"WebSite\",\"@id\":\"https:\/\/nyanpereira.fr\/dessinateur\/#website\",\"url\":\"https:\/\/nyanpereira.fr\/dessinateur\/\",\"name\":\"Service Cr\\u00e9atif &amp; Pr\\u00e9sentation Artistique\",\"description\":\"Roughs, Storyboard, Antimatic &amp; Photomontage\",\"publisher\":{\"@id\":\"https:\/\/nyanpereira.fr\/dessinateur\/#organization\"},\"potentialAction\":[{\"@type\":\"SearchAction\",\"target\":{\"@type\":\"EntryPoint\",\"urlTemplate\":\"https:\/\/nyanpereira.fr\/dessinateur\/?s={search_term_string}\"},\"query-input\":\"required name=search_term_string\"}],\"inLanguage\":\"fr-FR\"},{\"@type\":\"ImageObject\",\"@id\":\"https:\/\/nyanpereira.fr\/dessinateur\/photographe-portrait-barilla\/#primaryimage\",\"inLanguage\":\"fr-FR\",\"url\":\"https:\/\/nyanpereira.fr\/dessinateur\/wp-content\/uploads\/2013\/03\/15.photographie.pub_.serie_.portrait.femme_.campagne.publicitaire.barilla-min.jpg\",\"contentUrl\":\"https:\/\/nyanpereira.fr\/dessinateur\/wp-content\/uploads\/2013\/03\/15.photographie.pub_.serie_.portrait.femme_.campagne.publicitaire.barilla-min.jpg\",\"width\":650,\"height\":945,\"caption\":\"photographie pub, serie portrait femme, campagne publicitaire, pub barilla\"},{\"@type\":\"WebPage\",\"@id\":\"https:\/\/nyanpereira.fr\/dessinateur\/photographe-portrait-barilla\/#webpage\",\"url\":\"https:\/\/nyanpereira.fr\/dessinateur\/photographe-portrait-barilla\/\",\"name\":\"S\\u00e9rie portrait publicitaire \/\/ BARILLA - PHOTOGRAPHE STUDIO freelance\",\"isPartOf\":{\"@id\":\"https:\/\/nyanpereira.fr\/dessinateur\/#website\"},\"primaryImageOfPage\":{\"@id\":\"https:\/\/nyanpereira.fr\/dessinateur\/photographe-portrait-barilla\/#primaryimage\"},\"datePublished\":\"2013-03-24T12:27:35+00:00\",\"dateModified\":\"2020-06-15T15:05:38+00:00\",\"description\":\"Photographe : S\\u00e9rie portrait publicitaire. Un studio de cr\\u00e9ation sp\\u00e9cialis\\u00e9 dans la photographie publicitaire, la retouche et la photo manipulation pub.\",\"breadcrumb\":{\"@id\":\"https:\/\/nyanpereira.fr\/dessinateur\/photographe-portrait-barilla\/#breadcrumb\"},\"inLanguage\":\"fr-FR\",\"potentialAction\":[{\"@type\":\"ReadAction\",\"target\":[\"https:\/\/nyanpereira.fr\/dessinateur\/photographe-portrait-barilla\/\"]}]},{\"@type\":\"BreadcrumbList\",\"@id\":\"https:\/\/nyanpereira.fr\/dessinateur\/photographe-portrait-barilla\/#breadcrumb\",\"itemListElement\":[{\"@type\":\"ListItem\",\"position\":1,\"name\":\"Accueil\",\"item\":\"https:\/\/nyanpereira.fr\/dessinateur\/\"},{\"@type\":\"ListItem\",\"position\":2,\"name\":\"S\\u00e9rie portrait publicitaire \/\/ BARILLA\"}]},{\"@type\":\"Article\",\"@id\":\"https:\/\/nyanpereira.fr\/dessinateur\/photographe-portrait-barilla\/#article\",\"isPartOf\":{\"@id\":\"https:\/\/nyanpereira.fr\/dessinateur\/photographe-portrait-barilla\/#webpage\"},\"author\":{\"@id\":\"https:\/\/nyanpereira.fr\/dessinateur\/#\/schema\/person\/d771f144e8b1bdf8b790b02ba31f71d2\"},\"headline\":\"S\\u00e9rie portrait publicitaire \/\/ BARILLA\",\"datePublished\":\"2013-03-24T12:27:35+00:00\",\"dateModified\":\"2020-06-15T15:05:38+00:00\",\"mainEntityOfPage\":{\"@id\":\"https:\/\/nyanpereira.fr\/dessinateur\/photographe-portrait-barilla\/#webpage\"},\"wordCount\":479,\"publisher\":{\"@id\":\"https:\/\/nyanpereira.fr\/dessinateur\/#organization\"},\"image\":{\"@id\":\"https:\/\/nyanpereira.fr\/dessinateur\/photographe-portrait-barilla\/#primaryimage\"},\"thumbnailUrl\":\"https:\/\/nyanpereira.fr\/dessinateur\/wp-content\/uploads\/2013\/03\/15.photographie.pub_.serie_.portrait.femme_.campagne.publicitaire.barilla-min.jpg\",\"keywords\":[\"Illustration photo &amp; PhotoMontage paris \\u00eele-de-france\",\"Photographe Professionnel PUB\",\"Photographe Pub \\u00e0 canne \/ Cote d'Azur\",\"Photographe Pub \\u00e0 Nice \/ Cote d'Azur\",\"Photographe Studio PARIS\",\"PUB \/ Retoucheur photo freelance \\u00e0 PARIS\",\"Rough catalogue\",\"Roughman - Storyboarder &amp; Storyboarding\",\"Roughman Storyboarder &amp; Animatic PARIS(75)\",\"Studio Photographe Alpes-Maritimes(06)\"],\"articleSection\":[\"Photo Retouche &amp; Retoucheur freelance\"],\"inLanguage\":\"fr-FR\"},{\"@type\":\"Person\",\"@id\":\"https:\/\/nyanpereira.fr\/dessinateur\/#\/schema\/person\/d771f144e8b1bdf8b790b02ba31f71d2\",\"name\":\"dessinateur\",\"image\":{\"@type\":\"ImageObject\",\"@id\":\"https:\/\/nyanpereira.fr\/dessinateur\/#personlogo\",\"inLanguage\":\"fr-FR\",\"url\":\"https:\/\/secure.gravatar.com\/avatar\/acd3615833cd4e0b23d9f45973008c34?s=96&d=mm&r=g\",\"contentUrl\":\"https:\/\/secure.gravatar.com\/avatar\/acd3615833cd4e0b23d9f45973008c34?s=96&d=mm&r=g\",\"caption\":\"dessinateur\"},\"url\":\"https:\/\/nyanpereira.fr\/dessinateur\/author\/dessinateur\/\"}]}<\/script>\n<!-- \/ Yoast SEO plugin. -->","yoast_head_json":{"title":"S\u00e9rie portrait publicitaire \/\/ BARILLA - PHOTOGRAPHE STUDIO freelance","description":"Photographe : S\u00e9rie portrait publicitaire. Un studio de cr\u00e9ation sp\u00e9cialis\u00e9 dans la photographie publicitaire, la retouche et la photo manipulation pub.","robots":{"index":"index","follow":"follow","max-snippet":"max-snippet:-1","max-image-preview":"max-image-preview:large","max-video-preview":"max-video-preview:-1"},"canonical":"https:\/\/nyanpereira.fr\/dessinateur\/photographe-portrait-barilla\/","og_locale":"fr_FR","og_type":"article","og_title":"S\u00e9rie portrait publicitaire \/\/ BARILLA - PHOTOGRAPHE STUDIO freelance","og_description":"Photographe : S\u00e9rie portrait publicitaire. Un studio de cr\u00e9ation sp\u00e9cialis\u00e9 dans la photographie publicitaire, la retouche et la photo manipulation pub.","og_url":"https:\/\/nyanpereira.fr\/dessinateur\/photographe-portrait-barilla\/","og_site_name":"Service Cr\u00e9atif &amp; Pr\u00e9sentation Artistique","article_published_time":"2013-03-24T12:27:35+00:00","article_modified_time":"2020-06-15T15:05:38+00:00","og_image":[{"width":650,"height":945,"url":"https:\/\/nyanpereira.fr\/dessinateur\/wp-content\/uploads\/2013\/03\/15.photographie.pub_.serie_.portrait.femme_.campagne.publicitaire.barilla-min.jpg","type":"image\/jpeg"}],"twitter_card":"summary_large_image","twitter_misc":{"\u00c9crit par":"dessinateur","Dur\u00e9e de lecture estim\u00e9e":"2 minutes"},"schema":{"@context":"https:\/\/schema.org","@graph":[{"@type":"Organization","@id":"https:\/\/nyanpereira.fr\/dessinateur\/#organization","name":"storyboarder Freelance","url":"https:\/\/nyanpereira.fr\/dessinateur\/","sameAs":[],"logo":{"@type":"ImageObject","@id":"https:\/\/nyanpereira.fr\/dessinateur\/#logo","inLanguage":"fr-FR","url":"","contentUrl":"","caption":"storyboarder Freelance"},"image":{"@id":"https:\/\/nyanpereira.fr\/dessinateur\/#logo"}},{"@type":"WebSite","@id":"https:\/\/nyanpereira.fr\/dessinateur\/#website","url":"https:\/\/nyanpereira.fr\/dessinateur\/","name":"Service Cr\u00e9atif &amp; Pr\u00e9sentation Artistique","description":"Roughs, Storyboard, Antimatic &amp; Photomontage","publisher":{"@id":"https:\/\/nyanpereira.fr\/dessinateur\/#organization"},"potentialAction":[{"@type":"SearchAction","target":{"@type":"EntryPoint","urlTemplate":"https:\/\/nyanpereira.fr\/dessinateur\/?s={search_term_string}"},"query-input":"required name=search_term_string"}],"inLanguage":"fr-FR"},{"@type":"ImageObject","@id":"https:\/\/nyanpereira.fr\/dessinateur\/photographe-portrait-barilla\/#primaryimage","inLanguage":"fr-FR","url":"https:\/\/nyanpereira.fr\/dessinateur\/wp-content\/uploads\/2013\/03\/15.photographie.pub_.serie_.portrait.femme_.campagne.publicitaire.barilla-min.jpg","contentUrl":"https:\/\/nyanpereira.fr\/dessinateur\/wp-content\/uploads\/2013\/03\/15.photographie.pub_.serie_.portrait.femme_.campagne.publicitaire.barilla-min.jpg","width":650,"height":945,"caption":"photographie pub, serie portrait femme, campagne publicitaire, pub barilla"},{"@type":"WebPage","@id":"https:\/\/nyanpereira.fr\/dessinateur\/photographe-portrait-barilla\/#webpage","url":"https:\/\/nyanpereira.fr\/dessinateur\/photographe-portrait-barilla\/","name":"S\u00e9rie portrait publicitaire \/\/ BARILLA - PHOTOGRAPHE STUDIO freelance","isPartOf":{"@id":"https:\/\/nyanpereira.fr\/dessinateur\/#website"},"primaryImageOfPage":{"@id":"https:\/\/nyanpereira.fr\/dessinateur\/photographe-portrait-barilla\/#primaryimage"},"datePublished":"2013-03-24T12:27:35+00:00","dateModified":"2020-06-15T15:05:38+00:00","description":"Photographe : S\u00e9rie portrait publicitaire. Un studio de cr\u00e9ation sp\u00e9cialis\u00e9 dans la photographie publicitaire, la retouche et la photo manipulation pub.","breadcrumb":{"@id":"https:\/\/nyanpereira.fr\/dessinateur\/photographe-portrait-barilla\/#breadcrumb"},"inLanguage":"fr-FR","potentialAction":[{"@type":"ReadAction","target":["https:\/\/nyanpereira.fr\/dessinateur\/photographe-portrait-barilla\/"]}]},{"@type":"BreadcrumbList","@id":"https:\/\/nyanpereira.fr\/dessinateur\/photographe-portrait-barilla\/#breadcrumb","itemListElement":[{"@type":"ListItem","position":1,"name":"Accueil","item":"https:\/\/nyanpereira.fr\/dessinateur\/"},{"@type":"ListItem","position":2,"name":"S\u00e9rie portrait publicitaire \/\/ BARILLA"}]},{"@type":"Article","@id":"https:\/\/nyanpereira.fr\/dessinateur\/photographe-portrait-barilla\/#article","isPartOf":{"@id":"https:\/\/nyanpereira.fr\/dessinateur\/photographe-portrait-barilla\/#webpage"},"author":{"@id":"https:\/\/nyanpereira.fr\/dessinateur\/#\/schema\/person\/d771f144e8b1bdf8b790b02ba31f71d2"},"headline":"S\u00e9rie portrait publicitaire \/\/ BARILLA","datePublished":"2013-03-24T12:27:35+00:00","dateModified":"2020-06-15T15:05:38+00:00","mainEntityOfPage":{"@id":"https:\/\/nyanpereira.fr\/dessinateur\/photographe-portrait-barilla\/#webpage"},"wordCount":479,"publisher":{"@id":"https:\/\/nyanpereira.fr\/dessinateur\/#organization"},"image":{"@id":"https:\/\/nyanpereira.fr\/dessinateur\/photographe-portrait-barilla\/#primaryimage"},"thumbnailUrl":"https:\/\/nyanpereira.fr\/dessinateur\/wp-content\/uploads\/2013\/03\/15.photographie.pub_.serie_.portrait.femme_.campagne.publicitaire.barilla-min.jpg","keywords":["Illustration photo &amp; PhotoMontage paris \u00eele-de-france","Photographe Professionnel PUB","Photographe Pub \u00e0 canne \/ Cote d'Azur","Photographe Pub \u00e0 Nice \/ Cote d'Azur","Photographe Studio PARIS","PUB \/ Retoucheur photo freelance \u00e0 PARIS","Rough catalogue","Roughman - Storyboarder &amp; Storyboarding","Roughman Storyboarder &amp; Animatic PARIS(75)","Studio Photographe Alpes-Maritimes(06)"],"articleSection":["Photo Retouche &amp; Retoucheur freelance"],"inLanguage":"fr-FR"},{"@type":"Person","@id":"https:\/\/nyanpereira.fr\/dessinateur\/#\/schema\/person\/d771f144e8b1bdf8b790b02ba31f71d2","name":"dessinateur","image":{"@type":"ImageObject","@id":"https:\/\/nyanpereira.fr\/dessinateur\/#personlogo","inLanguage":"fr-FR","url":"https:\/\/secure.gravatar.com\/avatar\/acd3615833cd4e0b23d9f45973008c34?s=96&d=mm&r=g","contentUrl":"https:\/\/secure.gravatar.com\/avatar\/acd3615833cd4e0b23d9f45973008c34?s=96&d=mm&r=g","caption":"dessinateur"},"url":"https:\/\/nyanpereira.fr\/dessinateur\/author\/dessinateur\/"}]}},"_links":{"self":[{"href":"https:\/\/nyanpereira.fr\/dessinateur\/wp-json\/wp\/v2\/posts\/2778"}],"collection":[{"href":"https:\/\/nyanpereira.fr\/dessinateur\/wp-json\/wp\/v2\/posts"}],"about":[{"href":"https:\/\/nyanpereira.fr\/dessinateur\/wp-json\/wp\/v2\/types\/post"}],"author":[{"embeddable":true,"href":"https:\/\/nyanpereira.fr\/dessinateur\/wp-json\/wp\/v2\/users\/1"}],"replies":[{"embeddable":true,"href":"https:\/\/nyanpereira.fr\/dessinateur\/wp-json\/wp\/v2\/comments?post=2778"}],"version-history":[{"count":19,"href":"https:\/\/nyanpereira.fr\/dessinateur\/wp-json\/wp\/v2\/posts\/2778\/revisions"}],"predecessor-version":[{"id":9213,"href":"https:\/\/nyanpereira.fr\/dessinateur\/wp-json\/wp\/v2\/posts\/2778\/revisions\/9213"}],"wp:featuredmedia":[{"embeddable":true,"href":"https:\/\/nyanpereira.fr\/dessinateur\/wp-json\/wp\/v2\/media\/9205"}],"wp:attachment":[{"href":"https:\/\/nyanpereira.fr\/dessinateur\/wp-json\/wp\/v2\/media?parent=2778"}],"wp:term":[{"taxonomy":"category","embeddable":true,"href":"https:\/\/nyanpereira.fr\/dessinateur\/wp-json\/wp\/v2\/categories?post=2778"},{"taxonomy":"post_tag","embeddable":true,"href":"https:\/\/nyanpereira.fr\/dessinateur\/wp-json\/wp\/v2\/tags?post=2778"}],"curies":[{"name":"wp","href":"https:\/\/api.w.org\/{rel}","templated":true}]}}