{"id":2751,"date":"2013-08-24T10:54:56","date_gmt":"2013-08-24T09:54:56","guid":{"rendered":"http:\/\/nyanpereira.fr\/dessinateur\/?p=2751"},"modified":"2020-06-15T16:00:46","modified_gmt":"2020-06-15T15:00:46","slug":"rough-couverture-catalogue-heytens","status":"publish","type":"post","link":"https:\/\/nyanpereira.fr\/dessinateur\/rough-couverture-catalogue-heytens\/","title":{"rendered":"Heytens \/ Visuel Campagne catalogue"},"content":{"rendered":"<p><strong>Aujourd&rsquo;hui, les besoins cr\u00e9atifs pour la conception et la r\u00e9alisation de visuels tendances et d\u00e9cal\u00e9s, pour une campagne publicitaire ou la premi\u00e8re de couverture d&rsquo;un catalogue produits s\u2019av\u00e8re indispensable.<\/strong> Du croquis pr\u00e9paratoires avant le shooting photo \u00e0 la cr\u00e9ation graphique d&rsquo;une maquette <strong>catalogue en passant les castings, <\/strong>le stylisme et cr\u00e9ation des d\u00e9cors de shooting !\u00a0 Du <a href=\"https:\/\/nyanpereira.fr\/dessinateur\/gallery\/roughs-dessin-couleurs-region-paca-nice\/\">rough<\/a> au <a href=\"https:\/\/nyanpereira.fr\/dessinateur\/portfolios\/europcar-photomontage-campagne-covering-gots8\/\">photomontage HD<\/a> nous assurons le service cr\u00e9atif.<\/p>\n<h6>Un Studio photo destin\u00e9s au photomontage, la poste-production num\u00e9rique et \u00e0 la photo manipulation.<\/h6>\n<div id=\"attachment_9140\" style=\"width: 660px\" class=\"wp-caption aligncenter\"><a href=\"https:\/\/nyanpereira.fr\/dessinateur\/gallery\/photoroughs-photographie-photomontage-region-paca\/\"><img aria-describedby=\"caption-attachment-9140\" loading=\"lazy\" class=\"wp-image-9140 size-full\" src=\"https:\/\/nyanpereira.fr\/dessinateur\/wp-content\/uploads\/2013\/08\/13.photomontage.pub_.photomanipulation.photoretouche.photorough2-min.jpg\" alt=\"situation photomontage Abribus photomanipulation photoretouche\" width=\"650\" height=\"945\" \/><\/a><p id=\"caption-attachment-9140\" class=\"wp-caption-text\">Visuel de campagne Affichage &amp; Abribus<\/p><\/div>\n<h2>Conception d\u2019outils de communication : Affichage, Catalogues &amp; Annonce presse<\/h2>\n<p>Le distributeur de meubles et d&rsquo;objets de d\u00e9coration Heytens vous pr\u00e9sente une nouvelle campagne de notori\u00e9t\u00e9. Avec un photomontage studios r\u00e9aliser pour la couverture de ses catalogues et l\u2019affiche m\u00e9dias d&rsquo;une campagne. <strong><a href=\"https:\/\/www.heytens.fr\/\" target=\"_blank\" rel=\"noopener noreferrer\">Heytens<\/a> vous pr\u00e9sente son nouveau visuel de campagne.<\/strong>\u00a0<strong> En qu\u00eate de visuels tendance et d\u00e9cal\u00e9s ?<\/strong> N&rsquo;oubliez pas que la r\u00e9alisation d&rsquo;un visuel de campagne sert aussi de support de r\u00e9flexion pour la conception d&rsquo;un catalogues ! Avec la mise en avant des produits en situation, une ambiance mode et une d\u00e9coration de maison avec les produits de la marque.<\/p>\n<div id=\"attachment_9141\" style=\"width: 660px\" class=\"wp-caption aligncenter\"><img aria-describedby=\"caption-attachment-9141\" loading=\"lazy\" class=\"wp-image-9141 size-full\" src=\"https:\/\/nyanpereira.fr\/dessinateur\/wp-content\/uploads\/2013\/08\/14.photomontage.pub_.photomanipulation.photoretouche.photorough2-min.jpg\" alt=\"Visuel de campagne Publicit\u00e9 Heytens Annonce presse\" width=\"650\" height=\"945\" \/><p id=\"caption-attachment-9141\" class=\"wp-caption-text\">Visuel de campagne Annonce presse<\/p><\/div>\n<h3>Conception du Visuel de couverture<\/h3>\n<p><strong>\u00c0 la recherche d&rsquo;un photographe freelance sur la cote d&rsquo;azur ou d&rsquo;un studio de retouche photo pour concevoir et r\u00e9aliser un visuel de campagne ?<\/strong> De la cr\u00e9ation d&rsquo;un cahier des charges, en passant par la mise en page <em><span style=\"color: #999999;\">(de 20 \u00e0 280 pages)<\/span><\/em> au suivis d&rsquo;impression du catalogue. Notre studio de cr\u00e9atif freelance regroupe un photographe pub sp\u00e9cialis\u00e9 en retouche photo et <strong>photo manipulation<\/strong>. Un storyboarder, deux illustrateurs, une costumi\u00e8re et plusieurs cr\u00e9atifs pour r\u00e9pondre \u00e0 tous vos projets de la conception \u00e0 l&rsquo;impression \u00e0 Paris ou \u00e0 Nice sur la Cote d&rsquo;azur.<\/p>\n<a class=\"button small \" onclick=\"window.open('https:\/\/nyanpereira.fr\/dessinateur\/gallery\/photoroughs-photographie-photomontage-region-paca\/', '_self')\">D&rsquo;autres visuel de campagne publicitaires ?<\/a>\n<p><img loading=\"lazy\" class=\"size-full wp-image-9073 aligncenter\" src=\"https:\/\/nyanpereira.fr\/dessinateur\/wp-content\/uploads\/2020\/01\/10.photomontage.photomanipulation.pub_.photographe.freelance.paris_.jpg\" alt=\"\" width=\"650\" height=\"945\" \/><\/p>\n<div id=\"attachment_9139\" style=\"width: 660px\" class=\"wp-caption aligncenter\"><img aria-describedby=\"caption-attachment-9139\" loading=\"lazy\" class=\"wp-image-9139 size-full\" src=\"https:\/\/nyanpereira.fr\/dessinateur\/wp-content\/uploads\/2013\/08\/13.photomontage.pub_.photomanipulation.photoretouche.photorough-min.jpg\" alt=\"Rough dessin photomontage\" width=\"650\" height=\"945\" \/><p id=\"caption-attachment-9139\" class=\"wp-caption-text\">Exemple de recherche pour visuel catalogue<\/p><\/div>\n<h3>Croquis pr\u00e9paratoires avant le Shooting photo<\/h3>\n<p>Des croquis d&rsquo;intention pour valider et chiffrer votre campagne avant le shooting. Ils permettent d&rsquo;anticiper le casting, le cadrage, la lumi\u00e8re, le stylisme, et de d\u00e9finir les photos du visuels. L\u2019inspiration venant aussi sur le moment&#8230; la <strong>Croquis pr\u00e9paratoires<\/strong> d&rsquo;avant shooting photo n\u2019exclut pas d\u2019improviser lors de la prise de vue ! <strong>Il d\u00e9fini un cahier des charges et un objectif claire.<\/strong><\/p>\n<a class=\"button small \" onclick=\"window.open('https:\/\/nyanpereira.fr\/dessinateur\/gallery\/roughman-dessinnateur-croquis-crayon-papier-paris\/', '_self')\">d&rsquo;autres Croquis pr\u00e9paratoires ?<\/a>\n<p>&nbsp;<\/p>\n<p>&nbsp;<\/p>\n<div id=\"attachment_9108\" style=\"width: 660px\" class=\"wp-caption aligncenter\"><img aria-describedby=\"caption-attachment-9108\" loading=\"lazy\" class=\"wp-image-9108 size-full\" src=\"https:\/\/nyanpereira.fr\/dessinateur\/wp-content\/uploads\/2020\/01\/12.total_.covering.Euopcar.campagne.pub_.tetris.photomontage.photomanipulation.photographe.pub_.freelance2-min.jpg\" alt=\"total.covering.camion.Euopcar.campagne.pub.tetris.photomontage.photomanipulation.photographe.freelance\" width=\"650\" height=\"945\" \/><p id=\"caption-attachment-9108\" class=\"wp-caption-text\">Autre r\u00e9f\u00e9rence du studio photo &amp; Photographe freelance pub<\/p><\/div>\n<p><a href=\"https:\/\/nyanpereira.fr\/dessinateur\/europcar-covering-dragon-gots8-making-of-campagne-publicite-game-of-thrones-ocs\/\"><img loading=\"lazy\" class=\"size-full wp-image-7784 aligncenter\" src=\"https:\/\/nyanpereira.fr\/dessinateur\/wp-content\/uploads\/2020\/02\/11.campagnecovering.dragon.got_.s8.fr_.phtographe.studio.freelance.paris_.publicite.france.pdf-min.jpg\" alt=\"photo manipulation campagne covering europcar dragon got-s8 HBO photographe studio freelance.paris\" width=\"650\" height=\"945\" \/><\/a><br \/>\n<a href=\"https:\/\/nyanpereira.fr\/dessinateur\/europcar-covering-dragon-gots8-making-of-campagne-publicite-game-of-thrones-ocs\/\"><img loading=\"lazy\" class=\"aligncenter wp-image-7787 size-full\" src=\"https:\/\/nyanpereira.fr\/dessinateur\/wp-content\/uploads\/2020\/02\/14.campagnecovering.dragon.got_.s8.fr_.phtographe.studio.freelance.paris_.publicite.france.pdf-min.jpg\" alt=\"Cromalin Total COVERING Europcar photomontage studio photo photographe freelance\" width=\"650\" height=\"945\" \/><\/a><br \/>\n<img loading=\"lazy\" class=\"size-full wp-image-7637 aligncenter\" src=\"https:\/\/nyanpereira.fr\/dessinateur\/wp-content\/uploads\/2020\/01\/16.photomontage.alimantaire.food_.photographe.freelance.publicite.nice_.cote_.azur9_.jpg\" alt=\"16.photomontage.alimantaire.food.photographe.freelance.publicite.nice.cote.azur9\" width=\"650\" height=\"945\" \/><br \/>\n<img loading=\"lazy\" class=\"size-full wp-image-8106 aligncenter\" src=\"https:\/\/nyanpereira.fr\/dessinateur\/wp-content\/uploads\/2020\/04\/21.devis_.tarif_.photomontage.pub_.retouche.poste_.production.numerique.photographe.freelance.publicite.Paris8-min.jpg\" alt=\"PHOTOMONTAGE PUB Photo Manipulation affichage Pneu\" width=\"650\" height=\"945\" \/><br \/>\n<img loading=\"lazy\" class=\"size-full wp-image-7639 aligncenter\" src=\"https:\/\/nyanpereira.fr\/dessinateur\/wp-content\/uploads\/2020\/01\/16.photomontage.automobile.pneu_.pub_.photographe.freelance.publicite.nice_.cote_.azur14.jpg\" alt=\"\" width=\"650\" height=\"945\" \/><\/p>\n<p>&nbsp;<\/p>\n","protected":false},"excerpt":{"rendered":"","protected":false},"author":1,"featured_media":9138,"comment_status":"closed","ping_status":"closed","sticky":false,"template":"","format":"standard","meta":[],"categories":[376,60],"tags":[64,191,361,364,171,392,166,99,104,157],"yoast_head":"<!-- This site is optimized with the Yoast SEO plugin v17.9 - https:\/\/yoast.com\/wordpress\/plugins\/seo\/ -->\n<title>Heytens \/ Visuel catalogue &amp; Affichage - PHOTOGRAPHE PUB freelance<\/title>\n<meta name=\"description\" content=\"Photographe freelance pub &amp; Studio photo destin\u00e9s au photomontage, la poste-production num\u00e9rique et \u00e0 la photo manipulation. PARIS et NICE cote d&#039;Azur\" \/>\n<meta name=\"robots\" content=\"index, follow, max-snippet:-1, max-image-preview:large, max-video-preview:-1\" \/>\n<link rel=\"canonical\" href=\"https:\/\/nyanpereira.fr\/dessinateur\/rough-couverture-catalogue-heytens\/\" \/>\n<meta property=\"og:locale\" content=\"fr_FR\" \/>\n<meta property=\"og:type\" content=\"article\" \/>\n<meta property=\"og:title\" content=\"Heytens \/ Visuel catalogue &amp; Affichage - PHOTOGRAPHE PUB freelance\" \/>\n<meta property=\"og:description\" content=\"Photographe freelance pub &amp; Studio photo destin\u00e9s au photomontage, la poste-production num\u00e9rique et \u00e0 la photo manipulation. PARIS et NICE cote d&#039;Azur\" \/>\n<meta property=\"og:url\" content=\"https:\/\/nyanpereira.fr\/dessinateur\/rough-couverture-catalogue-heytens\/\" \/>\n<meta property=\"og:site_name\" content=\"Service Cr\u00e9atif &amp; Pr\u00e9sentation Artistique\" \/>\n<meta property=\"article:published_time\" content=\"2013-08-24T09:54:56+00:00\" \/>\n<meta property=\"article:modified_time\" content=\"2020-06-15T15:00:46+00:00\" \/>\n<meta property=\"og:image\" content=\"https:\/\/nyanpereira.fr\/dessinateur\/wp-content\/uploads\/2013\/08\/photomontage.pub_.photomanipulation.affichage.print-min.jpg\" \/>\n\t<meta property=\"og:image:width\" content=\"400\" \/>\n\t<meta property=\"og:image:height\" content=\"222\" \/>\n\t<meta property=\"og:image:type\" content=\"image\/jpeg\" \/>\n<meta name=\"twitter:card\" content=\"summary_large_image\" \/>\n<meta name=\"twitter:label1\" content=\"\u00c9crit par\" \/>\n\t<meta name=\"twitter:data1\" content=\"dessinateur\" \/>\n\t<meta name=\"twitter:label2\" content=\"Dur\u00e9e de lecture estim\u00e9e\" \/>\n\t<meta name=\"twitter:data2\" content=\"2 minutes\" \/>\n<script type=\"application\/ld+json\" class=\"yoast-schema-graph\">{\"@context\":\"https:\/\/schema.org\",\"@graph\":[{\"@type\":\"Organization\",\"@id\":\"https:\/\/nyanpereira.fr\/dessinateur\/#organization\",\"name\":\"storyboarder Freelance\",\"url\":\"https:\/\/nyanpereira.fr\/dessinateur\/\",\"sameAs\":[],\"logo\":{\"@type\":\"ImageObject\",\"@id\":\"https:\/\/nyanpereira.fr\/dessinateur\/#logo\",\"inLanguage\":\"fr-FR\",\"url\":\"\",\"contentUrl\":\"\",\"caption\":\"storyboarder Freelance\"},\"image\":{\"@id\":\"https:\/\/nyanpereira.fr\/dessinateur\/#logo\"}},{\"@type\":\"WebSite\",\"@id\":\"https:\/\/nyanpereira.fr\/dessinateur\/#website\",\"url\":\"https:\/\/nyanpereira.fr\/dessinateur\/\",\"name\":\"Service Cr\\u00e9atif &amp; Pr\\u00e9sentation Artistique\",\"description\":\"Roughs, Storyboard, Antimatic &amp; Photomontage\",\"publisher\":{\"@id\":\"https:\/\/nyanpereira.fr\/dessinateur\/#organization\"},\"potentialAction\":[{\"@type\":\"SearchAction\",\"target\":{\"@type\":\"EntryPoint\",\"urlTemplate\":\"https:\/\/nyanpereira.fr\/dessinateur\/?s={search_term_string}\"},\"query-input\":\"required name=search_term_string\"}],\"inLanguage\":\"fr-FR\"},{\"@type\":\"ImageObject\",\"@id\":\"https:\/\/nyanpereira.fr\/dessinateur\/rough-couverture-catalogue-heytens\/#primaryimage\",\"inLanguage\":\"fr-FR\",\"url\":\"https:\/\/nyanpereira.fr\/dessinateur\/wp-content\/uploads\/2013\/08\/photomontage.pub_.photomanipulation.affichage.print-min.jpg\",\"contentUrl\":\"https:\/\/nyanpereira.fr\/dessinateur\/wp-content\/uploads\/2013\/08\/photomontage.pub_.photomanipulation.affichage.print-min.jpg\",\"width\":400,\"height\":222,\"caption\":\"photomontage pub photomanipulation photoretouche\"},{\"@type\":\"WebPage\",\"@id\":\"https:\/\/nyanpereira.fr\/dessinateur\/rough-couverture-catalogue-heytens\/#webpage\",\"url\":\"https:\/\/nyanpereira.fr\/dessinateur\/rough-couverture-catalogue-heytens\/\",\"name\":\"Heytens \/ Visuel catalogue & Affichage - PHOTOGRAPHE PUB freelance\",\"isPartOf\":{\"@id\":\"https:\/\/nyanpereira.fr\/dessinateur\/#website\"},\"primaryImageOfPage\":{\"@id\":\"https:\/\/nyanpereira.fr\/dessinateur\/rough-couverture-catalogue-heytens\/#primaryimage\"},\"datePublished\":\"2013-08-24T09:54:56+00:00\",\"dateModified\":\"2020-06-15T15:00:46+00:00\",\"description\":\"Photographe freelance pub & Studio photo destin\\u00e9s au photomontage, la poste-production num\\u00e9rique et \\u00e0 la photo manipulation. PARIS et NICE cote d'Azur\",\"breadcrumb\":{\"@id\":\"https:\/\/nyanpereira.fr\/dessinateur\/rough-couverture-catalogue-heytens\/#breadcrumb\"},\"inLanguage\":\"fr-FR\",\"potentialAction\":[{\"@type\":\"ReadAction\",\"target\":[\"https:\/\/nyanpereira.fr\/dessinateur\/rough-couverture-catalogue-heytens\/\"]}]},{\"@type\":\"BreadcrumbList\",\"@id\":\"https:\/\/nyanpereira.fr\/dessinateur\/rough-couverture-catalogue-heytens\/#breadcrumb\",\"itemListElement\":[{\"@type\":\"ListItem\",\"position\":1,\"name\":\"Accueil\",\"item\":\"https:\/\/nyanpereira.fr\/dessinateur\/\"},{\"@type\":\"ListItem\",\"position\":2,\"name\":\"Heytens \/ Visuel Campagne catalogue\"}]},{\"@type\":\"Article\",\"@id\":\"https:\/\/nyanpereira.fr\/dessinateur\/rough-couverture-catalogue-heytens\/#article\",\"isPartOf\":{\"@id\":\"https:\/\/nyanpereira.fr\/dessinateur\/rough-couverture-catalogue-heytens\/#webpage\"},\"author\":{\"@id\":\"https:\/\/nyanpereira.fr\/dessinateur\/#\/schema\/person\/d771f144e8b1bdf8b790b02ba31f71d2\"},\"headline\":\"Heytens \/ Visuel Campagne catalogue\",\"datePublished\":\"2013-08-24T09:54:56+00:00\",\"dateModified\":\"2020-06-15T15:00:46+00:00\",\"mainEntityOfPage\":{\"@id\":\"https:\/\/nyanpereira.fr\/dessinateur\/rough-couverture-catalogue-heytens\/#webpage\"},\"wordCount\":480,\"publisher\":{\"@id\":\"https:\/\/nyanpereira.fr\/dessinateur\/#organization\"},\"image\":{\"@id\":\"https:\/\/nyanpereira.fr\/dessinateur\/rough-couverture-catalogue-heytens\/#primaryimage\"},\"thumbnailUrl\":\"https:\/\/nyanpereira.fr\/dessinateur\/wp-content\/uploads\/2013\/08\/photomontage.pub_.photomanipulation.affichage.print-min.jpg\",\"keywords\":[\"Illustration photo &amp; PhotoMontage paris \\u00eele-de-france\",\"Photographe Professionnel PUB\",\"Photographe Pub \\u00e0 canne \/ Cote d'Azur\",\"Photographe Pub \\u00e0 Nice \/ Cote d'Azur\",\"Photographe Studio PARIS\",\"PUB \/ Retoucheur photo freelance \\u00e0 PARIS\",\"Rough catalogue\",\"Roughman - Storyboarder &amp; Storyboarding\",\"Roughman Storyboarder &amp; Animatic PARIS(75)\",\"Studio Photographe Alpes-Maritimes(06)\"],\"articleSection\":[\"Making-Of\",\"PhotoMontage &amp; Publicit\\u00e9\"],\"inLanguage\":\"fr-FR\"},{\"@type\":\"Person\",\"@id\":\"https:\/\/nyanpereira.fr\/dessinateur\/#\/schema\/person\/d771f144e8b1bdf8b790b02ba31f71d2\",\"name\":\"dessinateur\",\"image\":{\"@type\":\"ImageObject\",\"@id\":\"https:\/\/nyanpereira.fr\/dessinateur\/#personlogo\",\"inLanguage\":\"fr-FR\",\"url\":\"https:\/\/secure.gravatar.com\/avatar\/acd3615833cd4e0b23d9f45973008c34?s=96&d=mm&r=g\",\"contentUrl\":\"https:\/\/secure.gravatar.com\/avatar\/acd3615833cd4e0b23d9f45973008c34?s=96&d=mm&r=g\",\"caption\":\"dessinateur\"},\"url\":\"https:\/\/nyanpereira.fr\/dessinateur\/author\/dessinateur\/\"}]}<\/script>\n<!-- \/ Yoast SEO plugin. -->","yoast_head_json":{"title":"Heytens \/ Visuel catalogue & Affichage - PHOTOGRAPHE PUB freelance","description":"Photographe freelance pub & Studio photo destin\u00e9s au photomontage, la poste-production num\u00e9rique et \u00e0 la photo manipulation. PARIS et NICE cote d'Azur","robots":{"index":"index","follow":"follow","max-snippet":"max-snippet:-1","max-image-preview":"max-image-preview:large","max-video-preview":"max-video-preview:-1"},"canonical":"https:\/\/nyanpereira.fr\/dessinateur\/rough-couverture-catalogue-heytens\/","og_locale":"fr_FR","og_type":"article","og_title":"Heytens \/ Visuel catalogue & Affichage - PHOTOGRAPHE PUB freelance","og_description":"Photographe freelance pub & Studio photo destin\u00e9s au photomontage, la poste-production num\u00e9rique et \u00e0 la photo manipulation. PARIS et NICE cote d'Azur","og_url":"https:\/\/nyanpereira.fr\/dessinateur\/rough-couverture-catalogue-heytens\/","og_site_name":"Service Cr\u00e9atif &amp; Pr\u00e9sentation Artistique","article_published_time":"2013-08-24T09:54:56+00:00","article_modified_time":"2020-06-15T15:00:46+00:00","og_image":[{"width":400,"height":222,"url":"https:\/\/nyanpereira.fr\/dessinateur\/wp-content\/uploads\/2013\/08\/photomontage.pub_.photomanipulation.affichage.print-min.jpg","type":"image\/jpeg"}],"twitter_card":"summary_large_image","twitter_misc":{"\u00c9crit par":"dessinateur","Dur\u00e9e de lecture estim\u00e9e":"2 minutes"},"schema":{"@context":"https:\/\/schema.org","@graph":[{"@type":"Organization","@id":"https:\/\/nyanpereira.fr\/dessinateur\/#organization","name":"storyboarder Freelance","url":"https:\/\/nyanpereira.fr\/dessinateur\/","sameAs":[],"logo":{"@type":"ImageObject","@id":"https:\/\/nyanpereira.fr\/dessinateur\/#logo","inLanguage":"fr-FR","url":"","contentUrl":"","caption":"storyboarder Freelance"},"image":{"@id":"https:\/\/nyanpereira.fr\/dessinateur\/#logo"}},{"@type":"WebSite","@id":"https:\/\/nyanpereira.fr\/dessinateur\/#website","url":"https:\/\/nyanpereira.fr\/dessinateur\/","name":"Service Cr\u00e9atif &amp; Pr\u00e9sentation Artistique","description":"Roughs, Storyboard, Antimatic &amp; Photomontage","publisher":{"@id":"https:\/\/nyanpereira.fr\/dessinateur\/#organization"},"potentialAction":[{"@type":"SearchAction","target":{"@type":"EntryPoint","urlTemplate":"https:\/\/nyanpereira.fr\/dessinateur\/?s={search_term_string}"},"query-input":"required name=search_term_string"}],"inLanguage":"fr-FR"},{"@type":"ImageObject","@id":"https:\/\/nyanpereira.fr\/dessinateur\/rough-couverture-catalogue-heytens\/#primaryimage","inLanguage":"fr-FR","url":"https:\/\/nyanpereira.fr\/dessinateur\/wp-content\/uploads\/2013\/08\/photomontage.pub_.photomanipulation.affichage.print-min.jpg","contentUrl":"https:\/\/nyanpereira.fr\/dessinateur\/wp-content\/uploads\/2013\/08\/photomontage.pub_.photomanipulation.affichage.print-min.jpg","width":400,"height":222,"caption":"photomontage pub photomanipulation photoretouche"},{"@type":"WebPage","@id":"https:\/\/nyanpereira.fr\/dessinateur\/rough-couverture-catalogue-heytens\/#webpage","url":"https:\/\/nyanpereira.fr\/dessinateur\/rough-couverture-catalogue-heytens\/","name":"Heytens \/ Visuel catalogue & Affichage - PHOTOGRAPHE PUB freelance","isPartOf":{"@id":"https:\/\/nyanpereira.fr\/dessinateur\/#website"},"primaryImageOfPage":{"@id":"https:\/\/nyanpereira.fr\/dessinateur\/rough-couverture-catalogue-heytens\/#primaryimage"},"datePublished":"2013-08-24T09:54:56+00:00","dateModified":"2020-06-15T15:00:46+00:00","description":"Photographe freelance pub & Studio photo destin\u00e9s au photomontage, la poste-production num\u00e9rique et \u00e0 la photo manipulation. PARIS et NICE cote d'Azur","breadcrumb":{"@id":"https:\/\/nyanpereira.fr\/dessinateur\/rough-couverture-catalogue-heytens\/#breadcrumb"},"inLanguage":"fr-FR","potentialAction":[{"@type":"ReadAction","target":["https:\/\/nyanpereira.fr\/dessinateur\/rough-couverture-catalogue-heytens\/"]}]},{"@type":"BreadcrumbList","@id":"https:\/\/nyanpereira.fr\/dessinateur\/rough-couverture-catalogue-heytens\/#breadcrumb","itemListElement":[{"@type":"ListItem","position":1,"name":"Accueil","item":"https:\/\/nyanpereira.fr\/dessinateur\/"},{"@type":"ListItem","position":2,"name":"Heytens \/ Visuel Campagne catalogue"}]},{"@type":"Article","@id":"https:\/\/nyanpereira.fr\/dessinateur\/rough-couverture-catalogue-heytens\/#article","isPartOf":{"@id":"https:\/\/nyanpereira.fr\/dessinateur\/rough-couverture-catalogue-heytens\/#webpage"},"author":{"@id":"https:\/\/nyanpereira.fr\/dessinateur\/#\/schema\/person\/d771f144e8b1bdf8b790b02ba31f71d2"},"headline":"Heytens \/ Visuel Campagne catalogue","datePublished":"2013-08-24T09:54:56+00:00","dateModified":"2020-06-15T15:00:46+00:00","mainEntityOfPage":{"@id":"https:\/\/nyanpereira.fr\/dessinateur\/rough-couverture-catalogue-heytens\/#webpage"},"wordCount":480,"publisher":{"@id":"https:\/\/nyanpereira.fr\/dessinateur\/#organization"},"image":{"@id":"https:\/\/nyanpereira.fr\/dessinateur\/rough-couverture-catalogue-heytens\/#primaryimage"},"thumbnailUrl":"https:\/\/nyanpereira.fr\/dessinateur\/wp-content\/uploads\/2013\/08\/photomontage.pub_.photomanipulation.affichage.print-min.jpg","keywords":["Illustration photo &amp; PhotoMontage paris \u00eele-de-france","Photographe Professionnel PUB","Photographe Pub \u00e0 canne \/ Cote d'Azur","Photographe Pub \u00e0 Nice \/ Cote d'Azur","Photographe Studio PARIS","PUB \/ Retoucheur photo freelance \u00e0 PARIS","Rough catalogue","Roughman - Storyboarder &amp; Storyboarding","Roughman Storyboarder &amp; Animatic PARIS(75)","Studio Photographe Alpes-Maritimes(06)"],"articleSection":["Making-Of","PhotoMontage &amp; Publicit\u00e9"],"inLanguage":"fr-FR"},{"@type":"Person","@id":"https:\/\/nyanpereira.fr\/dessinateur\/#\/schema\/person\/d771f144e8b1bdf8b790b02ba31f71d2","name":"dessinateur","image":{"@type":"ImageObject","@id":"https:\/\/nyanpereira.fr\/dessinateur\/#personlogo","inLanguage":"fr-FR","url":"https:\/\/secure.gravatar.com\/avatar\/acd3615833cd4e0b23d9f45973008c34?s=96&d=mm&r=g","contentUrl":"https:\/\/secure.gravatar.com\/avatar\/acd3615833cd4e0b23d9f45973008c34?s=96&d=mm&r=g","caption":"dessinateur"},"url":"https:\/\/nyanpereira.fr\/dessinateur\/author\/dessinateur\/"}]}},"_links":{"self":[{"href":"https:\/\/nyanpereira.fr\/dessinateur\/wp-json\/wp\/v2\/posts\/2751"}],"collection":[{"href":"https:\/\/nyanpereira.fr\/dessinateur\/wp-json\/wp\/v2\/posts"}],"about":[{"href":"https:\/\/nyanpereira.fr\/dessinateur\/wp-json\/wp\/v2\/types\/post"}],"author":[{"embeddable":true,"href":"https:\/\/nyanpereira.fr\/dessinateur\/wp-json\/wp\/v2\/users\/1"}],"replies":[{"embeddable":true,"href":"https:\/\/nyanpereira.fr\/dessinateur\/wp-json\/wp\/v2\/comments?post=2751"}],"version-history":[{"count":44,"href":"https:\/\/nyanpereira.fr\/dessinateur\/wp-json\/wp\/v2\/posts\/2751\/revisions"}],"predecessor-version":[{"id":9211,"href":"https:\/\/nyanpereira.fr\/dessinateur\/wp-json\/wp\/v2\/posts\/2751\/revisions\/9211"}],"wp:featuredmedia":[{"embeddable":true,"href":"https:\/\/nyanpereira.fr\/dessinateur\/wp-json\/wp\/v2\/media\/9138"}],"wp:attachment":[{"href":"https:\/\/nyanpereira.fr\/dessinateur\/wp-json\/wp\/v2\/media?parent=2751"}],"wp:term":[{"taxonomy":"category","embeddable":true,"href":"https:\/\/nyanpereira.fr\/dessinateur\/wp-json\/wp\/v2\/categories?post=2751"},{"taxonomy":"post_tag","embeddable":true,"href":"https:\/\/nyanpereira.fr\/dessinateur\/wp-json\/wp\/v2\/tags?post=2751"}],"curies":[{"name":"wp","href":"https:\/\/api.w.org\/{rel}","templated":true}]}}