{"id":2629,"date":"2013-07-23T21:41:37","date_gmt":"2013-07-23T20:41:37","guid":{"rendered":"http:\/\/nyanpereira.fr\/dessinateur\/?p=2629"},"modified":"2020-06-11T15:04:35","modified_gmt":"2020-06-11T14:04:35","slug":"photographie-studio","status":"publish","type":"post","link":"https:\/\/nyanpereira.fr\/dessinateur\/photographie-studio\/","title":{"rendered":"Photographie Studio"},"content":{"rendered":"<p><span style=\"color: #663399;\">\u00a0<\/span><\/p>\n<h4>Illustration photo pour le secteur de la Publicit\u00e9 automobile et du BTP.<\/h4>\n<p>Photographie r\u00e9aliser en studio pour l&rsquo;illustration d&rsquo;une <strong><span style=\"color: #663399;\"><a href=\"http:\/\/www.1-fuse.fr\/?portfolio=campagne-promotionnelle-delko\" target=\"_blank\" rel=\"noopener noreferrer\"><span style=\"color: #663399;\">\u00e9dition commercial DELKO<\/span><\/a> <\/span><\/strong>M\u00e9canique, r\u00e9paration automobile, pneumatique entretien &amp; r\u00e9vision auto<br \/>\n<a href=\"http:\/\/nyanpereira.fr\/dessinateur\/wp-content\/uploads\/2013\/05\/revision.pneu_.garantie-avie.delko_.publicit\u00e9.promotion.promo_.offert.photographie.photorough.jpg\"><br \/>\n<\/a>\u00a0\u00a0 <img loading=\"lazy\" class=\"size-full wp-image-7649 aligncenter\" src=\"https:\/\/nyanpereira.fr\/dessinateur\/wp-content\/uploads\/2020\/01\/16.photomontage.pub_.promotion.pneu_.automobile.photographe.freelance.publicite.nice_.cote_.azur13.jpg\" alt=\"\" width=\"650\" height=\"945\" \/><img loading=\"lazy\" class=\"size-full wp-image-8106 aligncenter\" src=\"https:\/\/nyanpereira.fr\/dessinateur\/wp-content\/uploads\/2020\/04\/21.devis_.tarif_.photomontage.pub_.retouche.poste_.production.numerique.photographe.freelance.publicite.Paris8-min.jpg\" alt=\"PHOTOMONTAGE PUB Photo Manipulation affichage Pneu delko\" width=\"650\" height=\"945\" \/> <img loading=\"lazy\" class=\"size-full wp-image-7639 aligncenter\" src=\"https:\/\/nyanpereira.fr\/dessinateur\/wp-content\/uploads\/2020\/01\/16.photomontage.automobile.pneu_.pub_.photographe.freelance.publicite.nice_.cote_.azur14.jpg\" alt=\"\" width=\"650\" height=\"945\" \/><img loading=\"lazy\" class=\"size-full wp-image-7650 aligncenter\" src=\"https:\/\/nyanpereira.fr\/dessinateur\/wp-content\/uploads\/2020\/01\/16.photomontage.total_.covering.photographe.freelance.publicite.nice_.cote_.azur3_.jpg\" alt=\"photo manipulation photomontage TOTAL COVERING INTERRENT\" width=\"650\" height=\"945\" \/> <img loading=\"lazy\" class=\"size-full wp-image-7651 aligncenter\" src=\"https:\/\/nyanpereira.fr\/dessinateur\/wp-content\/uploads\/2020\/01\/16.photomontage.total_.covering.pub_.photographe.freelance.publicite.nice_.cote_.azur4_.jpg\" alt=\"DECOARDER photo manipulation photomontage TOTAL COVERING INTERRENT\" width=\"650\" height=\"945\" \/><\/p>\n<p><img loading=\"lazy\" class=\"size-full wp-image-7811 aligncenter\" src=\"https:\/\/nyanpereira.fr\/dessinateur\/wp-content\/uploads\/2020\/01\/RoughPhoto.studio.retouche.6.jpg\" alt=\"JCP Photographe engin chantier retouche photo\" width=\"650\" height=\"945\" \/><\/p>\n<p><img loading=\"lazy\" class=\"size-full wp-image-9077 aligncenter\" src=\"https:\/\/nyanpereira.fr\/dessinateur\/wp-content\/uploads\/2020\/01\/10.photomontage.photomanipulation.pub_.photographe.freelance.paris5_.jpg\" alt=\"Photographgie concession engin de chantierJCB photographe chantier freelance\" width=\"650\" height=\"945\" \/><\/p>\n<p><strong>Photomontage :<\/strong> <a href=\"http:\/\/nyanpereira.fr\/dessinateur\/gallery\/photoroughs-photographie-photomontage\/\">Yann PEREIRA<\/a><\/p>\n","protected":false},"excerpt":{"rendered":"","protected":false},"author":1,"featured_media":5720,"comment_status":"closed","ping_status":"closed","sticky":false,"template":"","format":"standard","meta":[],"categories":[67,60],"tags":[110,64,154,157],"yoast_head":"<!-- This site is optimized with the Yoast SEO plugin v17.9 - https:\/\/yoast.com\/wordpress\/plugins\/seo\/ -->\n<title>Photographie Studio - Service Cr\u00e9atif &amp; Pr\u00e9sentation Artistique<\/title>\n<meta name=\"robots\" content=\"index, follow, max-snippet:-1, max-image-preview:large, max-video-preview:-1\" \/>\n<link rel=\"canonical\" href=\"https:\/\/nyanpereira.fr\/dessinateur\/photographie-studio\/\" \/>\n<meta property=\"og:locale\" content=\"fr_FR\" \/>\n<meta property=\"og:type\" content=\"article\" \/>\n<meta property=\"og:title\" content=\"Photographie Studio - Service Cr\u00e9atif &amp; Pr\u00e9sentation Artistique\" \/>\n<meta property=\"og:url\" content=\"https:\/\/nyanpereira.fr\/dessinateur\/photographie-studio\/\" \/>\n<meta property=\"og:site_name\" content=\"Service Cr\u00e9atif &amp; Pr\u00e9sentation Artistique\" \/>\n<meta property=\"article:published_time\" content=\"2013-07-23T20:41:37+00:00\" \/>\n<meta property=\"article:modified_time\" content=\"2020-06-11T14:04:35+00:00\" \/>\n<meta property=\"og:image\" content=\"https:\/\/nyanpereira.fr\/dessinateur\/wp-content\/uploads\/2013\/07\/moitier.pneu_.-delko.publicite\u0301.promotion.promo_.offert.photographie.photorough.jpg\" \/>\n\t<meta property=\"og:image:width\" content=\"1076\" \/>\n\t<meta property=\"og:image:height\" content=\"575\" \/>\n\t<meta property=\"og:image:type\" content=\"image\/jpeg\" \/>\n<meta name=\"twitter:card\" content=\"summary_large_image\" \/>\n<meta name=\"twitter:label1\" content=\"\u00c9crit par\" \/>\n\t<meta name=\"twitter:data1\" content=\"dessinateur\" \/>\n<script type=\"application\/ld+json\" class=\"yoast-schema-graph\">{\"@context\":\"https:\/\/schema.org\",\"@graph\":[{\"@type\":\"Organization\",\"@id\":\"https:\/\/nyanpereira.fr\/dessinateur\/#organization\",\"name\":\"storyboarder Freelance\",\"url\":\"https:\/\/nyanpereira.fr\/dessinateur\/\",\"sameAs\":[],\"logo\":{\"@type\":\"ImageObject\",\"@id\":\"https:\/\/nyanpereira.fr\/dessinateur\/#logo\",\"inLanguage\":\"fr-FR\",\"url\":\"\",\"contentUrl\":\"\",\"caption\":\"storyboarder Freelance\"},\"image\":{\"@id\":\"https:\/\/nyanpereira.fr\/dessinateur\/#logo\"}},{\"@type\":\"WebSite\",\"@id\":\"https:\/\/nyanpereira.fr\/dessinateur\/#website\",\"url\":\"https:\/\/nyanpereira.fr\/dessinateur\/\",\"name\":\"Service Cr\\u00e9atif &amp; Pr\\u00e9sentation Artistique\",\"description\":\"Roughs, Storyboard, Antimatic &amp; Photomontage\",\"publisher\":{\"@id\":\"https:\/\/nyanpereira.fr\/dessinateur\/#organization\"},\"potentialAction\":[{\"@type\":\"SearchAction\",\"target\":{\"@type\":\"EntryPoint\",\"urlTemplate\":\"https:\/\/nyanpereira.fr\/dessinateur\/?s={search_term_string}\"},\"query-input\":\"required name=search_term_string\"}],\"inLanguage\":\"fr-FR\"},{\"@type\":\"ImageObject\",\"@id\":\"https:\/\/nyanpereira.fr\/dessinateur\/photographie-studio\/#primaryimage\",\"inLanguage\":\"fr-FR\",\"url\":\"https:\/\/nyanpereira.fr\/dessinateur\/wp-content\/uploads\/2013\/07\/moitier.pneu_.-delko.publicite\\u0301.promotion.promo_.offert.photographie.photorough.jpg\",\"contentUrl\":\"https:\/\/nyanpereira.fr\/dessinateur\/wp-content\/uploads\/2013\/07\/moitier.pneu_.-delko.publicite\\u0301.promotion.promo_.offert.photographie.photorough.jpg\",\"width\":1076,\"height\":575},{\"@type\":\"WebPage\",\"@id\":\"https:\/\/nyanpereira.fr\/dessinateur\/photographie-studio\/#webpage\",\"url\":\"https:\/\/nyanpereira.fr\/dessinateur\/photographie-studio\/\",\"name\":\"Photographie Studio - Service Cr\\u00e9atif &amp; Pr\\u00e9sentation Artistique\",\"isPartOf\":{\"@id\":\"https:\/\/nyanpereira.fr\/dessinateur\/#website\"},\"primaryImageOfPage\":{\"@id\":\"https:\/\/nyanpereira.fr\/dessinateur\/photographie-studio\/#primaryimage\"},\"datePublished\":\"2013-07-23T20:41:37+00:00\",\"dateModified\":\"2020-06-11T14:04:35+00:00\",\"breadcrumb\":{\"@id\":\"https:\/\/nyanpereira.fr\/dessinateur\/photographie-studio\/#breadcrumb\"},\"inLanguage\":\"fr-FR\",\"potentialAction\":[{\"@type\":\"ReadAction\",\"target\":[\"https:\/\/nyanpereira.fr\/dessinateur\/photographie-studio\/\"]}]},{\"@type\":\"BreadcrumbList\",\"@id\":\"https:\/\/nyanpereira.fr\/dessinateur\/photographie-studio\/#breadcrumb\",\"itemListElement\":[{\"@type\":\"ListItem\",\"position\":1,\"name\":\"Accueil\",\"item\":\"https:\/\/nyanpereira.fr\/dessinateur\/\"},{\"@type\":\"ListItem\",\"position\":2,\"name\":\"Photographie Studio\"}]},{\"@type\":\"Article\",\"@id\":\"https:\/\/nyanpereira.fr\/dessinateur\/photographie-studio\/#article\",\"isPartOf\":{\"@id\":\"https:\/\/nyanpereira.fr\/dessinateur\/photographie-studio\/#webpage\"},\"author\":{\"@id\":\"https:\/\/nyanpereira.fr\/dessinateur\/#\/schema\/person\/d771f144e8b1bdf8b790b02ba31f71d2\"},\"headline\":\"Photographie Studio\",\"datePublished\":\"2013-07-23T20:41:37+00:00\",\"dateModified\":\"2020-06-11T14:04:35+00:00\",\"mainEntityOfPage\":{\"@id\":\"https:\/\/nyanpereira.fr\/dessinateur\/photographie-studio\/#webpage\"},\"wordCount\":39,\"publisher\":{\"@id\":\"https:\/\/nyanpereira.fr\/dessinateur\/#organization\"},\"image\":{\"@id\":\"https:\/\/nyanpereira.fr\/dessinateur\/photographie-studio\/#primaryimage\"},\"thumbnailUrl\":\"https:\/\/nyanpereira.fr\/dessinateur\/wp-content\/uploads\/2013\/07\/moitier.pneu_.-delko.publicite\\u0301.promotion.promo_.offert.photographie.photorough.jpg\",\"keywords\":[\"Illustrateur Photographe PACA-VAR\",\"Illustration photo &amp; PhotoMontage paris \\u00eele-de-france\",\"Photographe Studio PACA-VAR(83)\",\"Studio Photographe Alpes-Maritimes(06)\"],\"articleSection\":[\"Photo Retouche &amp; Retoucheur freelance\",\"PhotoMontage &amp; Publicit\\u00e9\"],\"inLanguage\":\"fr-FR\"},{\"@type\":\"Person\",\"@id\":\"https:\/\/nyanpereira.fr\/dessinateur\/#\/schema\/person\/d771f144e8b1bdf8b790b02ba31f71d2\",\"name\":\"dessinateur\",\"image\":{\"@type\":\"ImageObject\",\"@id\":\"https:\/\/nyanpereira.fr\/dessinateur\/#personlogo\",\"inLanguage\":\"fr-FR\",\"url\":\"https:\/\/secure.gravatar.com\/avatar\/acd3615833cd4e0b23d9f45973008c34?s=96&d=mm&r=g\",\"contentUrl\":\"https:\/\/secure.gravatar.com\/avatar\/acd3615833cd4e0b23d9f45973008c34?s=96&d=mm&r=g\",\"caption\":\"dessinateur\"},\"url\":\"https:\/\/nyanpereira.fr\/dessinateur\/author\/dessinateur\/\"}]}<\/script>\n<!-- \/ Yoast SEO plugin. -->","yoast_head_json":{"title":"Photographie Studio - Service Cr\u00e9atif &amp; Pr\u00e9sentation Artistique","robots":{"index":"index","follow":"follow","max-snippet":"max-snippet:-1","max-image-preview":"max-image-preview:large","max-video-preview":"max-video-preview:-1"},"canonical":"https:\/\/nyanpereira.fr\/dessinateur\/photographie-studio\/","og_locale":"fr_FR","og_type":"article","og_title":"Photographie Studio - Service Cr\u00e9atif &amp; Pr\u00e9sentation Artistique","og_url":"https:\/\/nyanpereira.fr\/dessinateur\/photographie-studio\/","og_site_name":"Service Cr\u00e9atif &amp; Pr\u00e9sentation Artistique","article_published_time":"2013-07-23T20:41:37+00:00","article_modified_time":"2020-06-11T14:04:35+00:00","og_image":[{"width":1076,"height":575,"url":"https:\/\/nyanpereira.fr\/dessinateur\/wp-content\/uploads\/2013\/07\/moitier.pneu_.-delko.publicite\u0301.promotion.promo_.offert.photographie.photorough.jpg","type":"image\/jpeg"}],"twitter_card":"summary_large_image","twitter_misc":{"\u00c9crit par":"dessinateur"},"schema":{"@context":"https:\/\/schema.org","@graph":[{"@type":"Organization","@id":"https:\/\/nyanpereira.fr\/dessinateur\/#organization","name":"storyboarder Freelance","url":"https:\/\/nyanpereira.fr\/dessinateur\/","sameAs":[],"logo":{"@type":"ImageObject","@id":"https:\/\/nyanpereira.fr\/dessinateur\/#logo","inLanguage":"fr-FR","url":"","contentUrl":"","caption":"storyboarder Freelance"},"image":{"@id":"https:\/\/nyanpereira.fr\/dessinateur\/#logo"}},{"@type":"WebSite","@id":"https:\/\/nyanpereira.fr\/dessinateur\/#website","url":"https:\/\/nyanpereira.fr\/dessinateur\/","name":"Service Cr\u00e9atif &amp; Pr\u00e9sentation Artistique","description":"Roughs, Storyboard, Antimatic &amp; Photomontage","publisher":{"@id":"https:\/\/nyanpereira.fr\/dessinateur\/#organization"},"potentialAction":[{"@type":"SearchAction","target":{"@type":"EntryPoint","urlTemplate":"https:\/\/nyanpereira.fr\/dessinateur\/?s={search_term_string}"},"query-input":"required name=search_term_string"}],"inLanguage":"fr-FR"},{"@type":"ImageObject","@id":"https:\/\/nyanpereira.fr\/dessinateur\/photographie-studio\/#primaryimage","inLanguage":"fr-FR","url":"https:\/\/nyanpereira.fr\/dessinateur\/wp-content\/uploads\/2013\/07\/moitier.pneu_.-delko.publicite\u0301.promotion.promo_.offert.photographie.photorough.jpg","contentUrl":"https:\/\/nyanpereira.fr\/dessinateur\/wp-content\/uploads\/2013\/07\/moitier.pneu_.-delko.publicite\u0301.promotion.promo_.offert.photographie.photorough.jpg","width":1076,"height":575},{"@type":"WebPage","@id":"https:\/\/nyanpereira.fr\/dessinateur\/photographie-studio\/#webpage","url":"https:\/\/nyanpereira.fr\/dessinateur\/photographie-studio\/","name":"Photographie Studio - Service Cr\u00e9atif &amp; Pr\u00e9sentation Artistique","isPartOf":{"@id":"https:\/\/nyanpereira.fr\/dessinateur\/#website"},"primaryImageOfPage":{"@id":"https:\/\/nyanpereira.fr\/dessinateur\/photographie-studio\/#primaryimage"},"datePublished":"2013-07-23T20:41:37+00:00","dateModified":"2020-06-11T14:04:35+00:00","breadcrumb":{"@id":"https:\/\/nyanpereira.fr\/dessinateur\/photographie-studio\/#breadcrumb"},"inLanguage":"fr-FR","potentialAction":[{"@type":"ReadAction","target":["https:\/\/nyanpereira.fr\/dessinateur\/photographie-studio\/"]}]},{"@type":"BreadcrumbList","@id":"https:\/\/nyanpereira.fr\/dessinateur\/photographie-studio\/#breadcrumb","itemListElement":[{"@type":"ListItem","position":1,"name":"Accueil","item":"https:\/\/nyanpereira.fr\/dessinateur\/"},{"@type":"ListItem","position":2,"name":"Photographie Studio"}]},{"@type":"Article","@id":"https:\/\/nyanpereira.fr\/dessinateur\/photographie-studio\/#article","isPartOf":{"@id":"https:\/\/nyanpereira.fr\/dessinateur\/photographie-studio\/#webpage"},"author":{"@id":"https:\/\/nyanpereira.fr\/dessinateur\/#\/schema\/person\/d771f144e8b1bdf8b790b02ba31f71d2"},"headline":"Photographie Studio","datePublished":"2013-07-23T20:41:37+00:00","dateModified":"2020-06-11T14:04:35+00:00","mainEntityOfPage":{"@id":"https:\/\/nyanpereira.fr\/dessinateur\/photographie-studio\/#webpage"},"wordCount":39,"publisher":{"@id":"https:\/\/nyanpereira.fr\/dessinateur\/#organization"},"image":{"@id":"https:\/\/nyanpereira.fr\/dessinateur\/photographie-studio\/#primaryimage"},"thumbnailUrl":"https:\/\/nyanpereira.fr\/dessinateur\/wp-content\/uploads\/2013\/07\/moitier.pneu_.-delko.publicite\u0301.promotion.promo_.offert.photographie.photorough.jpg","keywords":["Illustrateur Photographe PACA-VAR","Illustration photo &amp; PhotoMontage paris \u00eele-de-france","Photographe Studio PACA-VAR(83)","Studio Photographe Alpes-Maritimes(06)"],"articleSection":["Photo Retouche &amp; Retoucheur freelance","PhotoMontage &amp; Publicit\u00e9"],"inLanguage":"fr-FR"},{"@type":"Person","@id":"https:\/\/nyanpereira.fr\/dessinateur\/#\/schema\/person\/d771f144e8b1bdf8b790b02ba31f71d2","name":"dessinateur","image":{"@type":"ImageObject","@id":"https:\/\/nyanpereira.fr\/dessinateur\/#personlogo","inLanguage":"fr-FR","url":"https:\/\/secure.gravatar.com\/avatar\/acd3615833cd4e0b23d9f45973008c34?s=96&d=mm&r=g","contentUrl":"https:\/\/secure.gravatar.com\/avatar\/acd3615833cd4e0b23d9f45973008c34?s=96&d=mm&r=g","caption":"dessinateur"},"url":"https:\/\/nyanpereira.fr\/dessinateur\/author\/dessinateur\/"}]}},"_links":{"self":[{"href":"https:\/\/nyanpereira.fr\/dessinateur\/wp-json\/wp\/v2\/posts\/2629"}],"collection":[{"href":"https:\/\/nyanpereira.fr\/dessinateur\/wp-json\/wp\/v2\/posts"}],"about":[{"href":"https:\/\/nyanpereira.fr\/dessinateur\/wp-json\/wp\/v2\/types\/post"}],"author":[{"embeddable":true,"href":"https:\/\/nyanpereira.fr\/dessinateur\/wp-json\/wp\/v2\/users\/1"}],"replies":[{"embeddable":true,"href":"https:\/\/nyanpereira.fr\/dessinateur\/wp-json\/wp\/v2\/comments?post=2629"}],"version-history":[{"count":13,"href":"https:\/\/nyanpereira.fr\/dessinateur\/wp-json\/wp\/v2\/posts\/2629\/revisions"}],"predecessor-version":[{"id":2632,"href":"https:\/\/nyanpereira.fr\/dessinateur\/wp-json\/wp\/v2\/posts\/2629\/revisions\/2632"}],"wp:featuredmedia":[{"embeddable":true,"href":"https:\/\/nyanpereira.fr\/dessinateur\/wp-json\/wp\/v2\/media\/5720"}],"wp:attachment":[{"href":"https:\/\/nyanpereira.fr\/dessinateur\/wp-json\/wp\/v2\/media?parent=2629"}],"wp:term":[{"taxonomy":"category","embeddable":true,"href":"https:\/\/nyanpereira.fr\/dessinateur\/wp-json\/wp\/v2\/categories?post=2629"},{"taxonomy":"post_tag","embeddable":true,"href":"https:\/\/nyanpereira.fr\/dessinateur\/wp-json\/wp\/v2\/tags?post=2629"}],"curies":[{"name":"wp","href":"https:\/\/api.w.org\/{rel}","templated":true}]}}