{"id":2457,"date":"2014-03-21T14:10:59","date_gmt":"2014-03-21T13:10:59","guid":{"rendered":"http:\/\/nyanpereira.fr\/dessinateur\/?p=2457"},"modified":"2020-01-31T15:56:52","modified_gmt":"2020-01-31T14:56:52","slug":"caricaturiste-caricature-live-var","status":"publish","type":"post","link":"https:\/\/nyanpereira.fr\/dessinateur\/caricaturiste-caricature-live-var\/","title":{"rendered":"Caricaturiste Tableau"},"content":{"rendered":"<h4>Caricature d&rsquo;un Podologue\u00a0Varois\u00a0<span style=\"color: #888888;\">(83)<\/span><br \/>\n<span style=\"color: #663399;\">Peinture Acrylique &amp; Feutre Tria<\/span><\/h4>\n<p><strong><span style=\"color: #663399;\">Une\u00a0caricature<\/span>\u00a0<\/strong>est un portrait peint ou dessin\u00e9 changeant certains traits de caract\u00e8re souvent <span style=\"color: #663399;\"><strong>dr\u00f4les<\/strong><\/span>, <span style=\"color: #663399;\"><strong>ridicules<\/strong><\/span> ou <span style=\"color: #663399;\"><strong>d\u00e9plaisants<\/strong><\/span> selon l&rsquo;\u00e9tat d&rsquo;esprit du sujet.<\/p>\n<p><a href=\"http:\/\/nyanpereira.fr\/dessinateur\/caricature-live\/\"><strong><span style=\"color: #ff0000; font-family: Georgia;\"><img loading=\"lazy\" class=\"alignleft size-full wp-image-2460\" alt=\"1\" src=\"http:\/\/nyanpereira.fr\/dessinateur\/wp-content\/uploads\/2014\/03\/1.png\" width=\"862\" height=\"543\" \/><\/span><\/strong><\/a><\/p>\n<p><a href=\"http:\/\/nyanpereira.fr\/dessinateur\/caricature-live\/\"><img loading=\"lazy\" class=\"alignleft size-full wp-image-2461\" alt=\"2\" src=\"http:\/\/nyanpereira.fr\/dessinateur\/wp-content\/uploads\/2014\/03\/2.png\" width=\"862\" height=\"543\" \/><\/a><\/p>\n<p><a href=\"http:\/\/nyanpereira.fr\/dessinateur\/caricature-live\/\"><img loading=\"lazy\" class=\"alignleft size-full wp-image-2462\" alt=\"3\" src=\"http:\/\/nyanpereira.fr\/dessinateur\/wp-content\/uploads\/2014\/03\/3.png\" width=\"861\" height=\"542\" \/><\/a><br \/>\n<a href=\"http:\/\/nyanpereira.fr\/dessinateur\/caricature-live\/\"><img loading=\"lazy\" class=\"alignleft size-full wp-image-2463\" alt=\"4\" src=\"http:\/\/nyanpereira.fr\/dessinateur\/wp-content\/uploads\/2014\/03\/4.png\" width=\"860\" height=\"544\" \/><\/a><br \/>\n<a href=\"http:\/\/nyanpereira.fr\/dessinateur\/caricature-live\/\"><img loading=\"lazy\" class=\"alignleft size-full wp-image-2464\" alt=\"5\" src=\"http:\/\/nyanpereira.fr\/dessinateur\/wp-content\/uploads\/2014\/03\/5.png\" width=\"596\" height=\"797\" \/><\/a><br \/>\n<span style=\"color: #663399;\"><a href=\"http:\/\/nyanpereira.fr\/dessinateur\/motion-designer-animatics-freelance\/\"><span style=\"color: #663399;\"><strong>Animation\u00a0Caricature en live<\/strong><\/span><\/a><\/span> ou <span style=\"color: #663399;\"><strong>d&rsquo;apr\u00e8s photo<\/strong><\/span>, ces \u0153uvres\u00a0sont des exemplaires uniques.<\/p>\n<p>\u2022 Disponible sur tous supports et tous formats <span style=\"color: #808080;\"><em>(Papier, Rouleau, Toile, Vitrine Magasin\u2026)\u00a0<\/em><\/span><br \/>\n\u2022<span style=\"color: #663399;\"><strong> En Noir &amp; Blanc ou Couleur<\/strong><\/span> j&rsquo;interviens sur la r\u00e9gion<strong>\u00a0Paca<\/strong>, Draguignan, Aix en Provence, Marseille, Toulon, Cannes ou Nice ou\u00a0via internet et t\u00e9l\u00e9phone.\u00a0<span style=\"color: #663399;\"><a href=\"http:\/\/nyanpereira.fr\/dessinateur\/motion-designer-animatics-freelance\/\"><span style=\"color: #663399;\"><strong>Ces \u0153uvres Live<\/strong><\/span><\/a><\/span> sont disponible en Vid\u00e9oMotion sur demande<\/p>\n<p><span style=\"color: #888888;\">&#8211; Artiste :\u00a0<a href=\"http:\/\/nyanpereira.fr\/dessinateur\/contact-dessinateur-roughman-storyborder-illustrateur-freelance\/\">Yann PEREIRA<\/a><br \/>\n&#8211; Toile : 45x65cm<\/span><br \/>\n<span style=\"color: #888888;\">&#8211; <a href=\"http:\/\/nyanpereira.fr\/dessinateur\/gallery\/rough-dessin-aux-crayons\/\">Crayon de papier<\/a><\/span><br \/>\n<span style=\"color: #888888;\">&#8211; Peinture Acrylique<\/span><br \/>\n<span style=\"color: #888888;\">&#8211; <a href=\"http:\/\/nyanpereira.fr\/dessinateur\/gallery\/roughs-dessin-couleurs-intention-lumiere\/\">Feutre TRIA<\/a><\/span><\/p>\n<p>&nbsp;<\/p>\n<p>&nbsp;<\/p>\n","protected":false},"excerpt":{"rendered":"","protected":false},"author":1,"featured_media":0,"comment_status":"closed","ping_status":"closed","sticky":false,"template":"","format":"standard","meta":[],"categories":[69],"tags":[146],"yoast_head":"<!-- This site is optimized with the Yoast SEO plugin v17.9 - https:\/\/yoast.com\/wordpress\/plugins\/seo\/ -->\n<title>Caricaturiste Tableau - Service Cr\u00e9atif &amp; Pr\u00e9sentation Artistique<\/title>\n<meta name=\"robots\" content=\"index, follow, max-snippet:-1, max-image-preview:large, max-video-preview:-1\" \/>\n<link rel=\"canonical\" href=\"https:\/\/nyanpereira.fr\/dessinateur\/caricaturiste-caricature-live-var\/\" \/>\n<meta property=\"og:locale\" content=\"fr_FR\" \/>\n<meta property=\"og:type\" content=\"article\" \/>\n<meta property=\"og:title\" content=\"Caricaturiste Tableau - Service Cr\u00e9atif &amp; Pr\u00e9sentation Artistique\" \/>\n<meta property=\"og:url\" content=\"https:\/\/nyanpereira.fr\/dessinateur\/caricaturiste-caricature-live-var\/\" \/>\n<meta property=\"og:site_name\" content=\"Service Cr\u00e9atif &amp; Pr\u00e9sentation Artistique\" \/>\n<meta property=\"article:published_time\" content=\"2014-03-21T13:10:59+00:00\" \/>\n<meta property=\"article:modified_time\" content=\"2020-01-31T14:56:52+00:00\" \/>\n<meta property=\"og:image\" content=\"http:\/\/nyanpereira.fr\/dessinateur\/wp-content\/uploads\/2014\/03\/1.png\" \/>\n<meta name=\"twitter:card\" content=\"summary_large_image\" \/>\n<meta name=\"twitter:label1\" content=\"\u00c9crit par\" \/>\n\t<meta name=\"twitter:data1\" content=\"dessinateur\" \/>\n\t<meta name=\"twitter:label2\" content=\"Dur\u00e9e de lecture estim\u00e9e\" \/>\n\t<meta name=\"twitter:data2\" content=\"1 minute\" \/>\n<script type=\"application\/ld+json\" class=\"yoast-schema-graph\">{\"@context\":\"https:\/\/schema.org\",\"@graph\":[{\"@type\":\"Organization\",\"@id\":\"https:\/\/nyanpereira.fr\/dessinateur\/#organization\",\"name\":\"storyboarder Freelance\",\"url\":\"https:\/\/nyanpereira.fr\/dessinateur\/\",\"sameAs\":[],\"logo\":{\"@type\":\"ImageObject\",\"@id\":\"https:\/\/nyanpereira.fr\/dessinateur\/#logo\",\"inLanguage\":\"fr-FR\",\"url\":\"\",\"contentUrl\":\"\",\"caption\":\"storyboarder Freelance\"},\"image\":{\"@id\":\"https:\/\/nyanpereira.fr\/dessinateur\/#logo\"}},{\"@type\":\"WebSite\",\"@id\":\"https:\/\/nyanpereira.fr\/dessinateur\/#website\",\"url\":\"https:\/\/nyanpereira.fr\/dessinateur\/\",\"name\":\"Service Cr\\u00e9atif &amp; Pr\\u00e9sentation Artistique\",\"description\":\"Roughs, Storyboard, Antimatic &amp; Photomontage\",\"publisher\":{\"@id\":\"https:\/\/nyanpereira.fr\/dessinateur\/#organization\"},\"potentialAction\":[{\"@type\":\"SearchAction\",\"target\":{\"@type\":\"EntryPoint\",\"urlTemplate\":\"https:\/\/nyanpereira.fr\/dessinateur\/?s={search_term_string}\"},\"query-input\":\"required name=search_term_string\"}],\"inLanguage\":\"fr-FR\"},{\"@type\":\"ImageObject\",\"@id\":\"https:\/\/nyanpereira.fr\/dessinateur\/caricaturiste-caricature-live-var\/#primaryimage\",\"inLanguage\":\"fr-FR\",\"url\":\"http:\/\/nyanpereira.fr\/dessinateur\/wp-content\/uploads\/2014\/03\/1.png\",\"contentUrl\":\"http:\/\/nyanpereira.fr\/dessinateur\/wp-content\/uploads\/2014\/03\/1.png\"},{\"@type\":\"WebPage\",\"@id\":\"https:\/\/nyanpereira.fr\/dessinateur\/caricaturiste-caricature-live-var\/#webpage\",\"url\":\"https:\/\/nyanpereira.fr\/dessinateur\/caricaturiste-caricature-live-var\/\",\"name\":\"Caricaturiste Tableau - Service Cr\\u00e9atif &amp; Pr\\u00e9sentation Artistique\",\"isPartOf\":{\"@id\":\"https:\/\/nyanpereira.fr\/dessinateur\/#website\"},\"primaryImageOfPage\":{\"@id\":\"https:\/\/nyanpereira.fr\/dessinateur\/caricaturiste-caricature-live-var\/#primaryimage\"},\"datePublished\":\"2014-03-21T13:10:59+00:00\",\"dateModified\":\"2020-01-31T14:56:52+00:00\",\"breadcrumb\":{\"@id\":\"https:\/\/nyanpereira.fr\/dessinateur\/caricaturiste-caricature-live-var\/#breadcrumb\"},\"inLanguage\":\"fr-FR\",\"potentialAction\":[{\"@type\":\"ReadAction\",\"target\":[\"https:\/\/nyanpereira.fr\/dessinateur\/caricaturiste-caricature-live-var\/\"]}]},{\"@type\":\"BreadcrumbList\",\"@id\":\"https:\/\/nyanpereira.fr\/dessinateur\/caricaturiste-caricature-live-var\/#breadcrumb\",\"itemListElement\":[{\"@type\":\"ListItem\",\"position\":1,\"name\":\"Accueil\",\"item\":\"https:\/\/nyanpereira.fr\/dessinateur\/\"},{\"@type\":\"ListItem\",\"position\":2,\"name\":\"Caricaturiste Tableau\"}]},{\"@type\":\"Article\",\"@id\":\"https:\/\/nyanpereira.fr\/dessinateur\/caricaturiste-caricature-live-var\/#article\",\"isPartOf\":{\"@id\":\"https:\/\/nyanpereira.fr\/dessinateur\/caricaturiste-caricature-live-var\/#webpage\"},\"author\":{\"@id\":\"https:\/\/nyanpereira.fr\/dessinateur\/#\/schema\/person\/d771f144e8b1bdf8b790b02ba31f71d2\"},\"headline\":\"Caricaturiste Tableau\",\"datePublished\":\"2014-03-21T13:10:59+00:00\",\"dateModified\":\"2020-01-31T14:56:52+00:00\",\"mainEntityOfPage\":{\"@id\":\"https:\/\/nyanpereira.fr\/dessinateur\/caricaturiste-caricature-live-var\/#webpage\"},\"wordCount\":122,\"publisher\":{\"@id\":\"https:\/\/nyanpereira.fr\/dessinateur\/#organization\"},\"image\":{\"@id\":\"https:\/\/nyanpereira.fr\/dessinateur\/caricaturiste-caricature-live-var\/#primaryimage\"},\"thumbnailUrl\":\"http:\/\/nyanpereira.fr\/dessinateur\/wp-content\/uploads\/2014\/03\/1.png\",\"keywords\":[\"Animation Caricaturiste VAR(83)\"],\"articleSection\":[\"Dessinateur \/ Animation Caricature\"],\"inLanguage\":\"fr-FR\"},{\"@type\":\"Person\",\"@id\":\"https:\/\/nyanpereira.fr\/dessinateur\/#\/schema\/person\/d771f144e8b1bdf8b790b02ba31f71d2\",\"name\":\"dessinateur\",\"image\":{\"@type\":\"ImageObject\",\"@id\":\"https:\/\/nyanpereira.fr\/dessinateur\/#personlogo\",\"inLanguage\":\"fr-FR\",\"url\":\"https:\/\/secure.gravatar.com\/avatar\/acd3615833cd4e0b23d9f45973008c34?s=96&d=mm&r=g\",\"contentUrl\":\"https:\/\/secure.gravatar.com\/avatar\/acd3615833cd4e0b23d9f45973008c34?s=96&d=mm&r=g\",\"caption\":\"dessinateur\"},\"url\":\"https:\/\/nyanpereira.fr\/dessinateur\/author\/dessinateur\/\"}]}<\/script>\n<!-- \/ Yoast SEO plugin. -->","yoast_head_json":{"title":"Caricaturiste Tableau - Service Cr\u00e9atif &amp; Pr\u00e9sentation Artistique","robots":{"index":"index","follow":"follow","max-snippet":"max-snippet:-1","max-image-preview":"max-image-preview:large","max-video-preview":"max-video-preview:-1"},"canonical":"https:\/\/nyanpereira.fr\/dessinateur\/caricaturiste-caricature-live-var\/","og_locale":"fr_FR","og_type":"article","og_title":"Caricaturiste Tableau - Service Cr\u00e9atif &amp; Pr\u00e9sentation Artistique","og_url":"https:\/\/nyanpereira.fr\/dessinateur\/caricaturiste-caricature-live-var\/","og_site_name":"Service Cr\u00e9atif &amp; Pr\u00e9sentation Artistique","article_published_time":"2014-03-21T13:10:59+00:00","article_modified_time":"2020-01-31T14:56:52+00:00","og_image":[{"url":"http:\/\/nyanpereira.fr\/dessinateur\/wp-content\/uploads\/2014\/03\/1.png"}],"twitter_card":"summary_large_image","twitter_misc":{"\u00c9crit par":"dessinateur","Dur\u00e9e de lecture estim\u00e9e":"1 minute"},"schema":{"@context":"https:\/\/schema.org","@graph":[{"@type":"Organization","@id":"https:\/\/nyanpereira.fr\/dessinateur\/#organization","name":"storyboarder Freelance","url":"https:\/\/nyanpereira.fr\/dessinateur\/","sameAs":[],"logo":{"@type":"ImageObject","@id":"https:\/\/nyanpereira.fr\/dessinateur\/#logo","inLanguage":"fr-FR","url":"","contentUrl":"","caption":"storyboarder Freelance"},"image":{"@id":"https:\/\/nyanpereira.fr\/dessinateur\/#logo"}},{"@type":"WebSite","@id":"https:\/\/nyanpereira.fr\/dessinateur\/#website","url":"https:\/\/nyanpereira.fr\/dessinateur\/","name":"Service Cr\u00e9atif &amp; Pr\u00e9sentation Artistique","description":"Roughs, Storyboard, Antimatic &amp; Photomontage","publisher":{"@id":"https:\/\/nyanpereira.fr\/dessinateur\/#organization"},"potentialAction":[{"@type":"SearchAction","target":{"@type":"EntryPoint","urlTemplate":"https:\/\/nyanpereira.fr\/dessinateur\/?s={search_term_string}"},"query-input":"required name=search_term_string"}],"inLanguage":"fr-FR"},{"@type":"ImageObject","@id":"https:\/\/nyanpereira.fr\/dessinateur\/caricaturiste-caricature-live-var\/#primaryimage","inLanguage":"fr-FR","url":"http:\/\/nyanpereira.fr\/dessinateur\/wp-content\/uploads\/2014\/03\/1.png","contentUrl":"http:\/\/nyanpereira.fr\/dessinateur\/wp-content\/uploads\/2014\/03\/1.png"},{"@type":"WebPage","@id":"https:\/\/nyanpereira.fr\/dessinateur\/caricaturiste-caricature-live-var\/#webpage","url":"https:\/\/nyanpereira.fr\/dessinateur\/caricaturiste-caricature-live-var\/","name":"Caricaturiste Tableau - Service Cr\u00e9atif &amp; Pr\u00e9sentation Artistique","isPartOf":{"@id":"https:\/\/nyanpereira.fr\/dessinateur\/#website"},"primaryImageOfPage":{"@id":"https:\/\/nyanpereira.fr\/dessinateur\/caricaturiste-caricature-live-var\/#primaryimage"},"datePublished":"2014-03-21T13:10:59+00:00","dateModified":"2020-01-31T14:56:52+00:00","breadcrumb":{"@id":"https:\/\/nyanpereira.fr\/dessinateur\/caricaturiste-caricature-live-var\/#breadcrumb"},"inLanguage":"fr-FR","potentialAction":[{"@type":"ReadAction","target":["https:\/\/nyanpereira.fr\/dessinateur\/caricaturiste-caricature-live-var\/"]}]},{"@type":"BreadcrumbList","@id":"https:\/\/nyanpereira.fr\/dessinateur\/caricaturiste-caricature-live-var\/#breadcrumb","itemListElement":[{"@type":"ListItem","position":1,"name":"Accueil","item":"https:\/\/nyanpereira.fr\/dessinateur\/"},{"@type":"ListItem","position":2,"name":"Caricaturiste Tableau"}]},{"@type":"Article","@id":"https:\/\/nyanpereira.fr\/dessinateur\/caricaturiste-caricature-live-var\/#article","isPartOf":{"@id":"https:\/\/nyanpereira.fr\/dessinateur\/caricaturiste-caricature-live-var\/#webpage"},"author":{"@id":"https:\/\/nyanpereira.fr\/dessinateur\/#\/schema\/person\/d771f144e8b1bdf8b790b02ba31f71d2"},"headline":"Caricaturiste Tableau","datePublished":"2014-03-21T13:10:59+00:00","dateModified":"2020-01-31T14:56:52+00:00","mainEntityOfPage":{"@id":"https:\/\/nyanpereira.fr\/dessinateur\/caricaturiste-caricature-live-var\/#webpage"},"wordCount":122,"publisher":{"@id":"https:\/\/nyanpereira.fr\/dessinateur\/#organization"},"image":{"@id":"https:\/\/nyanpereira.fr\/dessinateur\/caricaturiste-caricature-live-var\/#primaryimage"},"thumbnailUrl":"http:\/\/nyanpereira.fr\/dessinateur\/wp-content\/uploads\/2014\/03\/1.png","keywords":["Animation Caricaturiste VAR(83)"],"articleSection":["Dessinateur \/ Animation Caricature"],"inLanguage":"fr-FR"},{"@type":"Person","@id":"https:\/\/nyanpereira.fr\/dessinateur\/#\/schema\/person\/d771f144e8b1bdf8b790b02ba31f71d2","name":"dessinateur","image":{"@type":"ImageObject","@id":"https:\/\/nyanpereira.fr\/dessinateur\/#personlogo","inLanguage":"fr-FR","url":"https:\/\/secure.gravatar.com\/avatar\/acd3615833cd4e0b23d9f45973008c34?s=96&d=mm&r=g","contentUrl":"https:\/\/secure.gravatar.com\/avatar\/acd3615833cd4e0b23d9f45973008c34?s=96&d=mm&r=g","caption":"dessinateur"},"url":"https:\/\/nyanpereira.fr\/dessinateur\/author\/dessinateur\/"}]}},"_links":{"self":[{"href":"https:\/\/nyanpereira.fr\/dessinateur\/wp-json\/wp\/v2\/posts\/2457"}],"collection":[{"href":"https:\/\/nyanpereira.fr\/dessinateur\/wp-json\/wp\/v2\/posts"}],"about":[{"href":"https:\/\/nyanpereira.fr\/dessinateur\/wp-json\/wp\/v2\/types\/post"}],"author":[{"embeddable":true,"href":"https:\/\/nyanpereira.fr\/dessinateur\/wp-json\/wp\/v2\/users\/1"}],"replies":[{"embeddable":true,"href":"https:\/\/nyanpereira.fr\/dessinateur\/wp-json\/wp\/v2\/comments?post=2457"}],"version-history":[{"count":55,"href":"https:\/\/nyanpereira.fr\/dessinateur\/wp-json\/wp\/v2\/posts\/2457\/revisions"}],"predecessor-version":[{"id":5685,"href":"https:\/\/nyanpereira.fr\/dessinateur\/wp-json\/wp\/v2\/posts\/2457\/revisions\/5685"}],"wp:attachment":[{"href":"https:\/\/nyanpereira.fr\/dessinateur\/wp-json\/wp\/v2\/media?parent=2457"}],"wp:term":[{"taxonomy":"category","embeddable":true,"href":"https:\/\/nyanpereira.fr\/dessinateur\/wp-json\/wp\/v2\/categories?post=2457"},{"taxonomy":"post_tag","embeddable":true,"href":"https:\/\/nyanpereira.fr\/dessinateur\/wp-json\/wp\/v2\/tags?post=2457"}],"curies":[{"name":"wp","href":"https:\/\/api.w.org\/{rel}","templated":true}]}}