{"id":2229,"date":"2014-03-10T07:36:50","date_gmt":"2014-03-10T06:36:50","guid":{"rendered":"http:\/\/nyanpereira.fr\/dessinateur\/?p=2229"},"modified":"2020-06-05T13:42:09","modified_gmt":"2020-06-05T12:42:09","slug":"illustration-photographie-alimentaire","status":"publish","type":"post","link":"https:\/\/nyanpereira.fr\/dessinateur\/illustration-photographie-alimentaire\/","title":{"rendered":"Packaging illustration Alimentaire"},"content":{"rendered":"<h2 style=\"text-align: center;\">Besoin d&rsquo;un packaging avec une illustration alimentaire ultra r\u00e9aliste ?<\/h2>\n<p style=\"text-align: center;\"><strong><br \/>\nOptimisez votre image de marque et votre campagne publicitaire avec une photographie alimentaire de qualit\u00e9 !<\/strong><\/p>\n<div id=\"attachment_2234\" style=\"width: 1034px\" class=\"wp-caption alignleft\"><a href=\"http:\/\/nyanpereira.fr\/dessinateur\/illustration-photographie-alimentaire\/\"><img aria-describedby=\"caption-attachment-2234\" loading=\"lazy\" class=\"wp-image-2234 size-large\" src=\"https:\/\/nyanpereira.fr\/dessinateur\/wp-content\/uploads\/2014\/03\/2014-Photomotage.Alimentaire1-1024x723.jpg\" alt=\"illustration Alimentaire photomontage yaourt\" width=\"1024\" height=\"723\" \/><\/a><p id=\"caption-attachment-2234\" class=\"wp-caption-text\">PITON DES NEIGES \/ Relifting Packshot ! R\u00e9alisation des Photographies Alimentaires qui illustre les Nouveaux Packagings des Flans saveur coco de l&rsquo;\u00eele de la R\u00e9union<\/p><\/div>\n<h3>Photographe culinaire freelance r\u00e9put\u00e9 pour ses capacit\u00e9s en photo manipulation.<\/h3>\n<p>Sp\u00e9cialiste de la photo manipulation, retouche et poste production num\u00e9rique, avec plus de 10 ans d&rsquo;activit\u00e9 au pr\u00e8s de grande marque. En constante recherche de nouveaux projets afin de mettre mon exp\u00e9rience et mes comp\u00e9tences au service de vos id\u00e9es. Voici plusieurs exemples <strong>r\u00e9alis\u00e9s dans le cadre de r\u00e9flexions photographique. Ces illustrations Alimentaire sont issues pour la plupart de mes projets professionnel.<\/strong><\/p>\n<h4>L\u2019importance du packaging et illustration Alimentaire ?<\/h4>\n<p>La qualit\u00e9 d&rsquo;un visuel <span class=\"st\">packagings<\/span> joue un r\u00f4le primordiale. Cependant elle varie en fonction du domaine d&rsquo;activit\u00e9 et du type de produit. Le packshot produit peut \u00eatre une simple photo ou comprendre des fonctionnalit\u00e9s plus avanc\u00e9es telles que le zoom ou des vues 360\u00b0.<\/p>\n<a class=\"button small \" onclick=\"window.open('https:\/\/nyanpereira.fr\/dessinateur\/gallery\/photoroughs-photographie-photomontage-region-paca\/', '_self')\">plus de r\u00e9f\u00e9rences<\/a>\n<div id=\"attachment_7801\" style=\"width: 660px\" class=\"wp-caption aligncenter\"><img aria-describedby=\"caption-attachment-7801\" loading=\"lazy\" class=\"wp-image-7801 size-full\" src=\"https:\/\/nyanpereira.fr\/dessinateur\/wp-content\/uploads\/2020\/01\/Photographe.studio.publiciter.campagne.communication22.jpg\" alt=\"Photographie vins spiritueux Ros\u00e9 illustration Alimentaire\" width=\"650\" height=\"945\" \/><p id=\"caption-attachment-7801\" class=\"wp-caption-text\"><a href=\"http:\/\/www.domainedudragon.com\" target=\"_blank\" rel=\"noopener noreferrer\">Domaine du Dragon<\/a> \/ Exemple d&rsquo;illustration photos pour le secteur du vins et Spiritueux en Provence sa Cote d&rsquo;Azur<\/p><\/div>\n<div id=\"attachment_7637\" style=\"width: 660px\" class=\"wp-caption aligncenter\"><img aria-describedby=\"caption-attachment-7637\" loading=\"lazy\" class=\"wp-image-7637 size-full\" src=\"https:\/\/nyanpereira.fr\/dessinateur\/wp-content\/uploads\/2020\/01\/16.photomontage.alimantaire.food_.photographe.freelance.publicite.nice_.cote_.azur9_.jpg\" alt=\"Photomontage packshot illustration alimantaire food photographer\" width=\"650\" height=\"945\" \/><p id=\"caption-attachment-7637\" class=\"wp-caption-text\">Exemple : Packaging illustration Alimentaire<\/p><\/div>\n<div id=\"attachment_7802\" style=\"width: 660px\" class=\"wp-caption aligncenter\"><img aria-describedby=\"caption-attachment-7802\" loading=\"lazy\" class=\"wp-image-7802 size-full\" src=\"https:\/\/nyanpereira.fr\/dessinateur\/wp-content\/uploads\/2020\/01\/Photographe.studio.publiciter.campagne.communication33.jpg\" alt=\"packshot Photographe PUB\" width=\"650\" height=\"945\" \/><p id=\"caption-attachment-7802\" class=\"wp-caption-text\">Exemple : Packshot format HD en situation<\/p><\/div>\n<div id=\"attachment_8875\" style=\"width: 542px\" class=\"wp-caption aligncenter\"><img aria-describedby=\"caption-attachment-8875\" loading=\"lazy\" class=\"wp-image-8875 size-full\" src=\"https:\/\/nyanpereira.fr\/dessinateur\/wp-content\/uploads\/2014\/03\/reva.pub_.ete_.vin_.rose_.pink_.wine_.png\" alt=\"Packshot Photos Vins et Spiritueux\" width=\"532\" height=\"718\" \/><p id=\"caption-attachment-8875\" class=\"wp-caption-text\">Ch\u00e2teau Reva \/ Packshot Photos Vins et Spiritueux \/ Provence sa Cote d&rsquo;Azur<\/p><\/div>\n<p><img loading=\"lazy\" class=\"aligncenter wp-image-8874 size-full\" src=\"https:\/\/nyanpereira.fr\/dessinateur\/wp-content\/uploads\/2014\/03\/5.home_.chateau.vins_.Rose_.wine_.Concerto.2017.cote_.de_.provence.png\" alt=\"illustration alimantaie\" width=\"393\" height=\"626\" \/><img loading=\"lazy\" class=\"aligncenter wp-image-7646 size-full\" src=\"https:\/\/nyanpereira.fr\/dessinateur\/wp-content\/uploads\/2020\/01\/16.photomontage.pub_.photographe.freelance.publicite.nice_.cote_.azur2_.jpg\" alt=\"illustration Alimentaire concepte photo manipulation sur\u00e9aliste\" width=\"650\" height=\"945\" \/><\/p>\n<p style=\"text-align: center;\"><em><span style=\"color: #999999;\">\u00a0<\/span><\/em><\/p>\n<p>&nbsp;<\/p>\n","protected":false},"excerpt":{"rendered":"","protected":false},"author":1,"featured_media":8867,"comment_status":"closed","ping_status":"closed","sticky":false,"template":"","format":"image","meta":[],"categories":[67,60],"tags":[251,126,144,110,64,137,392],"yoast_head":"<!-- This site is optimized with the Yoast SEO plugin v17.9 - https:\/\/yoast.com\/wordpress\/plugins\/seo\/ -->\n<title>Packaging &amp; Packshot - Cr\u00e9ation d&#039;illustration Alimentaire ULTRA r\u00e9aliste<\/title>\n<meta name=\"description\" content=\"ILLUSTRATION ALIMENTAIRE ultra r\u00e9aliste pour packshot &amp; packaging. Optimisez votre image avec une photographie alimentaire de qualit\u00e9 et un photographe ...\" \/>\n<meta name=\"robots\" content=\"index, follow, max-snippet:-1, max-image-preview:large, max-video-preview:-1\" \/>\n<link rel=\"canonical\" href=\"https:\/\/nyanpereira.fr\/dessinateur\/illustration-photographie-alimentaire\/\" \/>\n<meta property=\"og:locale\" content=\"fr_FR\" \/>\n<meta property=\"og:type\" content=\"article\" \/>\n<meta property=\"og:title\" content=\"Packaging &amp; Packshot - Cr\u00e9ation d&#039;illustration Alimentaire ULTRA r\u00e9aliste\" \/>\n<meta property=\"og:description\" content=\"ILLUSTRATION ALIMENTAIRE ultra r\u00e9aliste pour packshot &amp; packaging. Optimisez votre image avec une photographie alimentaire de qualit\u00e9 et un photographe ...\" \/>\n<meta property=\"og:url\" content=\"https:\/\/nyanpereira.fr\/dessinateur\/illustration-photographie-alimentaire\/\" \/>\n<meta property=\"og:site_name\" content=\"Service Cr\u00e9atif &amp; Pr\u00e9sentation Artistique\" \/>\n<meta property=\"article:published_time\" content=\"2014-03-10T06:36:50+00:00\" \/>\n<meta property=\"article:modified_time\" content=\"2020-06-05T12:42:09+00:00\" \/>\n<meta property=\"og:image\" content=\"https:\/\/nyanpereira.fr\/dessinateur\/wp-content\/uploads\/2014\/03\/ILLUSTRAION.Photo_.Alimantaire.yaourt.packshot.jpg\" \/>\n\t<meta property=\"og:image:width\" content=\"400\" \/>\n\t<meta property=\"og:image:height\" content=\"222\" \/>\n\t<meta property=\"og:image:type\" content=\"image\/jpeg\" \/>\n<meta name=\"twitter:card\" content=\"summary_large_image\" \/>\n<meta name=\"twitter:label1\" content=\"\u00c9crit par\" \/>\n\t<meta name=\"twitter:data1\" content=\"dessinateur\" \/>\n\t<meta name=\"twitter:label2\" content=\"Dur\u00e9e de lecture estim\u00e9e\" \/>\n\t<meta name=\"twitter:data2\" content=\"1 minute\" \/>\n<script type=\"application\/ld+json\" class=\"yoast-schema-graph\">{\"@context\":\"https:\/\/schema.org\",\"@graph\":[{\"@type\":\"Organization\",\"@id\":\"https:\/\/nyanpereira.fr\/dessinateur\/#organization\",\"name\":\"storyboarder Freelance\",\"url\":\"https:\/\/nyanpereira.fr\/dessinateur\/\",\"sameAs\":[],\"logo\":{\"@type\":\"ImageObject\",\"@id\":\"https:\/\/nyanpereira.fr\/dessinateur\/#logo\",\"inLanguage\":\"fr-FR\",\"url\":\"\",\"contentUrl\":\"\",\"caption\":\"storyboarder Freelance\"},\"image\":{\"@id\":\"https:\/\/nyanpereira.fr\/dessinateur\/#logo\"}},{\"@type\":\"WebSite\",\"@id\":\"https:\/\/nyanpereira.fr\/dessinateur\/#website\",\"url\":\"https:\/\/nyanpereira.fr\/dessinateur\/\",\"name\":\"Service Cr\\u00e9atif &amp; Pr\\u00e9sentation Artistique\",\"description\":\"Roughs, Storyboard, Antimatic &amp; Photomontage\",\"publisher\":{\"@id\":\"https:\/\/nyanpereira.fr\/dessinateur\/#organization\"},\"potentialAction\":[{\"@type\":\"SearchAction\",\"target\":{\"@type\":\"EntryPoint\",\"urlTemplate\":\"https:\/\/nyanpereira.fr\/dessinateur\/?s={search_term_string}\"},\"query-input\":\"required name=search_term_string\"}],\"inLanguage\":\"fr-FR\"},{\"@type\":\"ImageObject\",\"@id\":\"https:\/\/nyanpereira.fr\/dessinateur\/illustration-photographie-alimentaire\/#primaryimage\",\"inLanguage\":\"fr-FR\",\"url\":\"https:\/\/nyanpereira.fr\/dessinateur\/wp-content\/uploads\/2014\/03\/ILLUSTRAION.Photo_.Alimantaire.yaourt.packshot.jpg\",\"contentUrl\":\"https:\/\/nyanpereira.fr\/dessinateur\/wp-content\/uploads\/2014\/03\/ILLUSTRAION.Photo_.Alimantaire.yaourt.packshot.jpg\",\"width\":400,\"height\":222,\"caption\":\"ILLUSTRAION Photo Alimantaire yaourt packshot\"},{\"@type\":\"WebPage\",\"@id\":\"https:\/\/nyanpereira.fr\/dessinateur\/illustration-photographie-alimentaire\/#webpage\",\"url\":\"https:\/\/nyanpereira.fr\/dessinateur\/illustration-photographie-alimentaire\/\",\"name\":\"Packaging & Packshot - Cr\\u00e9ation d'illustration Alimentaire ULTRA r\\u00e9aliste\",\"isPartOf\":{\"@id\":\"https:\/\/nyanpereira.fr\/dessinateur\/#website\"},\"primaryImageOfPage\":{\"@id\":\"https:\/\/nyanpereira.fr\/dessinateur\/illustration-photographie-alimentaire\/#primaryimage\"},\"datePublished\":\"2014-03-10T06:36:50+00:00\",\"dateModified\":\"2020-06-05T12:42:09+00:00\",\"description\":\"ILLUSTRATION ALIMENTAIRE ultra r\\u00e9aliste pour packshot & packaging. Optimisez votre image avec une photographie alimentaire de qualit\\u00e9 et un photographe ...\",\"breadcrumb\":{\"@id\":\"https:\/\/nyanpereira.fr\/dessinateur\/illustration-photographie-alimentaire\/#breadcrumb\"},\"inLanguage\":\"fr-FR\",\"potentialAction\":[{\"@type\":\"ReadAction\",\"target\":[\"https:\/\/nyanpereira.fr\/dessinateur\/illustration-photographie-alimentaire\/\"]}]},{\"@type\":\"BreadcrumbList\",\"@id\":\"https:\/\/nyanpereira.fr\/dessinateur\/illustration-photographie-alimentaire\/#breadcrumb\",\"itemListElement\":[{\"@type\":\"ListItem\",\"position\":1,\"name\":\"Accueil\",\"item\":\"https:\/\/nyanpereira.fr\/dessinateur\/\"},{\"@type\":\"ListItem\",\"position\":2,\"name\":\"Packaging illustration Alimentaire\"}]},{\"@type\":\"Article\",\"@id\":\"https:\/\/nyanpereira.fr\/dessinateur\/illustration-photographie-alimentaire\/#article\",\"isPartOf\":{\"@id\":\"https:\/\/nyanpereira.fr\/dessinateur\/illustration-photographie-alimentaire\/#webpage\"},\"author\":{\"@id\":\"https:\/\/nyanpereira.fr\/dessinateur\/#\/schema\/person\/d771f144e8b1bdf8b790b02ba31f71d2\"},\"headline\":\"Packaging illustration Alimentaire\",\"datePublished\":\"2014-03-10T06:36:50+00:00\",\"dateModified\":\"2020-06-05T12:42:09+00:00\",\"mainEntityOfPage\":{\"@id\":\"https:\/\/nyanpereira.fr\/dessinateur\/illustration-photographie-alimentaire\/#webpage\"},\"wordCount\":286,\"publisher\":{\"@id\":\"https:\/\/nyanpereira.fr\/dessinateur\/#organization\"},\"image\":{\"@id\":\"https:\/\/nyanpereira.fr\/dessinateur\/illustration-photographie-alimentaire\/#primaryimage\"},\"thumbnailUrl\":\"https:\/\/nyanpereira.fr\/dessinateur\/wp-content\/uploads\/2014\/03\/ILLUSTRAION.Photo_.Alimantaire.yaourt.packshot.jpg\",\"keywords\":[\"#Publicit\\u00e9Marketing\",\"Designer &amp; illustrateur Nice Freelance\",\"Designer &amp; Packaging PACA\",\"Illustrateur Photographe PACA-VAR\",\"Illustration photo &amp; PhotoMontage paris \\u00eele-de-france\",\"Photographie Alimentaire\",\"PUB \/ Retoucheur photo freelance \\u00e0 PARIS\"],\"articleSection\":[\"Photo Retouche &amp; Retoucheur freelance\",\"PhotoMontage &amp; Publicit\\u00e9\"],\"inLanguage\":\"fr-FR\"},{\"@type\":\"Person\",\"@id\":\"https:\/\/nyanpereira.fr\/dessinateur\/#\/schema\/person\/d771f144e8b1bdf8b790b02ba31f71d2\",\"name\":\"dessinateur\",\"image\":{\"@type\":\"ImageObject\",\"@id\":\"https:\/\/nyanpereira.fr\/dessinateur\/#personlogo\",\"inLanguage\":\"fr-FR\",\"url\":\"https:\/\/secure.gravatar.com\/avatar\/acd3615833cd4e0b23d9f45973008c34?s=96&d=mm&r=g\",\"contentUrl\":\"https:\/\/secure.gravatar.com\/avatar\/acd3615833cd4e0b23d9f45973008c34?s=96&d=mm&r=g\",\"caption\":\"dessinateur\"},\"url\":\"https:\/\/nyanpereira.fr\/dessinateur\/author\/dessinateur\/\"}]}<\/script>\n<!-- \/ Yoast SEO plugin. -->","yoast_head_json":{"title":"Packaging & Packshot - Cr\u00e9ation d'illustration Alimentaire ULTRA r\u00e9aliste","description":"ILLUSTRATION ALIMENTAIRE ultra r\u00e9aliste pour packshot & packaging. Optimisez votre image avec une photographie alimentaire de qualit\u00e9 et un photographe ...","robots":{"index":"index","follow":"follow","max-snippet":"max-snippet:-1","max-image-preview":"max-image-preview:large","max-video-preview":"max-video-preview:-1"},"canonical":"https:\/\/nyanpereira.fr\/dessinateur\/illustration-photographie-alimentaire\/","og_locale":"fr_FR","og_type":"article","og_title":"Packaging & Packshot - Cr\u00e9ation d'illustration Alimentaire ULTRA r\u00e9aliste","og_description":"ILLUSTRATION ALIMENTAIRE ultra r\u00e9aliste pour packshot & packaging. Optimisez votre image avec une photographie alimentaire de qualit\u00e9 et un photographe ...","og_url":"https:\/\/nyanpereira.fr\/dessinateur\/illustration-photographie-alimentaire\/","og_site_name":"Service Cr\u00e9atif &amp; Pr\u00e9sentation Artistique","article_published_time":"2014-03-10T06:36:50+00:00","article_modified_time":"2020-06-05T12:42:09+00:00","og_image":[{"width":400,"height":222,"url":"https:\/\/nyanpereira.fr\/dessinateur\/wp-content\/uploads\/2014\/03\/ILLUSTRAION.Photo_.Alimantaire.yaourt.packshot.jpg","type":"image\/jpeg"}],"twitter_card":"summary_large_image","twitter_misc":{"\u00c9crit par":"dessinateur","Dur\u00e9e de lecture estim\u00e9e":"1 minute"},"schema":{"@context":"https:\/\/schema.org","@graph":[{"@type":"Organization","@id":"https:\/\/nyanpereira.fr\/dessinateur\/#organization","name":"storyboarder Freelance","url":"https:\/\/nyanpereira.fr\/dessinateur\/","sameAs":[],"logo":{"@type":"ImageObject","@id":"https:\/\/nyanpereira.fr\/dessinateur\/#logo","inLanguage":"fr-FR","url":"","contentUrl":"","caption":"storyboarder Freelance"},"image":{"@id":"https:\/\/nyanpereira.fr\/dessinateur\/#logo"}},{"@type":"WebSite","@id":"https:\/\/nyanpereira.fr\/dessinateur\/#website","url":"https:\/\/nyanpereira.fr\/dessinateur\/","name":"Service Cr\u00e9atif &amp; Pr\u00e9sentation Artistique","description":"Roughs, Storyboard, Antimatic &amp; Photomontage","publisher":{"@id":"https:\/\/nyanpereira.fr\/dessinateur\/#organization"},"potentialAction":[{"@type":"SearchAction","target":{"@type":"EntryPoint","urlTemplate":"https:\/\/nyanpereira.fr\/dessinateur\/?s={search_term_string}"},"query-input":"required name=search_term_string"}],"inLanguage":"fr-FR"},{"@type":"ImageObject","@id":"https:\/\/nyanpereira.fr\/dessinateur\/illustration-photographie-alimentaire\/#primaryimage","inLanguage":"fr-FR","url":"https:\/\/nyanpereira.fr\/dessinateur\/wp-content\/uploads\/2014\/03\/ILLUSTRAION.Photo_.Alimantaire.yaourt.packshot.jpg","contentUrl":"https:\/\/nyanpereira.fr\/dessinateur\/wp-content\/uploads\/2014\/03\/ILLUSTRAION.Photo_.Alimantaire.yaourt.packshot.jpg","width":400,"height":222,"caption":"ILLUSTRAION Photo Alimantaire yaourt packshot"},{"@type":"WebPage","@id":"https:\/\/nyanpereira.fr\/dessinateur\/illustration-photographie-alimentaire\/#webpage","url":"https:\/\/nyanpereira.fr\/dessinateur\/illustration-photographie-alimentaire\/","name":"Packaging & Packshot - Cr\u00e9ation d'illustration Alimentaire ULTRA r\u00e9aliste","isPartOf":{"@id":"https:\/\/nyanpereira.fr\/dessinateur\/#website"},"primaryImageOfPage":{"@id":"https:\/\/nyanpereira.fr\/dessinateur\/illustration-photographie-alimentaire\/#primaryimage"},"datePublished":"2014-03-10T06:36:50+00:00","dateModified":"2020-06-05T12:42:09+00:00","description":"ILLUSTRATION ALIMENTAIRE ultra r\u00e9aliste pour packshot & packaging. Optimisez votre image avec une photographie alimentaire de qualit\u00e9 et un photographe ...","breadcrumb":{"@id":"https:\/\/nyanpereira.fr\/dessinateur\/illustration-photographie-alimentaire\/#breadcrumb"},"inLanguage":"fr-FR","potentialAction":[{"@type":"ReadAction","target":["https:\/\/nyanpereira.fr\/dessinateur\/illustration-photographie-alimentaire\/"]}]},{"@type":"BreadcrumbList","@id":"https:\/\/nyanpereira.fr\/dessinateur\/illustration-photographie-alimentaire\/#breadcrumb","itemListElement":[{"@type":"ListItem","position":1,"name":"Accueil","item":"https:\/\/nyanpereira.fr\/dessinateur\/"},{"@type":"ListItem","position":2,"name":"Packaging illustration Alimentaire"}]},{"@type":"Article","@id":"https:\/\/nyanpereira.fr\/dessinateur\/illustration-photographie-alimentaire\/#article","isPartOf":{"@id":"https:\/\/nyanpereira.fr\/dessinateur\/illustration-photographie-alimentaire\/#webpage"},"author":{"@id":"https:\/\/nyanpereira.fr\/dessinateur\/#\/schema\/person\/d771f144e8b1bdf8b790b02ba31f71d2"},"headline":"Packaging illustration Alimentaire","datePublished":"2014-03-10T06:36:50+00:00","dateModified":"2020-06-05T12:42:09+00:00","mainEntityOfPage":{"@id":"https:\/\/nyanpereira.fr\/dessinateur\/illustration-photographie-alimentaire\/#webpage"},"wordCount":286,"publisher":{"@id":"https:\/\/nyanpereira.fr\/dessinateur\/#organization"},"image":{"@id":"https:\/\/nyanpereira.fr\/dessinateur\/illustration-photographie-alimentaire\/#primaryimage"},"thumbnailUrl":"https:\/\/nyanpereira.fr\/dessinateur\/wp-content\/uploads\/2014\/03\/ILLUSTRAION.Photo_.Alimantaire.yaourt.packshot.jpg","keywords":["#Publicit\u00e9Marketing","Designer &amp; illustrateur Nice Freelance","Designer &amp; Packaging PACA","Illustrateur Photographe PACA-VAR","Illustration photo &amp; PhotoMontage paris \u00eele-de-france","Photographie Alimentaire","PUB \/ Retoucheur photo freelance \u00e0 PARIS"],"articleSection":["Photo Retouche &amp; Retoucheur freelance","PhotoMontage &amp; Publicit\u00e9"],"inLanguage":"fr-FR"},{"@type":"Person","@id":"https:\/\/nyanpereira.fr\/dessinateur\/#\/schema\/person\/d771f144e8b1bdf8b790b02ba31f71d2","name":"dessinateur","image":{"@type":"ImageObject","@id":"https:\/\/nyanpereira.fr\/dessinateur\/#personlogo","inLanguage":"fr-FR","url":"https:\/\/secure.gravatar.com\/avatar\/acd3615833cd4e0b23d9f45973008c34?s=96&d=mm&r=g","contentUrl":"https:\/\/secure.gravatar.com\/avatar\/acd3615833cd4e0b23d9f45973008c34?s=96&d=mm&r=g","caption":"dessinateur"},"url":"https:\/\/nyanpereira.fr\/dessinateur\/author\/dessinateur\/"}]}},"_links":{"self":[{"href":"https:\/\/nyanpereira.fr\/dessinateur\/wp-json\/wp\/v2\/posts\/2229"}],"collection":[{"href":"https:\/\/nyanpereira.fr\/dessinateur\/wp-json\/wp\/v2\/posts"}],"about":[{"href":"https:\/\/nyanpereira.fr\/dessinateur\/wp-json\/wp\/v2\/types\/post"}],"author":[{"embeddable":true,"href":"https:\/\/nyanpereira.fr\/dessinateur\/wp-json\/wp\/v2\/users\/1"}],"replies":[{"embeddable":true,"href":"https:\/\/nyanpereira.fr\/dessinateur\/wp-json\/wp\/v2\/comments?post=2229"}],"version-history":[{"count":66,"href":"https:\/\/nyanpereira.fr\/dessinateur\/wp-json\/wp\/v2\/posts\/2229\/revisions"}],"predecessor-version":[{"id":8914,"href":"https:\/\/nyanpereira.fr\/dessinateur\/wp-json\/wp\/v2\/posts\/2229\/revisions\/8914"}],"wp:featuredmedia":[{"embeddable":true,"href":"https:\/\/nyanpereira.fr\/dessinateur\/wp-json\/wp\/v2\/media\/8867"}],"wp:attachment":[{"href":"https:\/\/nyanpereira.fr\/dessinateur\/wp-json\/wp\/v2\/media?parent=2229"}],"wp:term":[{"taxonomy":"category","embeddable":true,"href":"https:\/\/nyanpereira.fr\/dessinateur\/wp-json\/wp\/v2\/categories?post=2229"},{"taxonomy":"post_tag","embeddable":true,"href":"https:\/\/nyanpereira.fr\/dessinateur\/wp-json\/wp\/v2\/tags?post=2229"}],"curies":[{"name":"wp","href":"https:\/\/api.w.org\/{rel}","templated":true}]}}