{"id":1888,"date":"2014-01-07T09:30:05","date_gmt":"2014-01-07T08:30:05","guid":{"rendered":"http:\/\/nyanpereira.fr\/dessinateur\/?p=1888"},"modified":"2020-06-04T11:53:08","modified_gmt":"2020-06-04T10:53:08","slug":"decoration-vitrine-peinte-a-la-main","status":"publish","type":"post","link":"https:\/\/nyanpereira.fr\/dessinateur\/decoration-vitrine-peinte-a-la-main\/","title":{"rendered":"Vitrine original pour No\u00ebl"},"content":{"rendered":"<div class=\"video-container\"><iframe title=\"YouTube video player\" width=\"560\" height=\"315\" src=\"https:\/\/www.youtube.com\/embed\/e1udtVZTtLw?theme=dark&rel=0&wmode=transparent\" frameborder=\"0\" allowfullscreen><\/iframe><\/div>\n<h2>Photo &amp; vid\u00e9o d&rsquo;une d\u00e9coration de <span style=\"color: #663399;\">Vitrine original pour No\u00ebl<\/span><\/h2>\n<p>G\u00e9rants de Boulangerie<span style=\"color: #808080;\"><em>, <\/em><span style=\"color: #000000;\">Directeur d\u2019Intermarch\u00e9, Directrice d&rsquo;Hyper-U, Municipalit\u00e9 ou Association de commer\u00e7ant !\u00a0 Tous <\/span><\/span>ont fait appel aux services de peintres sur verre pour d\u00e9corer les vitrines de No\u00ebl leurs \u00e9tablissements.<\/p>\n<div><strong>L\u2019\u00e9ph\u00e9m\u00e8re et l\u2019impr\u00e9vu pour vous surprendre et vous d\u00e9router les passants du quotidien.<\/strong><\/div>\n<p><strong>Art \u00e9ph\u00e9m\u00e8re ou vitrine original pour No\u00ebl ? D\u00e9couvrez les coulisses de ces \u0153uvres artistique.<br \/>\n<\/strong>Pourquoi Art \u00c9ph\u00e9m\u00e8re, \u00a0\u00bb me direz-vous ?\u00a0\u00bb \u00a0Tout comme moi, vous savez que l\u2019art, en ville est permanent, les statuts, les enseigne de magasin, les monuments\u2026 Ils demeurent sous nos yeux et deviennent invisible. Nos peintures quant \u00e0 elle, sont provisoires et d\u00e9tournent l\u2019attention des passants. Aucune \u00e9ternit\u00e9, seules la couleur et ses nuances comme accroche. Ainsi nous r\u00e9alisons des animations de rue retenant le regard des passants qui ne s\u2019arr\u00eatent plus. Tandis que devant une vitrine peinte surprenante et inattendue ce m\u00eame passant curieux et intrigu\u00e9, retiendra votre pr\u00e9sence. Nos <a href=\"http:\/\/vitrinepeinte.com\/peinture-decoration-vitrine-magasin\/idee-deco-saison-hiver-noel-univer-magic\/\">peintures<\/a> sont des invitations sans cesse renouvel\u00e9es.<\/p>\n<h3>Sp\u00e9cialiste dans la peinture sur vitre, nous travaillons tout l&rsquo;hiver pour mettre en couleur vos devantures de magasins.<\/h3>\n<p><img loading=\"lazy\" class=\"aligncenter wp-image-8842 size-full\" src=\"https:\/\/nyanpereira.fr\/dessinateur\/wp-content\/uploads\/2014\/01\/146-idees.deco_.Vitrine.boulangerie.peinture.Noel_.nice_.france.jpg.jpg\" alt=\"Vitrine original pour No\u00ebl peinture sur vitre\" width=\"800\" height=\"458\" \/>\u00a0 <img loading=\"lazy\" class=\"aligncenter wp-image-8840 size-full\" src=\"https:\/\/nyanpereira.fr\/dessinateur\/wp-content\/uploads\/2014\/01\/142-idees.deco_.Vitrine.boulangerie.peinture.Noel_.nice_.france.jpg\" alt=\"boulangerie Vitrine original pour No\u00ebl peinture sur vitre\" width=\"800\" height=\"458\" \/>\u00a0 <img loading=\"lazy\" class=\"aligncenter wp-image-8841 size-full\" src=\"https:\/\/nyanpereira.fr\/dessinateur\/wp-content\/uploads\/2014\/01\/145-idees.deco_.Vitrine.boulangerie.peinture.Noel_.nice_.france.jpg.jpg\" alt=\"boulangerie Vitrine original pour No\u00ebl\" width=\"800\" height=\"458\" \/>\u00a0 <img loading=\"lazy\" class=\"aligncenter wp-image-8843 size-full\" src=\"https:\/\/nyanpereira.fr\/dessinateur\/wp-content\/uploads\/2014\/01\/148-idees.deco_.Vitrine.boulangerie.peinture.Noel_.nice_.france.macaron.chocolat.jpg\" alt=\"boulangerie Vitrine original pour No\u00ebl\" width=\"800\" height=\"458\" \/><\/p>\n<p style=\"text-align: center;\"><div class=\"video-container\"><iframe title=\"YouTube video player\" width=\"560\" height=\"315\" src=\"https:\/\/www.youtube.com\/embed\/FKaRkR_mWnc?theme=dark&rel=0&wmode=transparent\" frameborder=\"0\" allowfullscreen><\/iframe><\/div><\/p>\n<p><img loading=\"lazy\" class=\"size-full wp-image-4441 aligncenter\" src=\"https:\/\/nyanpereira.fr\/dessinateur\/wp-content\/uploads\/2014\/03\/8.vitrine.peinte.noel_.png\" alt=\"\" width=\"1024\" height=\"722\" \/><img loading=\"lazy\" class=\"aligncenter wp-image-5360 size-full\" src=\"https:\/\/nyanpereira.fr\/dessinateur\/wp-content\/uploads\/2018\/10\/05-Vitrine.peinture.service.decoration.originale-noel.jpg\" alt=\"deco vitrine No\u00ebl originale boulangerie performance artistique\" width=\"800\" height=\"800\" \/>\u00a0 <img loading=\"lazy\" class=\"alignnone wp-image-5361 size-full\" src=\"https:\/\/nyanpereira.fr\/dessinateur\/wp-content\/uploads\/2018\/10\/18-Vitrine.peinture.service.decoration.originale.pere-noel.jpg\" alt=\"deco vitrine No\u00ebl originale boulangerie performance artistique\" width=\"1200\" height=\"1200\" \/> <img loading=\"lazy\" class=\"aligncenter wp-image-5362 size-full\" src=\"https:\/\/nyanpereira.fr\/dessinateur\/wp-content\/uploads\/2018\/10\/17-Vitrine.peinture.service.decoration.originale.pere-noel.jpg\" alt=\"deco vitrine No\u00ebl originale boulangerie performance artistique\" width=\"800\" height=\"800\" \/><\/p>\n<p><span style=\"color: #888888;\"><strong>Type op\u00e9rations :\u00a0 <\/strong>No\u00ebl, \u00e9t\u00e9 P\u00e2ques, automne, halloween, Nouvelle Ann\u00e9e, St-Valantin, Soldes, Ouverture, Anniversaire\u2026 <\/span><span style=\"color: #888888;\">Nous sommes ouvert \u00e0 toutes autres op\u00e9rations ou performances artistiques <\/span><span style=\"color: #888888;\">.<\/span><\/p>\n","protected":false},"excerpt":{"rendered":"","protected":false},"author":1,"featured_media":8841,"comment_status":"closed","ping_status":"closed","sticky":false,"template":"","format":"video","meta":[],"categories":[80],"tags":[277,270,266,81,95,71,267],"yoast_head":"<!-- This site is optimized with the Yoast SEO plugin v17.9 - https:\/\/yoast.com\/wordpress\/plugins\/seo\/ -->\n<title>Vitrine original pour No\u00ebl \/\/ Inspiration &amp; D\u00e9coration artistique de Magasin<\/title>\n<meta name=\"description\" content=\"Photos et vid\u00e9o de d\u00e9corations magasin et Vitrine original pour No\u00ebl. Entreprise de d\u00e9coration sp\u00e9cialist\u00e9e dans la peinture sur vitre et vitrine de No\u00ebl !\" \/>\n<meta name=\"robots\" content=\"index, follow, max-snippet:-1, max-image-preview:large, max-video-preview:-1\" \/>\n<link rel=\"canonical\" href=\"https:\/\/nyanpereira.fr\/dessinateur\/decoration-vitrine-peinte-a-la-main\/\" \/>\n<meta property=\"og:locale\" content=\"fr_FR\" \/>\n<meta property=\"og:type\" content=\"article\" \/>\n<meta property=\"og:title\" content=\"Vitrine original pour No\u00ebl \/\/ Inspiration &amp; D\u00e9coration artistique de Magasin\" \/>\n<meta property=\"og:description\" content=\"Photos et vid\u00e9o de d\u00e9corations magasin et Vitrine original pour No\u00ebl. Entreprise de d\u00e9coration sp\u00e9cialist\u00e9e dans la peinture sur vitre et vitrine de No\u00ebl !\" \/>\n<meta property=\"og:url\" content=\"https:\/\/nyanpereira.fr\/dessinateur\/decoration-vitrine-peinte-a-la-main\/\" \/>\n<meta property=\"og:site_name\" content=\"Service Cr\u00e9atif &amp; Pr\u00e9sentation Artistique\" \/>\n<meta property=\"article:published_time\" content=\"2014-01-07T08:30:05+00:00\" \/>\n<meta property=\"article:modified_time\" content=\"2020-06-04T10:53:08+00:00\" \/>\n<meta property=\"og:image\" content=\"https:\/\/nyanpereira.fr\/dessinateur\/wp-content\/uploads\/2014\/01\/145-idees.deco_.Vitrine.boulangerie.peinture.Noel_.nice_.france.jpg.jpg\" \/>\n\t<meta property=\"og:image:width\" content=\"800\" \/>\n\t<meta property=\"og:image:height\" content=\"458\" \/>\n\t<meta property=\"og:image:type\" content=\"image\/jpeg\" \/>\n<meta name=\"twitter:card\" content=\"summary_large_image\" \/>\n<meta name=\"twitter:label1\" content=\"\u00c9crit par\" \/>\n\t<meta name=\"twitter:data1\" content=\"dessinateur\" \/>\n\t<meta name=\"twitter:label2\" content=\"Dur\u00e9e de lecture estim\u00e9e\" \/>\n\t<meta name=\"twitter:data2\" content=\"1 minute\" \/>\n<script type=\"application\/ld+json\" class=\"yoast-schema-graph\">{\"@context\":\"https:\/\/schema.org\",\"@graph\":[{\"@type\":\"Organization\",\"@id\":\"https:\/\/nyanpereira.fr\/dessinateur\/#organization\",\"name\":\"storyboarder Freelance\",\"url\":\"https:\/\/nyanpereira.fr\/dessinateur\/\",\"sameAs\":[],\"logo\":{\"@type\":\"ImageObject\",\"@id\":\"https:\/\/nyanpereira.fr\/dessinateur\/#logo\",\"inLanguage\":\"fr-FR\",\"url\":\"\",\"contentUrl\":\"\",\"caption\":\"storyboarder Freelance\"},\"image\":{\"@id\":\"https:\/\/nyanpereira.fr\/dessinateur\/#logo\"}},{\"@type\":\"WebSite\",\"@id\":\"https:\/\/nyanpereira.fr\/dessinateur\/#website\",\"url\":\"https:\/\/nyanpereira.fr\/dessinateur\/\",\"name\":\"Service Cr\\u00e9atif &amp; Pr\\u00e9sentation Artistique\",\"description\":\"Roughs, Storyboard, Antimatic &amp; Photomontage\",\"publisher\":{\"@id\":\"https:\/\/nyanpereira.fr\/dessinateur\/#organization\"},\"potentialAction\":[{\"@type\":\"SearchAction\",\"target\":{\"@type\":\"EntryPoint\",\"urlTemplate\":\"https:\/\/nyanpereira.fr\/dessinateur\/?s={search_term_string}\"},\"query-input\":\"required name=search_term_string\"}],\"inLanguage\":\"fr-FR\"},{\"@type\":\"ImageObject\",\"@id\":\"https:\/\/nyanpereira.fr\/dessinateur\/decoration-vitrine-peinte-a-la-main\/#primaryimage\",\"inLanguage\":\"fr-FR\",\"url\":\"https:\/\/nyanpereira.fr\/dessinateur\/wp-content\/uploads\/2014\/01\/145-idees.deco_.Vitrine.boulangerie.peinture.Noel_.nice_.france.jpg.jpg\",\"contentUrl\":\"https:\/\/nyanpereira.fr\/dessinateur\/wp-content\/uploads\/2014\/01\/145-idees.deco_.Vitrine.boulangerie.peinture.Noel_.nice_.france.jpg.jpg\",\"width\":800,\"height\":458,\"caption\":\"boulangerie Vitrine original pour No\\u00ebl\"},{\"@type\":\"WebPage\",\"@id\":\"https:\/\/nyanpereira.fr\/dessinateur\/decoration-vitrine-peinte-a-la-main\/#webpage\",\"url\":\"https:\/\/nyanpereira.fr\/dessinateur\/decoration-vitrine-peinte-a-la-main\/\",\"name\":\"Vitrine original pour No\\u00ebl \/\/ Inspiration & D\\u00e9coration artistique de Magasin\",\"isPartOf\":{\"@id\":\"https:\/\/nyanpereira.fr\/dessinateur\/#website\"},\"primaryImageOfPage\":{\"@id\":\"https:\/\/nyanpereira.fr\/dessinateur\/decoration-vitrine-peinte-a-la-main\/#primaryimage\"},\"datePublished\":\"2014-01-07T08:30:05+00:00\",\"dateModified\":\"2020-06-04T10:53:08+00:00\",\"description\":\"Photos et vid\\u00e9o de d\\u00e9corations magasin et Vitrine original pour No\\u00ebl. Entreprise de d\\u00e9coration sp\\u00e9cialist\\u00e9e dans la peinture sur vitre et vitrine de No\\u00ebl !\",\"breadcrumb\":{\"@id\":\"https:\/\/nyanpereira.fr\/dessinateur\/decoration-vitrine-peinte-a-la-main\/#breadcrumb\"},\"inLanguage\":\"fr-FR\",\"potentialAction\":[{\"@type\":\"ReadAction\",\"target\":[\"https:\/\/nyanpereira.fr\/dessinateur\/decoration-vitrine-peinte-a-la-main\/\"]}]},{\"@type\":\"BreadcrumbList\",\"@id\":\"https:\/\/nyanpereira.fr\/dessinateur\/decoration-vitrine-peinte-a-la-main\/#breadcrumb\",\"itemListElement\":[{\"@type\":\"ListItem\",\"position\":1,\"name\":\"Accueil\",\"item\":\"https:\/\/nyanpereira.fr\/dessinateur\/\"},{\"@type\":\"ListItem\",\"position\":2,\"name\":\"Vitrine original pour No\\u00ebl\"}]},{\"@type\":\"Article\",\"@id\":\"https:\/\/nyanpereira.fr\/dessinateur\/decoration-vitrine-peinte-a-la-main\/#article\",\"isPartOf\":{\"@id\":\"https:\/\/nyanpereira.fr\/dessinateur\/decoration-vitrine-peinte-a-la-main\/#webpage\"},\"author\":{\"@id\":\"https:\/\/nyanpereira.fr\/dessinateur\/#\/schema\/person\/d771f144e8b1bdf8b790b02ba31f71d2\"},\"headline\":\"Vitrine original pour No\\u00ebl\",\"datePublished\":\"2014-01-07T08:30:05+00:00\",\"dateModified\":\"2020-06-04T10:53:08+00:00\",\"mainEntityOfPage\":{\"@id\":\"https:\/\/nyanpereira.fr\/dessinateur\/decoration-vitrine-peinte-a-la-main\/#webpage\"},\"wordCount\":258,\"publisher\":{\"@id\":\"https:\/\/nyanpereira.fr\/dessinateur\/#organization\"},\"image\":{\"@id\":\"https:\/\/nyanpereira.fr\/dessinateur\/decoration-vitrine-peinte-a-la-main\/#primaryimage\"},\"thumbnailUrl\":\"https:\/\/nyanpereira.fr\/dessinateur\/wp-content\/uploads\/2014\/01\/145-idees.deco_.Vitrine.boulangerie.peinture.Noel_.nice_.france.jpg.jpg\",\"keywords\":[\"#decorationhiver\",\"#vitrinenoelpeinture\",\"d\\u00e9coration vitrine saisonni\\u00e8re originale\",\"Id\\u00e9es D\\u00e9cos Magasin Peintes\",\"Peintre \/ D\\u00e9coration Vitrines magasin-Var(83)\",\"Peinture sur vitrine magasin-VAR-83\",\"Vitrines Magasins originales\"],\"articleSection\":[\"Peinture sur Vitrine Magasin\"],\"inLanguage\":\"fr-FR\"},{\"@type\":\"Person\",\"@id\":\"https:\/\/nyanpereira.fr\/dessinateur\/#\/schema\/person\/d771f144e8b1bdf8b790b02ba31f71d2\",\"name\":\"dessinateur\",\"image\":{\"@type\":\"ImageObject\",\"@id\":\"https:\/\/nyanpereira.fr\/dessinateur\/#personlogo\",\"inLanguage\":\"fr-FR\",\"url\":\"https:\/\/secure.gravatar.com\/avatar\/acd3615833cd4e0b23d9f45973008c34?s=96&d=mm&r=g\",\"contentUrl\":\"https:\/\/secure.gravatar.com\/avatar\/acd3615833cd4e0b23d9f45973008c34?s=96&d=mm&r=g\",\"caption\":\"dessinateur\"},\"url\":\"https:\/\/nyanpereira.fr\/dessinateur\/author\/dessinateur\/\"}]}<\/script>\n<!-- \/ Yoast SEO plugin. -->","yoast_head_json":{"title":"Vitrine original pour No\u00ebl \/\/ Inspiration & D\u00e9coration artistique de Magasin","description":"Photos et vid\u00e9o de d\u00e9corations magasin et Vitrine original pour No\u00ebl. Entreprise de d\u00e9coration sp\u00e9cialist\u00e9e dans la peinture sur vitre et vitrine de No\u00ebl !","robots":{"index":"index","follow":"follow","max-snippet":"max-snippet:-1","max-image-preview":"max-image-preview:large","max-video-preview":"max-video-preview:-1"},"canonical":"https:\/\/nyanpereira.fr\/dessinateur\/decoration-vitrine-peinte-a-la-main\/","og_locale":"fr_FR","og_type":"article","og_title":"Vitrine original pour No\u00ebl \/\/ Inspiration & D\u00e9coration artistique de Magasin","og_description":"Photos et vid\u00e9o de d\u00e9corations magasin et Vitrine original pour No\u00ebl. Entreprise de d\u00e9coration sp\u00e9cialist\u00e9e dans la peinture sur vitre et vitrine de No\u00ebl !","og_url":"https:\/\/nyanpereira.fr\/dessinateur\/decoration-vitrine-peinte-a-la-main\/","og_site_name":"Service Cr\u00e9atif &amp; Pr\u00e9sentation Artistique","article_published_time":"2014-01-07T08:30:05+00:00","article_modified_time":"2020-06-04T10:53:08+00:00","og_image":[{"width":800,"height":458,"url":"https:\/\/nyanpereira.fr\/dessinateur\/wp-content\/uploads\/2014\/01\/145-idees.deco_.Vitrine.boulangerie.peinture.Noel_.nice_.france.jpg.jpg","type":"image\/jpeg"}],"twitter_card":"summary_large_image","twitter_misc":{"\u00c9crit par":"dessinateur","Dur\u00e9e de lecture estim\u00e9e":"1 minute"},"schema":{"@context":"https:\/\/schema.org","@graph":[{"@type":"Organization","@id":"https:\/\/nyanpereira.fr\/dessinateur\/#organization","name":"storyboarder Freelance","url":"https:\/\/nyanpereira.fr\/dessinateur\/","sameAs":[],"logo":{"@type":"ImageObject","@id":"https:\/\/nyanpereira.fr\/dessinateur\/#logo","inLanguage":"fr-FR","url":"","contentUrl":"","caption":"storyboarder Freelance"},"image":{"@id":"https:\/\/nyanpereira.fr\/dessinateur\/#logo"}},{"@type":"WebSite","@id":"https:\/\/nyanpereira.fr\/dessinateur\/#website","url":"https:\/\/nyanpereira.fr\/dessinateur\/","name":"Service Cr\u00e9atif &amp; Pr\u00e9sentation Artistique","description":"Roughs, Storyboard, Antimatic &amp; Photomontage","publisher":{"@id":"https:\/\/nyanpereira.fr\/dessinateur\/#organization"},"potentialAction":[{"@type":"SearchAction","target":{"@type":"EntryPoint","urlTemplate":"https:\/\/nyanpereira.fr\/dessinateur\/?s={search_term_string}"},"query-input":"required name=search_term_string"}],"inLanguage":"fr-FR"},{"@type":"ImageObject","@id":"https:\/\/nyanpereira.fr\/dessinateur\/decoration-vitrine-peinte-a-la-main\/#primaryimage","inLanguage":"fr-FR","url":"https:\/\/nyanpereira.fr\/dessinateur\/wp-content\/uploads\/2014\/01\/145-idees.deco_.Vitrine.boulangerie.peinture.Noel_.nice_.france.jpg.jpg","contentUrl":"https:\/\/nyanpereira.fr\/dessinateur\/wp-content\/uploads\/2014\/01\/145-idees.deco_.Vitrine.boulangerie.peinture.Noel_.nice_.france.jpg.jpg","width":800,"height":458,"caption":"boulangerie Vitrine original pour No\u00ebl"},{"@type":"WebPage","@id":"https:\/\/nyanpereira.fr\/dessinateur\/decoration-vitrine-peinte-a-la-main\/#webpage","url":"https:\/\/nyanpereira.fr\/dessinateur\/decoration-vitrine-peinte-a-la-main\/","name":"Vitrine original pour No\u00ebl \/\/ Inspiration & D\u00e9coration artistique de Magasin","isPartOf":{"@id":"https:\/\/nyanpereira.fr\/dessinateur\/#website"},"primaryImageOfPage":{"@id":"https:\/\/nyanpereira.fr\/dessinateur\/decoration-vitrine-peinte-a-la-main\/#primaryimage"},"datePublished":"2014-01-07T08:30:05+00:00","dateModified":"2020-06-04T10:53:08+00:00","description":"Photos et vid\u00e9o de d\u00e9corations magasin et Vitrine original pour No\u00ebl. Entreprise de d\u00e9coration sp\u00e9cialist\u00e9e dans la peinture sur vitre et vitrine de No\u00ebl !","breadcrumb":{"@id":"https:\/\/nyanpereira.fr\/dessinateur\/decoration-vitrine-peinte-a-la-main\/#breadcrumb"},"inLanguage":"fr-FR","potentialAction":[{"@type":"ReadAction","target":["https:\/\/nyanpereira.fr\/dessinateur\/decoration-vitrine-peinte-a-la-main\/"]}]},{"@type":"BreadcrumbList","@id":"https:\/\/nyanpereira.fr\/dessinateur\/decoration-vitrine-peinte-a-la-main\/#breadcrumb","itemListElement":[{"@type":"ListItem","position":1,"name":"Accueil","item":"https:\/\/nyanpereira.fr\/dessinateur\/"},{"@type":"ListItem","position":2,"name":"Vitrine original pour No\u00ebl"}]},{"@type":"Article","@id":"https:\/\/nyanpereira.fr\/dessinateur\/decoration-vitrine-peinte-a-la-main\/#article","isPartOf":{"@id":"https:\/\/nyanpereira.fr\/dessinateur\/decoration-vitrine-peinte-a-la-main\/#webpage"},"author":{"@id":"https:\/\/nyanpereira.fr\/dessinateur\/#\/schema\/person\/d771f144e8b1bdf8b790b02ba31f71d2"},"headline":"Vitrine original pour No\u00ebl","datePublished":"2014-01-07T08:30:05+00:00","dateModified":"2020-06-04T10:53:08+00:00","mainEntityOfPage":{"@id":"https:\/\/nyanpereira.fr\/dessinateur\/decoration-vitrine-peinte-a-la-main\/#webpage"},"wordCount":258,"publisher":{"@id":"https:\/\/nyanpereira.fr\/dessinateur\/#organization"},"image":{"@id":"https:\/\/nyanpereira.fr\/dessinateur\/decoration-vitrine-peinte-a-la-main\/#primaryimage"},"thumbnailUrl":"https:\/\/nyanpereira.fr\/dessinateur\/wp-content\/uploads\/2014\/01\/145-idees.deco_.Vitrine.boulangerie.peinture.Noel_.nice_.france.jpg.jpg","keywords":["#decorationhiver","#vitrinenoelpeinture","d\u00e9coration vitrine saisonni\u00e8re originale","Id\u00e9es D\u00e9cos Magasin Peintes","Peintre \/ D\u00e9coration Vitrines magasin-Var(83)","Peinture sur vitrine magasin-VAR-83","Vitrines Magasins originales"],"articleSection":["Peinture sur Vitrine Magasin"],"inLanguage":"fr-FR"},{"@type":"Person","@id":"https:\/\/nyanpereira.fr\/dessinateur\/#\/schema\/person\/d771f144e8b1bdf8b790b02ba31f71d2","name":"dessinateur","image":{"@type":"ImageObject","@id":"https:\/\/nyanpereira.fr\/dessinateur\/#personlogo","inLanguage":"fr-FR","url":"https:\/\/secure.gravatar.com\/avatar\/acd3615833cd4e0b23d9f45973008c34?s=96&d=mm&r=g","contentUrl":"https:\/\/secure.gravatar.com\/avatar\/acd3615833cd4e0b23d9f45973008c34?s=96&d=mm&r=g","caption":"dessinateur"},"url":"https:\/\/nyanpereira.fr\/dessinateur\/author\/dessinateur\/"}]}},"_links":{"self":[{"href":"https:\/\/nyanpereira.fr\/dessinateur\/wp-json\/wp\/v2\/posts\/1888"}],"collection":[{"href":"https:\/\/nyanpereira.fr\/dessinateur\/wp-json\/wp\/v2\/posts"}],"about":[{"href":"https:\/\/nyanpereira.fr\/dessinateur\/wp-json\/wp\/v2\/types\/post"}],"author":[{"embeddable":true,"href":"https:\/\/nyanpereira.fr\/dessinateur\/wp-json\/wp\/v2\/users\/1"}],"replies":[{"embeddable":true,"href":"https:\/\/nyanpereira.fr\/dessinateur\/wp-json\/wp\/v2\/comments?post=1888"}],"version-history":[{"count":100,"href":"https:\/\/nyanpereira.fr\/dessinateur\/wp-json\/wp\/v2\/posts\/1888\/revisions"}],"predecessor-version":[{"id":8860,"href":"https:\/\/nyanpereira.fr\/dessinateur\/wp-json\/wp\/v2\/posts\/1888\/revisions\/8860"}],"wp:featuredmedia":[{"embeddable":true,"href":"https:\/\/nyanpereira.fr\/dessinateur\/wp-json\/wp\/v2\/media\/8841"}],"wp:attachment":[{"href":"https:\/\/nyanpereira.fr\/dessinateur\/wp-json\/wp\/v2\/media?parent=1888"}],"wp:term":[{"taxonomy":"category","embeddable":true,"href":"https:\/\/nyanpereira.fr\/dessinateur\/wp-json\/wp\/v2\/categories?post=1888"},{"taxonomy":"post_tag","embeddable":true,"href":"https:\/\/nyanpereira.fr\/dessinateur\/wp-json\/wp\/v2\/tags?post=1888"}],"curies":[{"name":"wp","href":"https:\/\/api.w.org\/{rel}","templated":true}]}}