{"id":1828,"date":"2013-12-20T13:17:41","date_gmt":"2013-12-20T12:17:41","guid":{"rendered":"http:\/\/nyanpereira.fr\/dessinateur\/?p=1828"},"modified":"2020-05-29T14:20:36","modified_gmt":"2020-05-29T13:20:36","slug":"video-photomontage-lapeyre","status":"publish","type":"post","link":"https:\/\/nyanpereira.fr\/dessinateur\/video-photomontage-lapeyre\/","title":{"rendered":"PhotoMontage  &#038; publicit\u00e9 LAPEYRE"},"content":{"rendered":"<p><strong>L&rsquo;ART DU PHOTOMONTAGE \/ Artiste sp\u00e9cialis\u00e9s en photomontage<\/strong><br \/>\nR\u00e9alisation pour le secteur de la publicit\u00e9.<br \/>\nVid\u00e9o d&rsquo;un dessin aux traits devenant Photographie par le photomontage et la retouche photographique.<\/p>\n<p>En 5 minutes \/ Avant<a href=\"http:\/\/www.virginie.fr\" target=\"_blank\" rel=\"noopener noreferrer\"><br \/>\n<\/a><a href=\"http:\/\/nyanpereira.fr\/dessinateur\/photomontage\/\"><img loading=\"lazy\" class=\"alignleft size-full wp-image-2198\" alt=\"LAPEYRE.ROUGH.1\" src=\"http:\/\/nyanpereira.fr\/dessinateur\/wp-content\/uploads\/2013\/12\/LAPEYRE.ROUGH_.1.png\" width=\"1268\" height=\"882\" \/><\/a><br \/>\nEn 1 journ\u00e9e \/ Apr\u00e8s<br \/>\n<a href=\"http:\/\/nyanpereira.fr\/dessinateur\/photomontage\/\"><img loading=\"lazy\" class=\"alignleft size-full wp-image-1838\" alt=\"PhotoMontage\" src=\"http:\/\/nyanpereira.fr\/dessinateur\/wp-content\/uploads\/2013\/10\/LAPEYRE.Montage.5.png\" width=\"965\" height=\"727\" \/><\/a><\/p>\n<p>&nbsp;<\/p>\n<p><strong>Musique<\/strong> : <a href=\"http:\/\/www.donrimini.com\/\" target=\"_blank\" rel=\"noopener noreferrer\">DONrimini<\/a><br \/>\n<strong>Photomontage &amp; Motion<\/strong> : <a href=\"http:\/\/nyanpereira.fr\/dessinateur\/gallery\/photoroughs\/\" target=\"_blank\" rel=\"noopener noreferrer\">Yann PEREIRA<br \/>\n<\/a><strong>Banque Image :<\/strong> Corbis<br \/>\n<strong>Agent<\/strong> : <a href=\"http:\/\/www.virginie.fr\" target=\"_blank\" rel=\"noopener noreferrer\">www.Virginie.fr<br \/>\n<\/a><\/p>\n","protected":false},"excerpt":{"rendered":"","protected":false},"author":1,"featured_media":0,"comment_status":"closed","ping_status":"closed","sticky":false,"template":"","format":"video","meta":[],"categories":[60],"tags":[115,110,93,392,99,104,142],"yoast_head":"<!-- This site is optimized with the Yoast SEO plugin v17.9 - https:\/\/yoast.com\/wordpress\/plugins\/seo\/ -->\n<title>PhotoMontage &amp; publicit\u00e9 LAPEYRE - Service Cr\u00e9atif &amp; Pr\u00e9sentation Artistique<\/title>\n<meta name=\"robots\" content=\"index, follow, max-snippet:-1, max-image-preview:large, max-video-preview:-1\" \/>\n<link rel=\"canonical\" href=\"https:\/\/nyanpereira.fr\/dessinateur\/video-photomontage-lapeyre\/\" \/>\n<meta property=\"og:locale\" content=\"fr_FR\" \/>\n<meta property=\"og:type\" content=\"article\" \/>\n<meta property=\"og:title\" content=\"PhotoMontage &amp; publicit\u00e9 LAPEYRE - Service Cr\u00e9atif &amp; Pr\u00e9sentation Artistique\" \/>\n<meta property=\"og:url\" content=\"https:\/\/nyanpereira.fr\/dessinateur\/video-photomontage-lapeyre\/\" \/>\n<meta property=\"og:site_name\" content=\"Service Cr\u00e9atif &amp; Pr\u00e9sentation Artistique\" \/>\n<meta property=\"article:published_time\" content=\"2013-12-20T12:17:41+00:00\" \/>\n<meta property=\"article:modified_time\" content=\"2020-05-29T13:20:36+00:00\" \/>\n<meta property=\"og:image\" content=\"http:\/\/nyanpereira.fr\/dessinateur\/wp-content\/uploads\/2013\/12\/LAPEYRE.ROUGH_.1.png\" \/>\n<meta name=\"twitter:card\" content=\"summary_large_image\" \/>\n<meta name=\"twitter:label1\" content=\"\u00c9crit par\" \/>\n\t<meta name=\"twitter:data1\" content=\"dessinateur\" \/>\n<script type=\"application\/ld+json\" class=\"yoast-schema-graph\">{\"@context\":\"https:\/\/schema.org\",\"@graph\":[{\"@type\":\"Organization\",\"@id\":\"https:\/\/nyanpereira.fr\/dessinateur\/#organization\",\"name\":\"storyboarder Freelance\",\"url\":\"https:\/\/nyanpereira.fr\/dessinateur\/\",\"sameAs\":[],\"logo\":{\"@type\":\"ImageObject\",\"@id\":\"https:\/\/nyanpereira.fr\/dessinateur\/#logo\",\"inLanguage\":\"fr-FR\",\"url\":\"\",\"contentUrl\":\"\",\"caption\":\"storyboarder Freelance\"},\"image\":{\"@id\":\"https:\/\/nyanpereira.fr\/dessinateur\/#logo\"}},{\"@type\":\"WebSite\",\"@id\":\"https:\/\/nyanpereira.fr\/dessinateur\/#website\",\"url\":\"https:\/\/nyanpereira.fr\/dessinateur\/\",\"name\":\"Service Cr\\u00e9atif &amp; Pr\\u00e9sentation Artistique\",\"description\":\"Roughs, Storyboard, Antimatic &amp; Photomontage\",\"publisher\":{\"@id\":\"https:\/\/nyanpereira.fr\/dessinateur\/#organization\"},\"potentialAction\":[{\"@type\":\"SearchAction\",\"target\":{\"@type\":\"EntryPoint\",\"urlTemplate\":\"https:\/\/nyanpereira.fr\/dessinateur\/?s={search_term_string}\"},\"query-input\":\"required name=search_term_string\"}],\"inLanguage\":\"fr-FR\"},{\"@type\":\"ImageObject\",\"@id\":\"https:\/\/nyanpereira.fr\/dessinateur\/video-photomontage-lapeyre\/#primaryimage\",\"inLanguage\":\"fr-FR\",\"url\":\"http:\/\/nyanpereira.fr\/dessinateur\/wp-content\/uploads\/2013\/12\/LAPEYRE.ROUGH_.1.png\",\"contentUrl\":\"http:\/\/nyanpereira.fr\/dessinateur\/wp-content\/uploads\/2013\/12\/LAPEYRE.ROUGH_.1.png\"},{\"@type\":\"WebPage\",\"@id\":\"https:\/\/nyanpereira.fr\/dessinateur\/video-photomontage-lapeyre\/#webpage\",\"url\":\"https:\/\/nyanpereira.fr\/dessinateur\/video-photomontage-lapeyre\/\",\"name\":\"PhotoMontage & publicit\\u00e9 LAPEYRE - Service Cr\\u00e9atif &amp; Pr\\u00e9sentation Artistique\",\"isPartOf\":{\"@id\":\"https:\/\/nyanpereira.fr\/dessinateur\/#website\"},\"primaryImageOfPage\":{\"@id\":\"https:\/\/nyanpereira.fr\/dessinateur\/video-photomontage-lapeyre\/#primaryimage\"},\"datePublished\":\"2013-12-20T12:17:41+00:00\",\"dateModified\":\"2020-05-29T13:20:36+00:00\",\"breadcrumb\":{\"@id\":\"https:\/\/nyanpereira.fr\/dessinateur\/video-photomontage-lapeyre\/#breadcrumb\"},\"inLanguage\":\"fr-FR\",\"potentialAction\":[{\"@type\":\"ReadAction\",\"target\":[\"https:\/\/nyanpereira.fr\/dessinateur\/video-photomontage-lapeyre\/\"]}]},{\"@type\":\"BreadcrumbList\",\"@id\":\"https:\/\/nyanpereira.fr\/dessinateur\/video-photomontage-lapeyre\/#breadcrumb\",\"itemListElement\":[{\"@type\":\"ListItem\",\"position\":1,\"name\":\"Accueil\",\"item\":\"https:\/\/nyanpereira.fr\/dessinateur\/\"},{\"@type\":\"ListItem\",\"position\":2,\"name\":\"PhotoMontage &#038; publicit\\u00e9 LAPEYRE\"}]},{\"@type\":\"Article\",\"@id\":\"https:\/\/nyanpereira.fr\/dessinateur\/video-photomontage-lapeyre\/#article\",\"isPartOf\":{\"@id\":\"https:\/\/nyanpereira.fr\/dessinateur\/video-photomontage-lapeyre\/#webpage\"},\"author\":{\"@id\":\"https:\/\/nyanpereira.fr\/dessinateur\/#\/schema\/person\/d771f144e8b1bdf8b790b02ba31f71d2\"},\"headline\":\"PhotoMontage &#038; publicit\\u00e9 LAPEYRE\",\"datePublished\":\"2013-12-20T12:17:41+00:00\",\"dateModified\":\"2020-05-29T13:20:36+00:00\",\"mainEntityOfPage\":{\"@id\":\"https:\/\/nyanpereira.fr\/dessinateur\/video-photomontage-lapeyre\/#webpage\"},\"wordCount\":58,\"publisher\":{\"@id\":\"https:\/\/nyanpereira.fr\/dessinateur\/#organization\"},\"image\":{\"@id\":\"https:\/\/nyanpereira.fr\/dessinateur\/video-photomontage-lapeyre\/#primaryimage\"},\"thumbnailUrl\":\"http:\/\/nyanpereira.fr\/dessinateur\/wp-content\/uploads\/2013\/12\/LAPEYRE.ROUGH_.1.png\",\"keywords\":[\"Animatic - Dessins anim\\u00e9s\",\"Illustrateur Photographe PACA-VAR\",\"Motion designer PACA freelance\",\"PUB \/ Retoucheur photo freelance \\u00e0 PARIS\",\"Roughman - Storyboarder &amp; Storyboarding\",\"Roughman Storyboarder &amp; Animatic PARIS(75)\",\"Virginie.fr- Agent d'illustrateurs &amp; roughman\"],\"articleSection\":[\"PhotoMontage &amp; Publicit\\u00e9\"],\"inLanguage\":\"fr-FR\"},{\"@type\":\"Person\",\"@id\":\"https:\/\/nyanpereira.fr\/dessinateur\/#\/schema\/person\/d771f144e8b1bdf8b790b02ba31f71d2\",\"name\":\"dessinateur\",\"image\":{\"@type\":\"ImageObject\",\"@id\":\"https:\/\/nyanpereira.fr\/dessinateur\/#personlogo\",\"inLanguage\":\"fr-FR\",\"url\":\"https:\/\/secure.gravatar.com\/avatar\/acd3615833cd4e0b23d9f45973008c34?s=96&d=mm&r=g\",\"contentUrl\":\"https:\/\/secure.gravatar.com\/avatar\/acd3615833cd4e0b23d9f45973008c34?s=96&d=mm&r=g\",\"caption\":\"dessinateur\"},\"url\":\"https:\/\/nyanpereira.fr\/dessinateur\/author\/dessinateur\/\"}]}<\/script>\n<!-- \/ Yoast SEO plugin. -->","yoast_head_json":{"title":"PhotoMontage & publicit\u00e9 LAPEYRE - Service Cr\u00e9atif &amp; Pr\u00e9sentation Artistique","robots":{"index":"index","follow":"follow","max-snippet":"max-snippet:-1","max-image-preview":"max-image-preview:large","max-video-preview":"max-video-preview:-1"},"canonical":"https:\/\/nyanpereira.fr\/dessinateur\/video-photomontage-lapeyre\/","og_locale":"fr_FR","og_type":"article","og_title":"PhotoMontage & publicit\u00e9 LAPEYRE - Service Cr\u00e9atif &amp; Pr\u00e9sentation Artistique","og_url":"https:\/\/nyanpereira.fr\/dessinateur\/video-photomontage-lapeyre\/","og_site_name":"Service Cr\u00e9atif &amp; Pr\u00e9sentation Artistique","article_published_time":"2013-12-20T12:17:41+00:00","article_modified_time":"2020-05-29T13:20:36+00:00","og_image":[{"url":"http:\/\/nyanpereira.fr\/dessinateur\/wp-content\/uploads\/2013\/12\/LAPEYRE.ROUGH_.1.png"}],"twitter_card":"summary_large_image","twitter_misc":{"\u00c9crit par":"dessinateur"},"schema":{"@context":"https:\/\/schema.org","@graph":[{"@type":"Organization","@id":"https:\/\/nyanpereira.fr\/dessinateur\/#organization","name":"storyboarder Freelance","url":"https:\/\/nyanpereira.fr\/dessinateur\/","sameAs":[],"logo":{"@type":"ImageObject","@id":"https:\/\/nyanpereira.fr\/dessinateur\/#logo","inLanguage":"fr-FR","url":"","contentUrl":"","caption":"storyboarder Freelance"},"image":{"@id":"https:\/\/nyanpereira.fr\/dessinateur\/#logo"}},{"@type":"WebSite","@id":"https:\/\/nyanpereira.fr\/dessinateur\/#website","url":"https:\/\/nyanpereira.fr\/dessinateur\/","name":"Service Cr\u00e9atif &amp; Pr\u00e9sentation Artistique","description":"Roughs, Storyboard, Antimatic &amp; Photomontage","publisher":{"@id":"https:\/\/nyanpereira.fr\/dessinateur\/#organization"},"potentialAction":[{"@type":"SearchAction","target":{"@type":"EntryPoint","urlTemplate":"https:\/\/nyanpereira.fr\/dessinateur\/?s={search_term_string}"},"query-input":"required name=search_term_string"}],"inLanguage":"fr-FR"},{"@type":"ImageObject","@id":"https:\/\/nyanpereira.fr\/dessinateur\/video-photomontage-lapeyre\/#primaryimage","inLanguage":"fr-FR","url":"http:\/\/nyanpereira.fr\/dessinateur\/wp-content\/uploads\/2013\/12\/LAPEYRE.ROUGH_.1.png","contentUrl":"http:\/\/nyanpereira.fr\/dessinateur\/wp-content\/uploads\/2013\/12\/LAPEYRE.ROUGH_.1.png"},{"@type":"WebPage","@id":"https:\/\/nyanpereira.fr\/dessinateur\/video-photomontage-lapeyre\/#webpage","url":"https:\/\/nyanpereira.fr\/dessinateur\/video-photomontage-lapeyre\/","name":"PhotoMontage & publicit\u00e9 LAPEYRE - Service Cr\u00e9atif &amp; Pr\u00e9sentation Artistique","isPartOf":{"@id":"https:\/\/nyanpereira.fr\/dessinateur\/#website"},"primaryImageOfPage":{"@id":"https:\/\/nyanpereira.fr\/dessinateur\/video-photomontage-lapeyre\/#primaryimage"},"datePublished":"2013-12-20T12:17:41+00:00","dateModified":"2020-05-29T13:20:36+00:00","breadcrumb":{"@id":"https:\/\/nyanpereira.fr\/dessinateur\/video-photomontage-lapeyre\/#breadcrumb"},"inLanguage":"fr-FR","potentialAction":[{"@type":"ReadAction","target":["https:\/\/nyanpereira.fr\/dessinateur\/video-photomontage-lapeyre\/"]}]},{"@type":"BreadcrumbList","@id":"https:\/\/nyanpereira.fr\/dessinateur\/video-photomontage-lapeyre\/#breadcrumb","itemListElement":[{"@type":"ListItem","position":1,"name":"Accueil","item":"https:\/\/nyanpereira.fr\/dessinateur\/"},{"@type":"ListItem","position":2,"name":"PhotoMontage &#038; publicit\u00e9 LAPEYRE"}]},{"@type":"Article","@id":"https:\/\/nyanpereira.fr\/dessinateur\/video-photomontage-lapeyre\/#article","isPartOf":{"@id":"https:\/\/nyanpereira.fr\/dessinateur\/video-photomontage-lapeyre\/#webpage"},"author":{"@id":"https:\/\/nyanpereira.fr\/dessinateur\/#\/schema\/person\/d771f144e8b1bdf8b790b02ba31f71d2"},"headline":"PhotoMontage &#038; publicit\u00e9 LAPEYRE","datePublished":"2013-12-20T12:17:41+00:00","dateModified":"2020-05-29T13:20:36+00:00","mainEntityOfPage":{"@id":"https:\/\/nyanpereira.fr\/dessinateur\/video-photomontage-lapeyre\/#webpage"},"wordCount":58,"publisher":{"@id":"https:\/\/nyanpereira.fr\/dessinateur\/#organization"},"image":{"@id":"https:\/\/nyanpereira.fr\/dessinateur\/video-photomontage-lapeyre\/#primaryimage"},"thumbnailUrl":"http:\/\/nyanpereira.fr\/dessinateur\/wp-content\/uploads\/2013\/12\/LAPEYRE.ROUGH_.1.png","keywords":["Animatic - Dessins anim\u00e9s","Illustrateur Photographe PACA-VAR","Motion designer PACA freelance","PUB \/ Retoucheur photo freelance \u00e0 PARIS","Roughman - Storyboarder &amp; Storyboarding","Roughman Storyboarder &amp; Animatic PARIS(75)","Virginie.fr- Agent d'illustrateurs &amp; roughman"],"articleSection":["PhotoMontage &amp; Publicit\u00e9"],"inLanguage":"fr-FR"},{"@type":"Person","@id":"https:\/\/nyanpereira.fr\/dessinateur\/#\/schema\/person\/d771f144e8b1bdf8b790b02ba31f71d2","name":"dessinateur","image":{"@type":"ImageObject","@id":"https:\/\/nyanpereira.fr\/dessinateur\/#personlogo","inLanguage":"fr-FR","url":"https:\/\/secure.gravatar.com\/avatar\/acd3615833cd4e0b23d9f45973008c34?s=96&d=mm&r=g","contentUrl":"https:\/\/secure.gravatar.com\/avatar\/acd3615833cd4e0b23d9f45973008c34?s=96&d=mm&r=g","caption":"dessinateur"},"url":"https:\/\/nyanpereira.fr\/dessinateur\/author\/dessinateur\/"}]}},"_links":{"self":[{"href":"https:\/\/nyanpereira.fr\/dessinateur\/wp-json\/wp\/v2\/posts\/1828"}],"collection":[{"href":"https:\/\/nyanpereira.fr\/dessinateur\/wp-json\/wp\/v2\/posts"}],"about":[{"href":"https:\/\/nyanpereira.fr\/dessinateur\/wp-json\/wp\/v2\/types\/post"}],"author":[{"embeddable":true,"href":"https:\/\/nyanpereira.fr\/dessinateur\/wp-json\/wp\/v2\/users\/1"}],"replies":[{"embeddable":true,"href":"https:\/\/nyanpereira.fr\/dessinateur\/wp-json\/wp\/v2\/comments?post=1828"}],"version-history":[{"count":36,"href":"https:\/\/nyanpereira.fr\/dessinateur\/wp-json\/wp\/v2\/posts\/1828\/revisions"}],"predecessor-version":[{"id":8731,"href":"https:\/\/nyanpereira.fr\/dessinateur\/wp-json\/wp\/v2\/posts\/1828\/revisions\/8731"}],"wp:attachment":[{"href":"https:\/\/nyanpereira.fr\/dessinateur\/wp-json\/wp\/v2\/media?parent=1828"}],"wp:term":[{"taxonomy":"category","embeddable":true,"href":"https:\/\/nyanpereira.fr\/dessinateur\/wp-json\/wp\/v2\/categories?post=1828"},{"taxonomy":"post_tag","embeddable":true,"href":"https:\/\/nyanpereira.fr\/dessinateur\/wp-json\/wp\/v2\/tags?post=1828"}],"curies":[{"name":"wp","href":"https:\/\/api.w.org\/{rel}","templated":true}]}}