{"id":1718,"date":"2013-11-06T14:54:21","date_gmt":"2013-11-06T13:54:21","guid":{"rendered":"http:\/\/nyanpereira.fr\/dessinateur\/?p=1718"},"modified":"2020-01-31T15:59:12","modified_gmt":"2020-01-31T14:59:12","slug":"decoration-vitrine-peinte-a-la-main-2","status":"publish","type":"post","link":"https:\/\/nyanpereira.fr\/dessinateur\/decoration-vitrine-peinte-a-la-main-2\/","title":{"rendered":"Peinture sur Vitrine Pr\u00e9sentation"},"content":{"rendered":"<h3>Les \u00e9tapes de r\u00e9alisation d&rsquo;une vitrine peinte \u00e0 la main.<\/h3>\n<h5>Prestation cr\u00e9ative &amp; <span style=\"color: #611487;\">Art \u00e9ph\u00e9m\u00e8re<\/span> :<\/h5>\n<blockquote><p>1- <strong>Brief client :<\/strong> Choix du th\u00e8me &amp; Photos des vitrines \u00e0 travailler.<br \/>\n2 &#8211; <strong>\u00c9tude du projet<\/strong> et <strong>Pr\u00e9sentation d&rsquo;un cahier des charges<\/strong>.<br \/>\n3 &#8211; <strong>Production<\/strong> &amp; <a href=\"http:\/\/nyanpereira.fr\/dessinateur\/gallery\/restauration-cirque-decoration-vitrine-peinte-main\/\">R\u00e9alisation<\/a> des peintures, vitrines ou supports.<br \/>\n4 &#8211; <strong>Nettoyage Rapide<\/strong> &amp; Peinture \u00e0 l&rsquo;eau 100 % recyclable<br \/>\n\u2022 Peinture \u00e0 l&rsquo;eau sans odeur qui r\u00e9siste \u00e0 l\u2019humidit\u00e9, respecte l\u2019environnement et facile \u00e0 nettoyer.\n<\/p><\/blockquote>\n<h5>Un <span style=\"color: #611487;\">art<\/span> qui r\u00e9pond \u00e0 vos attentes toute l&rsquo;ann\u00e9e :<\/h5>\n<blockquote><p>&#8211; Op\u00e9rations vitrines Int\u00e9rieure &amp; Ext\u00e9rieure. <a href=\"http:\/\/nyanpereira.fr\/dessinateur\/decoration-vitrine-peinte-a-la-main\/\">voir vid\u00e9o<\/a><br \/>\n&#8211; Cr\u00e9ation &amp; Pose de sticker Vitrine.<br \/>\n&#8211; Production de support rigide peint. <em>(Bois, Dibon, Pvc, etc\u2026)<\/em><br \/>\n&#8211; Location de d\u00e9coration Peinte. <em>(No\u00eal, P\u00e2ques, St Patrick, Euro 2016, RI0 2016 \u2026)<\/em><\/p><\/blockquote>\n<p><a href=\"http:\/\/nyanpereira.fr\/dessinateur\/gallery\/restauration-cirque-decoration-vitrine-peinte-main\/\"><img loading=\"lazy\" class=\"alignleft wp-image-4599 \" src=\"http:\/\/nyanpereira.fr\/dessinateur\/wp-content\/uploads\/2017\/03\/rough.croquis.peinture.vitrines.printemps.decoration.irlandaisest.patrick.event_.2-300x212.png\" alt=\"\" width=\"245\" height=\"187\" \/><\/a><a href=\"http:\/\/nyanpereira.fr\/dessinateur\/gallery\/restauration-cirque-decoration-vitrine-peinte-main\/\"><img loading=\"lazy\" class=\"alignleft wp-image-4601 size-medium\" src=\"http:\/\/nyanpereira.fr\/dessinateur\/wp-content\/uploads\/2017\/03\/vitrines.peintes.printemps.decoration.irlandaisest.patrick.event_.3-300x212.png\" alt=\"\" width=\"245\" height=\"187\" \/><\/a><\/p>\n<hr \/>\n<p><a href=\"http:\/\/nyanpereira.fr\/dessinateur\/decoration-vitrine-peinte-a-la-main-2\/?preview=true&amp;preview_id=1718&amp;preview_nonce=e3d8bacbdb\"><img loading=\"lazy\" class=\"alignleft size-full wp-image-3086\" src=\"http:\/\/nyanpereira.fr\/dessinateur\/wp-content\/uploads\/2014\/12\/Vitrine.peintes.pochoire.Yann_.pereira.1fuse..png\" alt=\"Vitrine.peintes.pochoire.Yann.pereira.1fuse.\" width=\"883\" height=\"689\" \/><\/a><\/p>\n<p><span style=\"color: #888888;\"><strong>Types op\u00e9rations :\u00a0<\/strong><a href=\"http:\/\/nyanpereira.fr\/dessinateur\/decoration-vitrine-peinte-a-la-main\/\"><span style=\"color: #663399;\">No\u00ebl,<\/span><\/a>\u00a0<a href=\"http:\/\/nyanpereira.fr\/dessinateur\/news-dessinateur-roughman-motiondesigner-freelance\/\">Camion de N\u00f4el,<\/a> P\u00e2ques, Halloween, Nouvelle Ann\u00e9e, St Valentin, Soldes, Ouverture, Anniversaire&#8230;<br \/>\nNous sommes ouvert \u00e0 toutes autres op\u00e9rations ou performances artistiques<br \/>\nLes d\u00e9corations peuvent \u00eatre cr\u00e9\u00e9 sur un support rigide afin d\u2019\u00eatre conserver.<\/span><\/p>\n","protected":false},"excerpt":{"rendered":"","protected":false},"author":1,"featured_media":0,"comment_status":"closed","ping_status":"closed","sticky":false,"template":"","format":"gallery","meta":[],"categories":[80],"tags":[270,254,266,95,72,71,267],"yoast_head":"<!-- This site is optimized with the Yoast SEO plugin v17.9 - https:\/\/yoast.com\/wordpress\/plugins\/seo\/ -->\n<title>Peinture sur Vitrine Pr\u00e9sentation - Service Cr\u00e9atif &amp; Pr\u00e9sentation Artistique<\/title>\n<meta name=\"robots\" content=\"index, follow, max-snippet:-1, max-image-preview:large, max-video-preview:-1\" \/>\n<link rel=\"canonical\" href=\"https:\/\/nyanpereira.fr\/dessinateur\/decoration-vitrine-peinte-a-la-main-2\/\" \/>\n<meta property=\"og:locale\" content=\"fr_FR\" \/>\n<meta property=\"og:type\" content=\"article\" \/>\n<meta property=\"og:title\" content=\"Peinture sur Vitrine Pr\u00e9sentation - Service Cr\u00e9atif &amp; Pr\u00e9sentation Artistique\" \/>\n<meta property=\"og:url\" content=\"https:\/\/nyanpereira.fr\/dessinateur\/decoration-vitrine-peinte-a-la-main-2\/\" \/>\n<meta property=\"og:site_name\" content=\"Service Cr\u00e9atif &amp; Pr\u00e9sentation Artistique\" \/>\n<meta property=\"article:published_time\" content=\"2013-11-06T13:54:21+00:00\" \/>\n<meta property=\"article:modified_time\" content=\"2020-01-31T14:59:12+00:00\" \/>\n<meta property=\"og:image\" content=\"http:\/\/nyanpereira.fr\/dessinateur\/wp-content\/uploads\/2017\/03\/rough.croquis.peinture.vitrines.printemps.decoration.irlandaisest.patrick.event_.2-300x212.png\" \/>\n<meta name=\"twitter:card\" content=\"summary_large_image\" \/>\n<meta name=\"twitter:label1\" content=\"\u00c9crit par\" \/>\n\t<meta name=\"twitter:data1\" content=\"dessinateur\" \/>\n\t<meta name=\"twitter:label2\" content=\"Dur\u00e9e de lecture estim\u00e9e\" \/>\n\t<meta name=\"twitter:data2\" content=\"1 minute\" \/>\n<script type=\"application\/ld+json\" class=\"yoast-schema-graph\">{\"@context\":\"https:\/\/schema.org\",\"@graph\":[{\"@type\":\"Organization\",\"@id\":\"https:\/\/nyanpereira.fr\/dessinateur\/#organization\",\"name\":\"storyboarder Freelance\",\"url\":\"https:\/\/nyanpereira.fr\/dessinateur\/\",\"sameAs\":[],\"logo\":{\"@type\":\"ImageObject\",\"@id\":\"https:\/\/nyanpereira.fr\/dessinateur\/#logo\",\"inLanguage\":\"fr-FR\",\"url\":\"\",\"contentUrl\":\"\",\"caption\":\"storyboarder Freelance\"},\"image\":{\"@id\":\"https:\/\/nyanpereira.fr\/dessinateur\/#logo\"}},{\"@type\":\"WebSite\",\"@id\":\"https:\/\/nyanpereira.fr\/dessinateur\/#website\",\"url\":\"https:\/\/nyanpereira.fr\/dessinateur\/\",\"name\":\"Service Cr\\u00e9atif &amp; Pr\\u00e9sentation Artistique\",\"description\":\"Roughs, Storyboard, Antimatic &amp; Photomontage\",\"publisher\":{\"@id\":\"https:\/\/nyanpereira.fr\/dessinateur\/#organization\"},\"potentialAction\":[{\"@type\":\"SearchAction\",\"target\":{\"@type\":\"EntryPoint\",\"urlTemplate\":\"https:\/\/nyanpereira.fr\/dessinateur\/?s={search_term_string}\"},\"query-input\":\"required name=search_term_string\"}],\"inLanguage\":\"fr-FR\"},{\"@type\":\"ImageObject\",\"@id\":\"https:\/\/nyanpereira.fr\/dessinateur\/decoration-vitrine-peinte-a-la-main-2\/#primaryimage\",\"inLanguage\":\"fr-FR\",\"url\":\"http:\/\/nyanpereira.fr\/dessinateur\/wp-content\/uploads\/2017\/03\/rough.croquis.peinture.vitrines.printemps.decoration.irlandaisest.patrick.event_.2-300x212.png\",\"contentUrl\":\"http:\/\/nyanpereira.fr\/dessinateur\/wp-content\/uploads\/2017\/03\/rough.croquis.peinture.vitrines.printemps.decoration.irlandaisest.patrick.event_.2-300x212.png\"},{\"@type\":\"WebPage\",\"@id\":\"https:\/\/nyanpereira.fr\/dessinateur\/decoration-vitrine-peinte-a-la-main-2\/#webpage\",\"url\":\"https:\/\/nyanpereira.fr\/dessinateur\/decoration-vitrine-peinte-a-la-main-2\/\",\"name\":\"Peinture sur Vitrine Pr\\u00e9sentation - Service Cr\\u00e9atif &amp; Pr\\u00e9sentation Artistique\",\"isPartOf\":{\"@id\":\"https:\/\/nyanpereira.fr\/dessinateur\/#website\"},\"primaryImageOfPage\":{\"@id\":\"https:\/\/nyanpereira.fr\/dessinateur\/decoration-vitrine-peinte-a-la-main-2\/#primaryimage\"},\"datePublished\":\"2013-11-06T13:54:21+00:00\",\"dateModified\":\"2020-01-31T14:59:12+00:00\",\"breadcrumb\":{\"@id\":\"https:\/\/nyanpereira.fr\/dessinateur\/decoration-vitrine-peinte-a-la-main-2\/#breadcrumb\"},\"inLanguage\":\"fr-FR\",\"potentialAction\":[{\"@type\":\"ReadAction\",\"target\":[\"https:\/\/nyanpereira.fr\/dessinateur\/decoration-vitrine-peinte-a-la-main-2\/\"]}]},{\"@type\":\"BreadcrumbList\",\"@id\":\"https:\/\/nyanpereira.fr\/dessinateur\/decoration-vitrine-peinte-a-la-main-2\/#breadcrumb\",\"itemListElement\":[{\"@type\":\"ListItem\",\"position\":1,\"name\":\"Accueil\",\"item\":\"https:\/\/nyanpereira.fr\/dessinateur\/\"},{\"@type\":\"ListItem\",\"position\":2,\"name\":\"Peinture sur Vitrine Pr\\u00e9sentation\"}]},{\"@type\":\"Article\",\"@id\":\"https:\/\/nyanpereira.fr\/dessinateur\/decoration-vitrine-peinte-a-la-main-2\/#article\",\"isPartOf\":{\"@id\":\"https:\/\/nyanpereira.fr\/dessinateur\/decoration-vitrine-peinte-a-la-main-2\/#webpage\"},\"author\":{\"@id\":\"https:\/\/nyanpereira.fr\/dessinateur\/#\/schema\/person\/d771f144e8b1bdf8b790b02ba31f71d2\"},\"headline\":\"Peinture sur Vitrine Pr\\u00e9sentation\",\"datePublished\":\"2013-11-06T13:54:21+00:00\",\"dateModified\":\"2020-01-31T14:59:12+00:00\",\"mainEntityOfPage\":{\"@id\":\"https:\/\/nyanpereira.fr\/dessinateur\/decoration-vitrine-peinte-a-la-main-2\/#webpage\"},\"wordCount\":176,\"publisher\":{\"@id\":\"https:\/\/nyanpereira.fr\/dessinateur\/#organization\"},\"image\":{\"@id\":\"https:\/\/nyanpereira.fr\/dessinateur\/decoration-vitrine-peinte-a-la-main-2\/#primaryimage\"},\"thumbnailUrl\":\"http:\/\/nyanpereira.fr\/dessinateur\/wp-content\/uploads\/2017\/03\/rough.croquis.peinture.vitrines.printemps.decoration.irlandaisest.patrick.event_.2-300x212.png\",\"keywords\":[\"#vitrinenoelpeinture\",\"D\\u00e9coration vitrine\",\"d\\u00e9coration vitrine saisonni\\u00e8re originale\",\"Peintre \/ D\\u00e9coration Vitrines magasin-Var(83)\",\"Peintre Artistique PACA \/ Vitrine &amp; Magasin\",\"Peinture sur vitrine magasin-VAR-83\",\"Vitrines Magasins originales\"],\"articleSection\":[\"Peinture sur Vitrine Magasin\"],\"inLanguage\":\"fr-FR\"},{\"@type\":\"Person\",\"@id\":\"https:\/\/nyanpereira.fr\/dessinateur\/#\/schema\/person\/d771f144e8b1bdf8b790b02ba31f71d2\",\"name\":\"dessinateur\",\"image\":{\"@type\":\"ImageObject\",\"@id\":\"https:\/\/nyanpereira.fr\/dessinateur\/#personlogo\",\"inLanguage\":\"fr-FR\",\"url\":\"https:\/\/secure.gravatar.com\/avatar\/acd3615833cd4e0b23d9f45973008c34?s=96&d=mm&r=g\",\"contentUrl\":\"https:\/\/secure.gravatar.com\/avatar\/acd3615833cd4e0b23d9f45973008c34?s=96&d=mm&r=g\",\"caption\":\"dessinateur\"},\"url\":\"https:\/\/nyanpereira.fr\/dessinateur\/author\/dessinateur\/\"}]}<\/script>\n<!-- \/ Yoast SEO plugin. -->","yoast_head_json":{"title":"Peinture sur Vitrine Pr\u00e9sentation - Service Cr\u00e9atif &amp; Pr\u00e9sentation Artistique","robots":{"index":"index","follow":"follow","max-snippet":"max-snippet:-1","max-image-preview":"max-image-preview:large","max-video-preview":"max-video-preview:-1"},"canonical":"https:\/\/nyanpereira.fr\/dessinateur\/decoration-vitrine-peinte-a-la-main-2\/","og_locale":"fr_FR","og_type":"article","og_title":"Peinture sur Vitrine Pr\u00e9sentation - Service Cr\u00e9atif &amp; Pr\u00e9sentation Artistique","og_url":"https:\/\/nyanpereira.fr\/dessinateur\/decoration-vitrine-peinte-a-la-main-2\/","og_site_name":"Service Cr\u00e9atif &amp; Pr\u00e9sentation Artistique","article_published_time":"2013-11-06T13:54:21+00:00","article_modified_time":"2020-01-31T14:59:12+00:00","og_image":[{"url":"http:\/\/nyanpereira.fr\/dessinateur\/wp-content\/uploads\/2017\/03\/rough.croquis.peinture.vitrines.printemps.decoration.irlandaisest.patrick.event_.2-300x212.png"}],"twitter_card":"summary_large_image","twitter_misc":{"\u00c9crit par":"dessinateur","Dur\u00e9e de lecture estim\u00e9e":"1 minute"},"schema":{"@context":"https:\/\/schema.org","@graph":[{"@type":"Organization","@id":"https:\/\/nyanpereira.fr\/dessinateur\/#organization","name":"storyboarder Freelance","url":"https:\/\/nyanpereira.fr\/dessinateur\/","sameAs":[],"logo":{"@type":"ImageObject","@id":"https:\/\/nyanpereira.fr\/dessinateur\/#logo","inLanguage":"fr-FR","url":"","contentUrl":"","caption":"storyboarder Freelance"},"image":{"@id":"https:\/\/nyanpereira.fr\/dessinateur\/#logo"}},{"@type":"WebSite","@id":"https:\/\/nyanpereira.fr\/dessinateur\/#website","url":"https:\/\/nyanpereira.fr\/dessinateur\/","name":"Service Cr\u00e9atif &amp; Pr\u00e9sentation Artistique","description":"Roughs, Storyboard, Antimatic &amp; Photomontage","publisher":{"@id":"https:\/\/nyanpereira.fr\/dessinateur\/#organization"},"potentialAction":[{"@type":"SearchAction","target":{"@type":"EntryPoint","urlTemplate":"https:\/\/nyanpereira.fr\/dessinateur\/?s={search_term_string}"},"query-input":"required name=search_term_string"}],"inLanguage":"fr-FR"},{"@type":"ImageObject","@id":"https:\/\/nyanpereira.fr\/dessinateur\/decoration-vitrine-peinte-a-la-main-2\/#primaryimage","inLanguage":"fr-FR","url":"http:\/\/nyanpereira.fr\/dessinateur\/wp-content\/uploads\/2017\/03\/rough.croquis.peinture.vitrines.printemps.decoration.irlandaisest.patrick.event_.2-300x212.png","contentUrl":"http:\/\/nyanpereira.fr\/dessinateur\/wp-content\/uploads\/2017\/03\/rough.croquis.peinture.vitrines.printemps.decoration.irlandaisest.patrick.event_.2-300x212.png"},{"@type":"WebPage","@id":"https:\/\/nyanpereira.fr\/dessinateur\/decoration-vitrine-peinte-a-la-main-2\/#webpage","url":"https:\/\/nyanpereira.fr\/dessinateur\/decoration-vitrine-peinte-a-la-main-2\/","name":"Peinture sur Vitrine Pr\u00e9sentation - Service Cr\u00e9atif &amp; Pr\u00e9sentation Artistique","isPartOf":{"@id":"https:\/\/nyanpereira.fr\/dessinateur\/#website"},"primaryImageOfPage":{"@id":"https:\/\/nyanpereira.fr\/dessinateur\/decoration-vitrine-peinte-a-la-main-2\/#primaryimage"},"datePublished":"2013-11-06T13:54:21+00:00","dateModified":"2020-01-31T14:59:12+00:00","breadcrumb":{"@id":"https:\/\/nyanpereira.fr\/dessinateur\/decoration-vitrine-peinte-a-la-main-2\/#breadcrumb"},"inLanguage":"fr-FR","potentialAction":[{"@type":"ReadAction","target":["https:\/\/nyanpereira.fr\/dessinateur\/decoration-vitrine-peinte-a-la-main-2\/"]}]},{"@type":"BreadcrumbList","@id":"https:\/\/nyanpereira.fr\/dessinateur\/decoration-vitrine-peinte-a-la-main-2\/#breadcrumb","itemListElement":[{"@type":"ListItem","position":1,"name":"Accueil","item":"https:\/\/nyanpereira.fr\/dessinateur\/"},{"@type":"ListItem","position":2,"name":"Peinture sur Vitrine Pr\u00e9sentation"}]},{"@type":"Article","@id":"https:\/\/nyanpereira.fr\/dessinateur\/decoration-vitrine-peinte-a-la-main-2\/#article","isPartOf":{"@id":"https:\/\/nyanpereira.fr\/dessinateur\/decoration-vitrine-peinte-a-la-main-2\/#webpage"},"author":{"@id":"https:\/\/nyanpereira.fr\/dessinateur\/#\/schema\/person\/d771f144e8b1bdf8b790b02ba31f71d2"},"headline":"Peinture sur Vitrine Pr\u00e9sentation","datePublished":"2013-11-06T13:54:21+00:00","dateModified":"2020-01-31T14:59:12+00:00","mainEntityOfPage":{"@id":"https:\/\/nyanpereira.fr\/dessinateur\/decoration-vitrine-peinte-a-la-main-2\/#webpage"},"wordCount":176,"publisher":{"@id":"https:\/\/nyanpereira.fr\/dessinateur\/#organization"},"image":{"@id":"https:\/\/nyanpereira.fr\/dessinateur\/decoration-vitrine-peinte-a-la-main-2\/#primaryimage"},"thumbnailUrl":"http:\/\/nyanpereira.fr\/dessinateur\/wp-content\/uploads\/2017\/03\/rough.croquis.peinture.vitrines.printemps.decoration.irlandaisest.patrick.event_.2-300x212.png","keywords":["#vitrinenoelpeinture","D\u00e9coration vitrine","d\u00e9coration vitrine saisonni\u00e8re originale","Peintre \/ D\u00e9coration Vitrines magasin-Var(83)","Peintre Artistique PACA \/ Vitrine &amp; Magasin","Peinture sur vitrine magasin-VAR-83","Vitrines Magasins originales"],"articleSection":["Peinture sur Vitrine Magasin"],"inLanguage":"fr-FR"},{"@type":"Person","@id":"https:\/\/nyanpereira.fr\/dessinateur\/#\/schema\/person\/d771f144e8b1bdf8b790b02ba31f71d2","name":"dessinateur","image":{"@type":"ImageObject","@id":"https:\/\/nyanpereira.fr\/dessinateur\/#personlogo","inLanguage":"fr-FR","url":"https:\/\/secure.gravatar.com\/avatar\/acd3615833cd4e0b23d9f45973008c34?s=96&d=mm&r=g","contentUrl":"https:\/\/secure.gravatar.com\/avatar\/acd3615833cd4e0b23d9f45973008c34?s=96&d=mm&r=g","caption":"dessinateur"},"url":"https:\/\/nyanpereira.fr\/dessinateur\/author\/dessinateur\/"}]}},"_links":{"self":[{"href":"https:\/\/nyanpereira.fr\/dessinateur\/wp-json\/wp\/v2\/posts\/1718"}],"collection":[{"href":"https:\/\/nyanpereira.fr\/dessinateur\/wp-json\/wp\/v2\/posts"}],"about":[{"href":"https:\/\/nyanpereira.fr\/dessinateur\/wp-json\/wp\/v2\/types\/post"}],"author":[{"embeddable":true,"href":"https:\/\/nyanpereira.fr\/dessinateur\/wp-json\/wp\/v2\/users\/1"}],"replies":[{"embeddable":true,"href":"https:\/\/nyanpereira.fr\/dessinateur\/wp-json\/wp\/v2\/comments?post=1718"}],"version-history":[{"count":93,"href":"https:\/\/nyanpereira.fr\/dessinateur\/wp-json\/wp\/v2\/posts\/1718\/revisions"}],"predecessor-version":[{"id":5697,"href":"https:\/\/nyanpereira.fr\/dessinateur\/wp-json\/wp\/v2\/posts\/1718\/revisions\/5697"}],"wp:attachment":[{"href":"https:\/\/nyanpereira.fr\/dessinateur\/wp-json\/wp\/v2\/media?parent=1718"}],"wp:term":[{"taxonomy":"category","embeddable":true,"href":"https:\/\/nyanpereira.fr\/dessinateur\/wp-json\/wp\/v2\/categories?post=1718"},{"taxonomy":"post_tag","embeddable":true,"href":"https:\/\/nyanpereira.fr\/dessinateur\/wp-json\/wp\/v2\/tags?post=1718"}],"curies":[{"name":"wp","href":"https:\/\/api.w.org\/{rel}","templated":true}]}}