{"id":1695,"date":"2013-10-28T09:09:45","date_gmt":"2013-10-28T08:09:45","guid":{"rendered":"http:\/\/nyanpereira.fr\/dessinateur\/?p=1695"},"modified":"2020-01-31T15:59:25","modified_gmt":"2020-01-31T14:59:25","slug":"lart-video-stop-motion","status":"publish","type":"post","link":"https:\/\/nyanpereira.fr\/dessinateur\/lart-video-stop-motion\/","title":{"rendered":"l&rsquo;Art Vid\u00e9o"},"content":{"rendered":"<p>L&rsquo;art vid\u00e9o \/ Une animation en <a href=\"http:\/\/en.wikipedia.org\/wiki\/Stop_motion\" target=\"_blank\">Stop motion<\/a> des diff\u00e9rentes \u00e9tapes de dessin d&rsquo;un tableau.<br \/>\nIllustration de l&rsquo;une des sculptures de lion de <strong>La RONTONDE<\/strong> \u00e0 Aix-en-Provence.<br \/>\nTableau \u00a0de 150x120mm au crayon \u00e0 papier.\u00a0\u00a0Disponible pour exposition<\/p>\n<p><strong>Musique :<\/strong> DUPUIS Julien<br \/>\n<strong>Motion &amp; Oeuvre :<\/strong> <a href=\"http:\/\/nyanpereira.fr\/dessinateur\/\" target=\"_blank\">PEREIRA Yann<\/a><\/p>\n<p><a href=\"http:\/\/nyanpereira.fr\/dessinateur\/wp-content\/uploads\/2013\/12\/La-Rotonde.png\"><img loading=\"lazy\" class=\"alignleft size-full wp-image-1843\" alt=\"La Rotonde\" src=\"http:\/\/nyanpereira.fr\/dessinateur\/wp-content\/uploads\/2013\/12\/La-Rotonde.png\" width=\"1270\" height=\"712\" \/><\/a><\/p>\n<h4><\/h4>\n<div><\/div>\n","protected":false},"excerpt":{"rendered":"","protected":false},"author":1,"featured_media":0,"comment_status":"closed","ping_status":"closed","sticky":false,"template":"","format":"video","meta":[],"categories":[57],"tags":[140,93,99,104,147],"yoast_head":"<!-- This site is optimized with the Yoast SEO plugin v17.9 - https:\/\/yoast.com\/wordpress\/plugins\/seo\/ -->\n<title>l&#039;Art Vid\u00e9o - Service Cr\u00e9atif &amp; Pr\u00e9sentation Artistique<\/title>\n<meta name=\"robots\" content=\"index, follow, max-snippet:-1, max-image-preview:large, max-video-preview:-1\" \/>\n<link rel=\"canonical\" href=\"https:\/\/nyanpereira.fr\/dessinateur\/lart-video-stop-motion\/\" \/>\n<meta property=\"og:locale\" content=\"fr_FR\" \/>\n<meta property=\"og:type\" content=\"article\" \/>\n<meta property=\"og:title\" content=\"l&#039;Art Vid\u00e9o - Service Cr\u00e9atif &amp; Pr\u00e9sentation Artistique\" \/>\n<meta property=\"og:url\" content=\"https:\/\/nyanpereira.fr\/dessinateur\/lart-video-stop-motion\/\" \/>\n<meta property=\"og:site_name\" content=\"Service Cr\u00e9atif &amp; Pr\u00e9sentation Artistique\" \/>\n<meta property=\"article:published_time\" content=\"2013-10-28T08:09:45+00:00\" \/>\n<meta property=\"article:modified_time\" content=\"2020-01-31T14:59:25+00:00\" \/>\n<meta property=\"og:image\" content=\"http:\/\/nyanpereira.fr\/dessinateur\/wp-content\/uploads\/2013\/12\/La-Rotonde.png\" \/>\n<meta name=\"twitter:card\" content=\"summary_large_image\" \/>\n<meta name=\"twitter:label1\" content=\"\u00c9crit par\" \/>\n\t<meta name=\"twitter:data1\" content=\"dessinateur\" \/>\n<script type=\"application\/ld+json\" class=\"yoast-schema-graph\">{\"@context\":\"https:\/\/schema.org\",\"@graph\":[{\"@type\":\"Organization\",\"@id\":\"https:\/\/nyanpereira.fr\/dessinateur\/#organization\",\"name\":\"storyboarder Freelance\",\"url\":\"https:\/\/nyanpereira.fr\/dessinateur\/\",\"sameAs\":[],\"logo\":{\"@type\":\"ImageObject\",\"@id\":\"https:\/\/nyanpereira.fr\/dessinateur\/#logo\",\"inLanguage\":\"fr-FR\",\"url\":\"\",\"contentUrl\":\"\",\"caption\":\"storyboarder Freelance\"},\"image\":{\"@id\":\"https:\/\/nyanpereira.fr\/dessinateur\/#logo\"}},{\"@type\":\"WebSite\",\"@id\":\"https:\/\/nyanpereira.fr\/dessinateur\/#website\",\"url\":\"https:\/\/nyanpereira.fr\/dessinateur\/\",\"name\":\"Service Cr\\u00e9atif &amp; Pr\\u00e9sentation Artistique\",\"description\":\"Roughs, Storyboard, Antimatic &amp; Photomontage\",\"publisher\":{\"@id\":\"https:\/\/nyanpereira.fr\/dessinateur\/#organization\"},\"potentialAction\":[{\"@type\":\"SearchAction\",\"target\":{\"@type\":\"EntryPoint\",\"urlTemplate\":\"https:\/\/nyanpereira.fr\/dessinateur\/?s={search_term_string}\"},\"query-input\":\"required name=search_term_string\"}],\"inLanguage\":\"fr-FR\"},{\"@type\":\"ImageObject\",\"@id\":\"https:\/\/nyanpereira.fr\/dessinateur\/lart-video-stop-motion\/#primaryimage\",\"inLanguage\":\"fr-FR\",\"url\":\"http:\/\/nyanpereira.fr\/dessinateur\/wp-content\/uploads\/2013\/12\/La-Rotonde.png\",\"contentUrl\":\"http:\/\/nyanpereira.fr\/dessinateur\/wp-content\/uploads\/2013\/12\/La-Rotonde.png\"},{\"@type\":\"WebPage\",\"@id\":\"https:\/\/nyanpereira.fr\/dessinateur\/lart-video-stop-motion\/#webpage\",\"url\":\"https:\/\/nyanpereira.fr\/dessinateur\/lart-video-stop-motion\/\",\"name\":\"l'Art Vid\\u00e9o - Service Cr\\u00e9atif &amp; Pr\\u00e9sentation Artistique\",\"isPartOf\":{\"@id\":\"https:\/\/nyanpereira.fr\/dessinateur\/#website\"},\"primaryImageOfPage\":{\"@id\":\"https:\/\/nyanpereira.fr\/dessinateur\/lart-video-stop-motion\/#primaryimage\"},\"datePublished\":\"2013-10-28T08:09:45+00:00\",\"dateModified\":\"2020-01-31T14:59:25+00:00\",\"breadcrumb\":{\"@id\":\"https:\/\/nyanpereira.fr\/dessinateur\/lart-video-stop-motion\/#breadcrumb\"},\"inLanguage\":\"fr-FR\",\"potentialAction\":[{\"@type\":\"ReadAction\",\"target\":[\"https:\/\/nyanpereira.fr\/dessinateur\/lart-video-stop-motion\/\"]}]},{\"@type\":\"BreadcrumbList\",\"@id\":\"https:\/\/nyanpereira.fr\/dessinateur\/lart-video-stop-motion\/#breadcrumb\",\"itemListElement\":[{\"@type\":\"ListItem\",\"position\":1,\"name\":\"Accueil\",\"item\":\"https:\/\/nyanpereira.fr\/dessinateur\/\"},{\"@type\":\"ListItem\",\"position\":2,\"name\":\"l&rsquo;Art Vid\\u00e9o\"}]},{\"@type\":\"Article\",\"@id\":\"https:\/\/nyanpereira.fr\/dessinateur\/lart-video-stop-motion\/#article\",\"isPartOf\":{\"@id\":\"https:\/\/nyanpereira.fr\/dessinateur\/lart-video-stop-motion\/#webpage\"},\"author\":{\"@id\":\"https:\/\/nyanpereira.fr\/dessinateur\/#\/schema\/person\/d771f144e8b1bdf8b790b02ba31f71d2\"},\"headline\":\"l&rsquo;Art Vid\\u00e9o\",\"datePublished\":\"2013-10-28T08:09:45+00:00\",\"dateModified\":\"2020-01-31T14:59:25+00:00\",\"mainEntityOfPage\":{\"@id\":\"https:\/\/nyanpereira.fr\/dessinateur\/lart-video-stop-motion\/#webpage\"},\"wordCount\":48,\"publisher\":{\"@id\":\"https:\/\/nyanpereira.fr\/dessinateur\/#organization\"},\"image\":{\"@id\":\"https:\/\/nyanpereira.fr\/dessinateur\/lart-video-stop-motion\/#primaryimage\"},\"thumbnailUrl\":\"http:\/\/nyanpereira.fr\/dessinateur\/wp-content\/uploads\/2013\/12\/La-Rotonde.png\",\"keywords\":[\"Artistique \/ L'art Video\",\"Motion designer PACA freelance\",\"Roughman - Storyboarder &amp; Storyboarding\",\"Roughman Storyboarder &amp; Animatic PARIS(75)\",\"Story boarder Pub &amp; Cin\\u00e9ma\"],\"articleSection\":[\"Rough N&amp;B \/ Dessin &amp; Croquis\"],\"inLanguage\":\"fr-FR\"},{\"@type\":\"Person\",\"@id\":\"https:\/\/nyanpereira.fr\/dessinateur\/#\/schema\/person\/d771f144e8b1bdf8b790b02ba31f71d2\",\"name\":\"dessinateur\",\"image\":{\"@type\":\"ImageObject\",\"@id\":\"https:\/\/nyanpereira.fr\/dessinateur\/#personlogo\",\"inLanguage\":\"fr-FR\",\"url\":\"https:\/\/secure.gravatar.com\/avatar\/acd3615833cd4e0b23d9f45973008c34?s=96&d=mm&r=g\",\"contentUrl\":\"https:\/\/secure.gravatar.com\/avatar\/acd3615833cd4e0b23d9f45973008c34?s=96&d=mm&r=g\",\"caption\":\"dessinateur\"},\"url\":\"https:\/\/nyanpereira.fr\/dessinateur\/author\/dessinateur\/\"}]}<\/script>\n<!-- \/ Yoast SEO plugin. -->","yoast_head_json":{"title":"l'Art Vid\u00e9o - Service Cr\u00e9atif &amp; Pr\u00e9sentation Artistique","robots":{"index":"index","follow":"follow","max-snippet":"max-snippet:-1","max-image-preview":"max-image-preview:large","max-video-preview":"max-video-preview:-1"},"canonical":"https:\/\/nyanpereira.fr\/dessinateur\/lart-video-stop-motion\/","og_locale":"fr_FR","og_type":"article","og_title":"l'Art Vid\u00e9o - Service Cr\u00e9atif &amp; Pr\u00e9sentation Artistique","og_url":"https:\/\/nyanpereira.fr\/dessinateur\/lart-video-stop-motion\/","og_site_name":"Service Cr\u00e9atif &amp; Pr\u00e9sentation Artistique","article_published_time":"2013-10-28T08:09:45+00:00","article_modified_time":"2020-01-31T14:59:25+00:00","og_image":[{"url":"http:\/\/nyanpereira.fr\/dessinateur\/wp-content\/uploads\/2013\/12\/La-Rotonde.png"}],"twitter_card":"summary_large_image","twitter_misc":{"\u00c9crit par":"dessinateur"},"schema":{"@context":"https:\/\/schema.org","@graph":[{"@type":"Organization","@id":"https:\/\/nyanpereira.fr\/dessinateur\/#organization","name":"storyboarder Freelance","url":"https:\/\/nyanpereira.fr\/dessinateur\/","sameAs":[],"logo":{"@type":"ImageObject","@id":"https:\/\/nyanpereira.fr\/dessinateur\/#logo","inLanguage":"fr-FR","url":"","contentUrl":"","caption":"storyboarder Freelance"},"image":{"@id":"https:\/\/nyanpereira.fr\/dessinateur\/#logo"}},{"@type":"WebSite","@id":"https:\/\/nyanpereira.fr\/dessinateur\/#website","url":"https:\/\/nyanpereira.fr\/dessinateur\/","name":"Service Cr\u00e9atif &amp; Pr\u00e9sentation Artistique","description":"Roughs, Storyboard, Antimatic &amp; Photomontage","publisher":{"@id":"https:\/\/nyanpereira.fr\/dessinateur\/#organization"},"potentialAction":[{"@type":"SearchAction","target":{"@type":"EntryPoint","urlTemplate":"https:\/\/nyanpereira.fr\/dessinateur\/?s={search_term_string}"},"query-input":"required name=search_term_string"}],"inLanguage":"fr-FR"},{"@type":"ImageObject","@id":"https:\/\/nyanpereira.fr\/dessinateur\/lart-video-stop-motion\/#primaryimage","inLanguage":"fr-FR","url":"http:\/\/nyanpereira.fr\/dessinateur\/wp-content\/uploads\/2013\/12\/La-Rotonde.png","contentUrl":"http:\/\/nyanpereira.fr\/dessinateur\/wp-content\/uploads\/2013\/12\/La-Rotonde.png"},{"@type":"WebPage","@id":"https:\/\/nyanpereira.fr\/dessinateur\/lart-video-stop-motion\/#webpage","url":"https:\/\/nyanpereira.fr\/dessinateur\/lart-video-stop-motion\/","name":"l'Art Vid\u00e9o - Service Cr\u00e9atif &amp; Pr\u00e9sentation Artistique","isPartOf":{"@id":"https:\/\/nyanpereira.fr\/dessinateur\/#website"},"primaryImageOfPage":{"@id":"https:\/\/nyanpereira.fr\/dessinateur\/lart-video-stop-motion\/#primaryimage"},"datePublished":"2013-10-28T08:09:45+00:00","dateModified":"2020-01-31T14:59:25+00:00","breadcrumb":{"@id":"https:\/\/nyanpereira.fr\/dessinateur\/lart-video-stop-motion\/#breadcrumb"},"inLanguage":"fr-FR","potentialAction":[{"@type":"ReadAction","target":["https:\/\/nyanpereira.fr\/dessinateur\/lart-video-stop-motion\/"]}]},{"@type":"BreadcrumbList","@id":"https:\/\/nyanpereira.fr\/dessinateur\/lart-video-stop-motion\/#breadcrumb","itemListElement":[{"@type":"ListItem","position":1,"name":"Accueil","item":"https:\/\/nyanpereira.fr\/dessinateur\/"},{"@type":"ListItem","position":2,"name":"l&rsquo;Art Vid\u00e9o"}]},{"@type":"Article","@id":"https:\/\/nyanpereira.fr\/dessinateur\/lart-video-stop-motion\/#article","isPartOf":{"@id":"https:\/\/nyanpereira.fr\/dessinateur\/lart-video-stop-motion\/#webpage"},"author":{"@id":"https:\/\/nyanpereira.fr\/dessinateur\/#\/schema\/person\/d771f144e8b1bdf8b790b02ba31f71d2"},"headline":"l&rsquo;Art Vid\u00e9o","datePublished":"2013-10-28T08:09:45+00:00","dateModified":"2020-01-31T14:59:25+00:00","mainEntityOfPage":{"@id":"https:\/\/nyanpereira.fr\/dessinateur\/lart-video-stop-motion\/#webpage"},"wordCount":48,"publisher":{"@id":"https:\/\/nyanpereira.fr\/dessinateur\/#organization"},"image":{"@id":"https:\/\/nyanpereira.fr\/dessinateur\/lart-video-stop-motion\/#primaryimage"},"thumbnailUrl":"http:\/\/nyanpereira.fr\/dessinateur\/wp-content\/uploads\/2013\/12\/La-Rotonde.png","keywords":["Artistique \/ L'art Video","Motion designer PACA freelance","Roughman - Storyboarder &amp; Storyboarding","Roughman Storyboarder &amp; Animatic PARIS(75)","Story boarder Pub &amp; Cin\u00e9ma"],"articleSection":["Rough N&amp;B \/ Dessin &amp; Croquis"],"inLanguage":"fr-FR"},{"@type":"Person","@id":"https:\/\/nyanpereira.fr\/dessinateur\/#\/schema\/person\/d771f144e8b1bdf8b790b02ba31f71d2","name":"dessinateur","image":{"@type":"ImageObject","@id":"https:\/\/nyanpereira.fr\/dessinateur\/#personlogo","inLanguage":"fr-FR","url":"https:\/\/secure.gravatar.com\/avatar\/acd3615833cd4e0b23d9f45973008c34?s=96&d=mm&r=g","contentUrl":"https:\/\/secure.gravatar.com\/avatar\/acd3615833cd4e0b23d9f45973008c34?s=96&d=mm&r=g","caption":"dessinateur"},"url":"https:\/\/nyanpereira.fr\/dessinateur\/author\/dessinateur\/"}]}},"_links":{"self":[{"href":"https:\/\/nyanpereira.fr\/dessinateur\/wp-json\/wp\/v2\/posts\/1695"}],"collection":[{"href":"https:\/\/nyanpereira.fr\/dessinateur\/wp-json\/wp\/v2\/posts"}],"about":[{"href":"https:\/\/nyanpereira.fr\/dessinateur\/wp-json\/wp\/v2\/types\/post"}],"author":[{"embeddable":true,"href":"https:\/\/nyanpereira.fr\/dessinateur\/wp-json\/wp\/v2\/users\/1"}],"replies":[{"embeddable":true,"href":"https:\/\/nyanpereira.fr\/dessinateur\/wp-json\/wp\/v2\/comments?post=1695"}],"version-history":[{"count":42,"href":"https:\/\/nyanpereira.fr\/dessinateur\/wp-json\/wp\/v2\/posts\/1695\/revisions"}],"predecessor-version":[{"id":5698,"href":"https:\/\/nyanpereira.fr\/dessinateur\/wp-json\/wp\/v2\/posts\/1695\/revisions\/5698"}],"wp:attachment":[{"href":"https:\/\/nyanpereira.fr\/dessinateur\/wp-json\/wp\/v2\/media?parent=1695"}],"wp:term":[{"taxonomy":"category","embeddable":true,"href":"https:\/\/nyanpereira.fr\/dessinateur\/wp-json\/wp\/v2\/categories?post=1695"},{"taxonomy":"post_tag","embeddable":true,"href":"https:\/\/nyanpereira.fr\/dessinateur\/wp-json\/wp\/v2\/tags?post=1695"}],"curies":[{"name":"wp","href":"https:\/\/api.w.org\/{rel}","templated":true}]}}